{"id":1355,"date":"2019-03-03T10:21:37","date_gmt":"2019-03-03T10:21:37","guid":{"rendered":"https:\/\/senzor.ba\/?p=1355"},"modified":"2024-01-15T21:49:46","modified_gmt":"2024-01-15T20:49:46","slug":"nece-ona-nide-uspjesne-price-mladih-koji-su-odlucili-ostati-u-bih","status":"publish","type":"post","link":"https:\/\/tvsensor.com\/clanak\/nece-ona-nide-uspjesne-price-mladih-koji-su-odlucili-ostati-u-bih\/","title":{"rendered":"Ne\u0107e on(a) ni\u0111e: Uspje\u0161ne pri\u010de mladih koji su odlu\u010dili ostati u BiH"},"content":{"rendered":"\n<p> U vremenu kada sve ve\u0107i broj mladih iz BiH  tra\u017ee\u00a0priliku\u00a0za \u017eivot i posao u inostranstvu, raduju nas\u00a0pri\u010de onih  koji su odabrali da svoj \u017eivot grade tu gdje su ro\u0111eni i da svoj li\u010dni  uspjeh nesebi\u010dno dijele sa zajednicom u kojoj \u017eive.<br><br> U \u010detvrtak, 21.2.2019. god., u Mostaru je\u00a0odr\u017ean doga\u0111aj pod nazivom\u00a0Ne\u0107e on(a) ni\u0111e &#8211;\u00a0Uspje\u0161ne pri\u010de mladih koji grade BiH.<br> \u010cetvoro mladih i uspje\u0161nih preduzetnika iz Mostara,\u00a0Nevena Pand\u017ea, Senad  \u0160anti\u0107, Sanjin Omerovi\u0107 i Maja Miljevi\u0107,\u00a0pred oko 100 prisutnih  posjetilaca,\u00a0ispri\u010dali su svoje\u00a0inspirativne \u017eivotne\u00a0pri\u010de\u00a0&#8211; kako su  do\u0161li do toga gdje su sad, koje su im prepreke bile na tom putu, za\u0161to  planiraju ostati u BiH, te \u0161ta\u00a0\u017eele poru\u010diti mladima koji razmi\u0161ljaju o  odlasku.<br><br> Doga\u0111aj je odr\u017ean u prostorijama SPARK-a, a organizovao ga je ogranak  Mladi sindikata trgovine i uslu\u017enih djelatnosti, koji za\u00a0cilj ima  pru\u017eiti priliku mladima za dodatnu neformalnu edukaciju, motivisati  mlade da ostanu u BiH, upoznati ih sa njihovim pravima na budu\u0107em radnom  mjestu i sli\u010dno.<br><br> Nevena Pand\u017ea\u00a0ima 28 godina.\u00a0Po struci je magistrica nutricionizma.  Nakon studija Nutricionizma na Prehrambeno-biotehnolo\u0161kom fakultetu u  Zagrebu, Nevena se 2015. godine vratila u Mostar, sa \u017eeljom da ne\u0161to  novo kao \u0161to je nauka o prehrani pro\u0161iri u svojoj zajednici, ali i u  cijeloj Bosni i Hercegovini.<br><br> Tokom tri godine, pro\u0161la je mnogobrojne besplatne programe poduzetni\u0161tva  i startup akademije, pokrenula platformu na Facebook-u i  Instagramu\u00a0&#8220;Nutricioniziraj se&#8221;, ostvarila saradnju sa drugim mladim  ljudima, poliklinikama, fitnes centrima i raznim udru\u017eenjima. Sa  diplomiranom psihologinjom, Vedinom Ajanovi\u0107, osniva udru\u017eenje Centar  zdravih navika, u kojem\u00a0pru\u017eaju multidisciplinarne grupne i individualne  edukacije, te nutricionisti\u010dka i psiholo\u0161ka savjetovanja. Odnedavno  radi kao nutricionista u sklopu Slu\u017ebe za prehranu bolesnika unutar  Sveu\u010dili\u0161ne klini\u010dke bolnice Mostar, gdje svakodnevno  pru\u017ea\u00a0nutricionisti\u010dka savjetovanja hospitaliziranih i ambulantnih  pacijenata.<br><br> Na pitanje za\u0161to je odlu\u010dila da ostane u BiH, Nevena ka\u017ee:<br> &#8211; Ja u Zagreb nisam oti\u0161la da ostanem, nego da se vratim s novim  znanjima i vje\u0161tinama potrebnim ovoj dr\u017eavi. Umjesto poslovne prilike u  Zagrebu, odlu\u010dila sam se za &#8220;borbu s vjetrenja\u010dama&#8221; i poku\u0161aj u gradu u  kojem me nije \u010dekao siguran posao, niti natje\u010daj na koji bih se  prijavila. Najve\u0107a motivacija bila mi je \u017eelja za promjenom trenutne  situacije neuravnote\u017eenih prehrambenih navika, te nepovoljan utjecaj  istih na zdravlje djece i mladih kao i sve \u010de\u0161\u0107u pojavu kroni\u010dnih  nezaraznih bolesti odrasle populacije.<br><br> Cilj joj je, ka\u017ee, da na jednostavan, stru\u010dan i prakti\u010dan na\u010din  osvijesti ljudima kako je bit uravnote\u017eene prehrane u vra\u0107anju  tradicionalnim bakinim kuhinjama, s obiljem lokalnih, sezonskih i  svje\u017eih namirnica, a da pri tome ne zaboravimo na preferencije i  u\u017eivanje u hrani.<br><br> Argumenti za ostanak u BiH uvijek su li\u010dne prirode, ka\u017ee Nevena.<br><br> &#8211; Trebamo razumjeti i one \u0161to ostaju i druge koji odlaze za novom  prilikom, dodatnim obrazovanjem ili bolje pla\u0107enim poslom. Ipak, voljela  bih da bar ve\u0107ina od njih ide sa \u017eeljom da se vrati. Borimo se i u  jednom i u drugom slu\u010daju, ka\u017ee Nevena za <a href=\"http:\/\/www.6yka.com\/novosti\/ne-idemo-nikud-uspjesne-price-mladih-koji-i-dalje-vjeruju-da-im-je-kod-kuce-najljepse\" target=\"_blank\" rel=\"noopener\"><strong>Buku<\/strong><\/a>.<br><br> Njeni razlozi za ostanak su\u00a0prije svega porodica i prijatelji, koji joj  pru\u017eaju veliku podr\u0161ku, te klima i hrana na\u0161eg podneblja, koji joj u  potpunosti odgovaraju.<br><br> I dalje\u00a0izvan BiH odlazi\u00a0na dodatne edukacije, kongrese i simpozije, ali zna\u00a0&#8220;gdje i kome se vra\u0107a&#8221;, ka\u017ee ona.<br><br> &#8211; U Mostaru \u017eivim pravi mediteranski na\u010din \u017eivota, svakodnevno u\u017eivam u  svom poslu, ali i u dugim dru\u017eenjima uz kavu ili ve\u010deru sa inspirativnim  ljudima oko sebe, a to je u mnogim drugim zemljama veliki luksuz, ka\u017ee  Nevena.<br><br> Sanjin Omerovi\u0107 je student zavr\u0161ne godine Fakulteta informacijskih  tehnologija u Mostaru.\u00a0Nakon vi\u0161e neuspjelih poku\u0161aja pokretanja  vlastitog biznisa, osnovao je startup&#8221;Digiqal&#8221;,\u00a0koji je vrlo brzo  izrastao u kompaniju koja zapo\u0161ljava 15 mladih ljudi iz cijele BiH,  nastanjenih u Mostaru.<br><br> &#8211; Od prvog dana i prvog uspje\u0161nog projekta, \u017eeljeli smo biti dru\u0161tveno  odgovorna kompanija. Kroz brojne edukacije i takmi\u010denja, upoznao je  mnogo ambicioznih ljudi koje \u017eele napraviti ne\u0161to novo na bh. tr\u017ei\u0161tu,  pa odatle ta &#8216;luda&#8217; ideja da ostanem u svojoj dr\u017eavi i pokrenem vlastiti  biznis, iako je isti mnogo vi\u0161e cijenjen na evropskom i svjetskom  tr\u017ei\u0161tu. Okru\u017eenje i poznanstva sa tim profilom ljudi, nesebi\u010dna ljubav  prema domovini i Mostaru, bili su presudni faktori da razvoj vlastitog  biznisa zapo\u010dnem u svojoj domovini, pri\u010da Sanjin.<br><br> Ve\u0107 u prvih \u0161est mjeseci poslovanja, &#8220;Digiqal&#8221; je anga\u017eovao vi\u0161e od 15 mladih osoba.<br> {related}{\/related}<br> &#8211; Na to smo najvi\u0161e ponosni. Nadamo se da \u0107e taj broj rasti iz dana u  dan, kako bi \u0161to vi\u0161e mladih mozgova zadr\u017eali da se ne odlu\u010de oti\u0107i  preko granice, gdje apsolutno ni\u0161ta nije isto kao ono u \u010demu smo svi  navikli u\u017eivati, ka\u017ee Sanjin.<br><br> Cilj njegove kompanije je da\u00a0razvije\u00a0poslovne kontakte \u0161irom svijeta,  kako bi mladima omogu\u0107ili\u00a0da &#8220;iz svog grada\/dr\u017eave zara\u0111uju po svjetskim  standardima&#8221;.<br><br> &#8211; To je definitivno glavni argument kojim \u0107emo se koristiti u  budu\u0107nosti, kako bismo stali ukraj dru\u0161tvenom trendu odlaska mladih iz  zemlje, ka\u017ee on.<br><br> Ako uspiju u svojim planovima, ka\u017ee Sanjin, vjeruju da \u0107e time  doprinijeti boljoj ekonomskoj\u00a0situaciji\u00a0u Mostaru, a jednog dana i u  cijeloj dr\u017eavi.<br><br> &#8211; Tako\u0111er smo mi\u0161ljenja da vi\u0161e udru\u017eenih kompanija koje imaju velike  nov\u010dane prilive mogu diktitirati \u010dak i politiku u jednom gradu, kantonu,  entitetu i dr\u017eavi. Iako je na\u0161 politi\u010dki sistem vidno kompleksan,  definitivno stojimo iza tog razmi\u0161ljanja i nadamo se \u0161to ve\u0107em broju  dru\u0161tveno odgovornih kompanija, mi\u0161ljenja je Sanjin.<br><br> Maja Miljevi\u0107 ima 29 godina. Stru\u010dno znanje stekla je u oblasti  ekonomije, sa u\u017eom specijalizacijom u\u00a0marketingu. Njen aktivni rad u  zajednici po\u010dinje u nevladinom sektoru, radom u omladinskoj organizaciji  &#8220;OKC &#8211; Omladinski komunikativni centar&#8221;. Sa\u00a0 24 godine\u00a0pokre\u0107e svoj  startup pod nazivom\u00a0\u201cZdrava Logika\u201d, koji i danas djeluje na tr\u017ei\u0161tu  BiH.<br><br> &#8211; Zdrava Logika kao glavnu misiju i viziju ima razvoj organske i  ekolo\u0161ke poljoprivrede unutar BiH i kroz svoj \u010detvorogodi\u0161nji rad je  stvorila mre\u017eu od 63 proizvo\u0111a\u010da i asortiman od preko 100 proizvoda koji  su proizvedeni unutar Bosne i Hercegovine i \u0161to negdje prati cijeli  \u010detvorogodi\u0161nji rad. Ovdje bih naglasila da je tim koji je stvarao  Zdravu Logiku i koji danas djeluje\u00a0\u010dak i mla\u0111i od mene, te je to jedna  od najve\u0107ih vrijednosti koju Zdrava Logika nosi. Danas je\u00a0Zdrava Logika i  firma i Udru\u017eenje gra\u0111ana, te kroz oba kanala edukuje i gradi tr\u017ei\u0161te,  organske proizvo\u0111a\u0107e i vr\u0161i prodaju proizvoda, pri\u010da Maja za Buku.<br><br> Pored razvoja startup-a, Maja je proteklih godina aktivno radila u IT  zajednici BiH, te je danas i direktor SPARK Business park-a u Mostaru.<br><br> &#8211; Cijeli moj rad se fokusira na rad sa mladim ljudima, razvoj zajednice,  te stvaranje boljih prilika za mlade unutar Bosne i Hercegovine. SPARK  mi je dao priliku da svoja znanja mogu direktno implementirati i na  teren, te sam dobila odgovornost da kreiramo kvalitetan sadr\u017eaj,  priliku\u00a0\u00a0i aktivnosti za mlade unutar Bosne i Hercegovini, kako bismo ih  motivisali da ostanu, ukoliko je to njihov izbor, ka\u017ee nam Maja.<br><br> &#8211; Vrijednost svakog \u010dovjeka koju dobijamo ro\u0111enjem jeste kultura, jezik,  ognji\u0161te, porodica i zajednica koju ne biramo. Svojim postojanjem smo  tu gdje jesmo. Cijeli \u017eivot sam aktivna i razvijam se u ovoj zajednici,  te uz po\u0161tovanje svim drugim zajednicama, biram zbog navedenog da  ostajem tu gdje jesam, sve dok moj kvalitet \u017eivota mo\u017ee biti  zadovoljavaju\u0107i po mom sistemu vrijednosti, a trenutno to posti\u017eem.  Drugi razlog zbog kojeg biram biti u Bosni i Hercegovini jeste taj \u0161to  vidim da sa svojim znanjem i radom mogu da pravim vidljive promjene  nabolje u na\u0161em dru\u0161tvu, te sam okru\u017eena mladim i pametnim ljudima koji  me svaki dan inspiri\u0161u za isto, obja\u0161njava Maja svoje razloge za ostanak  u BiH.<br><br> Dodaje da koristi\u00a0priliku da putuje\u00a0i da skuplja\u00a0iskustva i znanja iz  drugih zemalja, te da upoznaje\u00a0ljude koji su vezani za sli\u010dne teme  kojima se i sama bavi.<br><br> &#8211;\u00a0Na taj na\u010din poma\u017eem\u00a0i sebi i ljudima oko sebe u Bosni i Hercegovini  da dobijemo\u00a0informacije i podr\u0161ku koja svima\u00a0mo\u017ee pomo\u0107i da dovoljno  kvalitetno radimo svoj posao i u Bosni i Hercegovini, kao \u0161to bismo to  radili u bilo kojoj drugoj dr\u017eavi u Evropi ili \u0161ire.<br><br> Sa druge strane, ka\u017ee Maja, migracije iz zemalja su normalne i to je li\u010dni\u00a0izbor\u00a0svake osobe.\u00a0<br><br> &#8211; Bitno je da, gdje god odemo, budemo ispunjeni. Ja za sebe sigurno znam  da bez svega \u0161to sam navela, a \u0161to sam dobila po ro\u0111enju u BiH, ne bih  mogla biti potpuna osoba, ka\u017ee Maja.<br><br> &#8211; Istorijski mislim da \u017eivimo u najboljem dobu koje nas je moglo  zadesiti. Svako od nas je slobodan da sam mo\u017ee da bira \u0161ta i ko \u017eeli  biti u \u017eivotu, tr\u017ei\u0161te i ekonomija na svjetskoj sceni su otvoreni za nas  u skoro cijelom svijetu. u Bosni i Hercegovini imamo pregr\u0161t resursa  koji stoje\u00a0neiskori\u0161teni, poput zemlje, mladih i pametnih ljudi i  drugog, te smatram da je to sve dovoljno argumenata za ostanak u BiH.  Uvela bih samo malo bolju organizaciju, starte\u0161ke ciljeve i motivaciju u  BiH, kao \u0161to to radim u mikro sistemima u kojima djelujem, a to su  Zdrava Logika i SPARK.<br><br> Po\u0161to je imala priliku da putuje\u00a0i upoznaje\u00a0druge narode, sisteme i  dr\u017eave, Maja ka\u017ee da svaka dr\u017eava ima neke\u00a0svoje\u00a0probleme, ali da je\u00a0za  nju neprihvatljivo to \u0161to se u Bosni i Hercegovini ne po\u0161tuju  pojedinci\u00a0i mlade osobe koji\u00a0svojim znanjem i po\u0161tenim radom \u017eele da  osiguraju\u00a0sebi i porodici kvalitetan \u017eivot unutar BiH.<br><br> &#8211; Smatram negdje i li\u010dnom odgovorno\u0161\u0107u da to ispravim i ukazujem na tu  problematiku, jer nam je to trenutno najja\u010di argument i resurs koji  imamo i moramo da ga po\u0161tujemo, ka\u017ee Maja.<br> {related}{\/related}<br> Nevena, Senad, Sanjin i Maja\u00a0svojim li\u010dnim primjerima\u00a0pokazali su\u00a0da se  trudom, radom, stalnim\u00a0u\u010denjem i unapre\u0111ivanjem svog znanja, te  povezivanjem sa drugim kolegama, mo\u017ee\u00a0osigurati dovoljno kvalitetan  \u017eivot i u na\u0161oj zemlji, i to ne samo za sebe, ve\u0107 i za svoju zajednicu i  \u0161ire. <\/p>\n\n\n\n<p>Moja BiH <\/p>\n","protected":false},"excerpt":{"rendered":"<p>U vremenu kada sve ve\u0107i broj mladih iz BiH tra\u017ee\u00a0priliku\u00a0za \u017eivot i posao u inostranstvu, raduju nas\u00a0pri\u010de onih koji su odabrali da svoj \u017eivot grade tu gdje su ro\u0111eni i da svoj li\u010dni uspjeh nesebi\u010dno dijele sa zajednicom u kojoj \u017eive. U \u010detvrtak, 21.2.2019. god., u Mostaru je\u00a0odr\u017ean doga\u0111aj pod nazivom\u00a0Ne\u0107e on(a) ni\u0111e &#8211;\u00a0Uspje\u0161ne pri\u010de [&hellip;]<\/p>\n","protected":false},"author":59,"featured_media":1356,"comment_status":"open","ping_status":"closed","sticky":false,"template":"","format":"standard","meta":{"inline_featured_image":false,"footnotes":""},"categories":[67,65],"tags":[],"class_list":{"0":"post-1355","1":"post","2":"type-post","3":"status-publish","4":"format-standard","5":"has-post-thumbnail","7":"category-blog","8":"category-vise"},"acf":[],"_links":{"self":[{"href":"https:\/\/tvsensor.com\/api\/wp\/v2\/posts\/1355","targetHints":{"allow":["GET"]}}],"collection":[{"href":"https:\/\/tvsensor.com\/api\/wp\/v2\/posts"}],"about":[{"href":"https:\/\/tvsensor.com\/api\/wp\/v2\/types\/post"}],"author":[{"embeddable":true,"href":"https:\/\/tvsensor.com\/api\/wp\/v2\/users\/59"}],"replies":[{"embeddable":true,"href":"https:\/\/tvsensor.com\/api\/wp\/v2\/comments?post=1355"}],"version-history":[{"count":2,"href":"https:\/\/tvsensor.com\/api\/wp\/v2\/posts\/1355\/revisions"}],"predecessor-version":[{"id":35729,"href":"https:\/\/tvsensor.com\/api\/wp\/v2\/posts\/1355\/revisions\/35729"}],"wp:featuredmedia":[{"embeddable":true,"href":"https:\/\/tvsensor.com\/api\/wp\/v2\/media\/1356"}],"wp:attachment":[{"href":"https:\/\/tvsensor.com\/api\/wp\/v2\/media?parent=1355"}],"wp:term":[{"taxonomy":"category","embeddable":true,"href":"https:\/\/tvsensor.com\/api\/wp\/v2\/categories?post=1355"},{"taxonomy":"post_tag","embeddable":true,"href":"https:\/\/tvsensor.com\/api\/wp\/v2\/tags?post=1355"}],"curies":[{"name":"wp","href":"https:\/\/api.w.org\/{rel}","templated":true}]}}