{"id":1349,"date":"2019-03-02T19:39:16","date_gmt":"2019-03-02T19:39:16","guid":{"rendered":"https:\/\/senzor.ba\/?p=1349"},"modified":"2024-01-15T21:49:46","modified_gmt":"2024-01-15T20:49:46","slug":"obiljezen-dan-nezavisnosti-bih-u-norveskoj","status":"publish","type":"post","link":"https:\/\/tvsensor.com\/clanak\/obiljezen-dan-nezavisnosti-bih-u-norveskoj\/","title":{"rendered":"Obilje\u017een Dan nezavisnosti BiH u Norve\u0161koj"},"content":{"rendered":"\n<p>Savez udru\u017eenja gra\u0111ana Bosne i Hercegovine u Norve\u0161koj, koje \npredvodi Miralem Be\u0107irovi\u0107, organizirao je u Oslu obilje\u017eavanje Dana \nnezavisnosti BiH.<\/p>\n\n\n\n<p>Sve\u010danosti na kojoj je izveden prigodan kulturno-umjetni\u010dki program \nprisustvovao je i ambasador BiH u Norve\u0161koj Nedim Makarevi\u0107. On je u \nsvom obra\u0107anju prisutnima ukazao na zna\u010daj ovog praznika za BiH.<\/p>\n\n\n\n<p>Uz recitacije koje su izvodila djeca iz bosanske \u0161kole \u201cJabuka\u201d, \nnastupa \u010dlanova Instituta sevdaha prisutni su mogli u\u017eivati i u \nfolklornim izvedbama.<\/p>\n\n\n\n<p>Specijalni gost manifestacije bio je general Sulejman Vranj koji je odr\u017eao kratko predavanje o va\u017enosti Dana nezavisnosti BiH.<\/p>\n","protected":false},"excerpt":{"rendered":"<p>Savez udru\u017eenja gra\u0111ana Bosne i Hercegovine u Norve\u0161koj, koje predvodi Miralem Be\u0107irovi\u0107, organizirao je u Oslu obilje\u017eavanje Dana nezavisnosti BiH. Sve\u010danosti na kojoj je izveden prigodan kulturno-umjetni\u010dki program prisustvovao je i ambasador BiH u Norve\u0161koj Nedim Makarevi\u0107. On je u svom obra\u0107anju prisutnima ukazao na zna\u010daj ovog praznika za BiH. Uz recitacije koje su izvodila [&hellip;]<\/p>\n","protected":false},"author":59,"featured_media":1350,"comment_status":"open","ping_status":"closed","sticky":false,"template":"","format":"standard","meta":{"inline_featured_image":false,"footnotes":""},"categories":[39,37],"tags":[],"class_list":{"0":"post-1349","1":"post","2":"type-post","3":"status-publish","4":"format-standard","5":"has-post-thumbnail","7":"category-dijaspora","8":"category-vijesti"},"acf":[],"_links":{"self":[{"href":"https:\/\/tvsensor.com\/api\/wp\/v2\/posts\/1349","targetHints":{"allow":["GET"]}}],"collection":[{"href":"https:\/\/tvsensor.com\/api\/wp\/v2\/posts"}],"about":[{"href":"https:\/\/tvsensor.com\/api\/wp\/v2\/types\/post"}],"author":[{"embeddable":true,"href":"https:\/\/tvsensor.com\/api\/wp\/v2\/users\/59"}],"replies":[{"embeddable":true,"href":"https:\/\/tvsensor.com\/api\/wp\/v2\/comments?post=1349"}],"version-history":[{"count":1,"href":"https:\/\/tvsensor.com\/api\/wp\/v2\/posts\/1349\/revisions"}],"predecessor-version":[{"id":1351,"href":"https:\/\/tvsensor.com\/api\/wp\/v2\/posts\/1349\/revisions\/1351"}],"wp:featuredmedia":[{"embeddable":true,"href":"https:\/\/tvsensor.com\/api\/wp\/v2\/media\/1350"}],"wp:attachment":[{"href":"https:\/\/tvsensor.com\/api\/wp\/v2\/media?parent=1349"}],"wp:term":[{"taxonomy":"category","embeddable":true,"href":"https:\/\/tvsensor.com\/api\/wp\/v2\/categories?post=1349"},{"taxonomy":"post_tag","embeddable":true,"href":"https:\/\/tvsensor.com\/api\/wp\/v2\/tags?post=1349"}],"curies":[{"name":"wp","href":"https:\/\/api.w.org\/{rel}","templated":true}]}}