{"id":1344,"date":"2019-03-02T09:34:46","date_gmt":"2019-03-02T09:34:46","guid":{"rendered":"https:\/\/senzor.ba\/?p=1344"},"modified":"2024-01-15T21:49:46","modified_gmt":"2024-01-15T20:49:46","slug":"video-krenimo-graditi-zajedno-jer-kada-krenete-nesto-lijepo-graditi-pridruzice-vam-se-ljudi-u-dobrom","status":"publish","type":"post","link":"https:\/\/tvsensor.com\/clanak\/video-krenimo-graditi-zajedno-jer-kada-krenete-nesto-lijepo-graditi-pridruzice-vam-se-ljudi-u-dobrom\/","title":{"rendered":"(VIDEO) Krenimo graditi zajedno jer kada krenete ne\u0161to lijepo graditi pridru\u017ei\u0107e vam se ljudi u dobrom!"},"content":{"rendered":"\n<p><strong>Semir Efendi\u0107, na\u010delnik Op\u0107ine Novi Grad u specijalnom programu \nHayatu TV-a odgovorio je na pitanja za\u0161to ga nazivaju graditeljem, uz \npoja\u0161njenje da BiH osim graditelja trebaju ljudi koji ne\u0107e ru\u0161iti \npostoje\u0107e ljepote. <\/strong><\/p>\n\n\n\n<p>Naglasio je na\u010delnik kako moramo raditi i\n graditi zajedno, jer kada ljudi prepoznaju iskrene i korisne ideje, \nrado se pridru\u017euju istima. <\/p>\n\n\n\n<p>Osvrnuo se i izuzetno uspje\u0161nu \nproteklu godinu, te predstavio velike projekte, od kojih su neki ve\u0107 u \nrealizaciji, a neki u planu za godinu pred nama. <\/p>\n\n\n\n<p>Snaga je u radu, poru\u010dio je na\u010delnik najmnogoljudnije Op\u0107ine u Sarajevu.  <\/p>\n\n\n\n<figure class=\"wp-block-embed-youtube wp-block-embed is-type-video is-provider-youtube wp-embed-aspect-16-9 wp-has-aspect-ratio\"><div class=\"wp-block-embed__wrapper\">\n<iframe loading=\"lazy\" title=\"DDBIH: SEMIR EFENDI\u0106 GOST POVODOM DANA NEZAVISNOSTI\" width=\"696\" height=\"392\" src=\"https:\/\/www.youtube.com\/embed\/9Zk-RHEXFVY?feature=oembed&#038;enablejsapi=1\" frameborder=\"0\" allow=\"accelerometer; autoplay; clipboard-write; encrypted-media; gyroscope; picture-in-picture\" allowfullscreen><\/iframe>\n<\/div><\/figure>\n","protected":false},"excerpt":{"rendered":"<p>Semir Efendi\u0107, na\u010delnik Op\u0107ine Novi Grad u specijalnom programu Hayatu TV-a odgovorio je na pitanja za\u0161to ga nazivaju graditeljem, uz poja\u0161njenje da BiH osim graditelja trebaju ljudi koji ne\u0107e ru\u0161iti postoje\u0107e ljepote. Naglasio je na\u010delnik kako moramo raditi i graditi zajedno, jer kada ljudi prepoznaju iskrene i korisne ideje, rado se pridru\u017euju istima. Osvrnuo se [&hellip;]<\/p>\n","protected":false},"author":59,"featured_media":1345,"comment_status":"open","ping_status":"closed","sticky":false,"template":"","format":"standard","meta":{"inline_featured_image":false,"footnotes":""},"categories":[37,38],"tags":[],"class_list":{"0":"post-1344","1":"post","2":"type-post","3":"status-publish","4":"format-standard","5":"has-post-thumbnail","7":"category-vijesti","8":"category-vijesti-iz-bih"},"acf":[],"_links":{"self":[{"href":"https:\/\/tvsensor.com\/api\/wp\/v2\/posts\/1344","targetHints":{"allow":["GET"]}}],"collection":[{"href":"https:\/\/tvsensor.com\/api\/wp\/v2\/posts"}],"about":[{"href":"https:\/\/tvsensor.com\/api\/wp\/v2\/types\/post"}],"author":[{"embeddable":true,"href":"https:\/\/tvsensor.com\/api\/wp\/v2\/users\/59"}],"replies":[{"embeddable":true,"href":"https:\/\/tvsensor.com\/api\/wp\/v2\/comments?post=1344"}],"version-history":[{"count":1,"href":"https:\/\/tvsensor.com\/api\/wp\/v2\/posts\/1344\/revisions"}],"predecessor-version":[{"id":1346,"href":"https:\/\/tvsensor.com\/api\/wp\/v2\/posts\/1344\/revisions\/1346"}],"wp:featuredmedia":[{"embeddable":true,"href":"https:\/\/tvsensor.com\/api\/wp\/v2\/media\/1345"}],"wp:attachment":[{"href":"https:\/\/tvsensor.com\/api\/wp\/v2\/media?parent=1344"}],"wp:term":[{"taxonomy":"category","embeddable":true,"href":"https:\/\/tvsensor.com\/api\/wp\/v2\/categories?post=1344"},{"taxonomy":"post_tag","embeddable":true,"href":"https:\/\/tvsensor.com\/api\/wp\/v2\/tags?post=1344"}],"curies":[{"name":"wp","href":"https:\/\/api.w.org\/{rel}","templated":true}]}}