{"id":1341,"date":"2019-03-02T09:30:49","date_gmt":"2019-03-02T09:30:49","guid":{"rendered":"https:\/\/senzor.ba\/?p=1341"},"modified":"2024-01-15T21:49:47","modified_gmt":"2024-01-15T20:49:47","slug":"u-septembru-otvorenje-novog-islamskog-kulturnog-centra-bosnjaka-u-mainzu-pocele-pripreme-za-trodnevnu-manifestaciju","status":"publish","type":"post","link":"https:\/\/tvsensor.com\/clanak\/u-septembru-otvorenje-novog-islamskog-kulturnog-centra-bosnjaka-u-mainzu-pocele-pripreme-za-trodnevnu-manifestaciju\/","title":{"rendered":"U septembru otvorenje novog Islamskog kulturnog centra Bo\u0161njaka u Mainzu &#8211; Po\u010dele pripreme za trodnevnu manifestaciju"},"content":{"rendered":"\n<p><strong>Novi Islamski kulturni centar Bo\u0161njaka u njema\u010dkom gradu \nMainz bit \u0107e zvani\u010dno otvoren 15. septembra ove godine, a D\u017eemat Mainz \npo\u010deo je pripreme za njegovo otvorenje. Vrijednost objekta se \nprocjenjuje na 2,5 miliona eura. Za \u0161est godina koliko je trajala \nizgradnja d\u017eamije i centra u glavnom gradu njema\u010dke Savezne pokrajine \nRheinland&nbsp; &#8211; Pfalz u\u010destvovalo je 1108 vakifa i donatora sa nov\u010danim \nprilozima i vi\u0161e od 50 osoba sa materijalom, najve\u0107im dijelom d\u017eematlija\n sa nov\u010danim pirlogom &nbsp;i prijatelja iz drugih d\u017eemata u okviru Islamske \nzajednice Bo\u0161njaka Njema\u010dke, dijaspore i Bosne i Hercegovine.&nbsp;<\/strong><\/p>\n\n\n\n<p>&#8211; Na izgradnji na\u0161e nove d\u017eamije i centra radile su brojne firme i na\n stotine radnika dobrovoljaca. Najve\u0107i teret je podnijelo tridesetak \nd\u017eematlija a neki od njih skoro da nisu izostali niti jednog dana sa \ngradili\u0161ta. Nije podizan kredit i sve je finansirano iz dobrovoljnih \npriloga i \u010dlanarine\u201d, isti\u010du u IKC Bo\u0161njaka u Mainzu.<\/p>\n\n\n\n<p>Na sve\u010danost otvaranja su pozvani visoki predstavnici politi\u010dkog, \nkulturnog i vjerskog \u017eivota Njema\u010dke i Bosne i Hercegovine. Centralna \nsve\u010danost i otvorenje d\u017eamije planirano je posljednjeg dana, 15. \nseptembra. Formirano je devet timova i to za dekoraciju, marketing, \nprezentaciju d\u017eemata, obezbje\u0111enje, prostorno ure\u0111enje, zarim tim za \ngoste, catering, protokol i program sve\u010danostii tim za tehni\u010dku podr\u0161ku.\n Svi oni zajedno broje gotovo 100 \u010dlanova, a radit \u0107e na pripremi \ntrodnevne manifestacije.<\/p>\n\n\n\n<p>&#8211; Kampanja \u201cMi gradimo uz Allahovu d\u017e.\u0161. pomo\u0107 \u2013 Pridru\u017eite nam se!\u201d \nsa kojom smo krenuli u ovaj projekat odjeknula je i doprla do na\u0161ih \nljudi u Njema\u010dkoj, i ako ho\u0107ete \u0161irom svijeta, \u0161to se vidi i po broju \nvakifa i donatora, ali i po ukupnoj vrijednosti izgra\u0111enog. U vi\u0161e \nnavrata ova kampanja je isticana kao primjer kako bi se trebalo \ndjelovati. Zato smo ponosni na sve \u0161to smo svi zajedno uradili. Pred \nnama je sada puno posla i \u017eeljeli bismo otvorenje na\u0161e d\u017eamije u\u010diniti \ndostojnim truda i vjere sa kojom je ona i izgra\u0111ena. Ovom prilikom bih \nse zahvalio svima koji su na bilo koji na\u010din u\u010destvovali u njenoj \nizgradnji, da im Allah d\u017e.\u0161. podari svaki hajr na oba svijeta i upi\u0161e \nkao trajno dobro djelo\u201d, kazao je Rifat Halilovi\u0107 predsjednik IKC \nBo\u0161njaka u Mainzu. &nbsp;<\/p>\n\n\n\n<p>Centar je i u toku izgradnje imao brojne zna\u010dajne posjete od kojih \nvrijedi pomenuti posjete reis \u2013 ul \u2013uleme Islamske zajednice u Bosni i \nHercegovini Huseina ef. Kavazovi\u0107a, kao i premijerke Savezne pokrajine \nRheinland&nbsp; &#8211; Pfalz Malu Dreyer, te gradona\u010delnika grada Mainza Michael \nEbling.<\/p>\n\n\n\n<p>Kamen temeljac za novu d\u017eamiju 2013. godine polo\u017eio je reisu-l-ulema \nIslamske zajednice u Bosni i Hercegovini, Husein ef. Kavazovi\u0107, zajedno \nsa d\u017eematlijama d\u017eemata Mainz i ministricom Savezne dr\u017eave Rheinland \u2013 \nPfalz za integracije Irenom Alt, te predsjednicom op\u0107ine Hechtsheim i \n\u010dlanicom Bundestaga Ursulom Groden Kranich.<\/p>\n\n\n\n<p>Novi Islamski centar Bo\u0161njaka u Mainzu vlasni\u0161tvo je IKC Bo\u0161njaka \nizgra\u0111en je na lokaciji Mainz \u2013 Hechtsheim, a objedinjava 1750 m2 \ngra\u0111evinskog zemlji\u0161ta. Objekat je izgra\u0111en na \u010detiri eta\u017ee i ukupne je \nkvadrature 1500&nbsp; m2, sa ciljem da se zadovolje potrebe jednog modernog \nislamskog centra, sa 150 m2 mesd\u017eida za mu\u0161karce i 70 m2 za \u017eene, ali i \nsa multifunkcionalnom salom, restoranom, kuhinjom, ostavom, podrumom, \nbibliotekm, uredom, \u010dajnom kuhinjom, salom za sastanke, u\u010dionicama, \nstanovima, i parking prostorom.<\/p>\n","protected":false},"excerpt":{"rendered":"<p>Novi Islamski kulturni centar Bo\u0161njaka u njema\u010dkom gradu Mainz bit \u0107e zvani\u010dno otvoren 15. septembra ove godine, a D\u017eemat Mainz po\u010deo je pripreme za njegovo otvorenje. Vrijednost objekta se procjenjuje na 2,5 miliona eura. Za \u0161est godina koliko je trajala izgradnja d\u017eamije i centra u glavnom gradu njema\u010dke Savezne pokrajine Rheinland&nbsp; &#8211; Pfalz u\u010destvovalo je [&hellip;]<\/p>\n","protected":false},"author":59,"featured_media":1342,"comment_status":"open","ping_status":"closed","sticky":false,"template":"","format":"standard","meta":{"inline_featured_image":false,"footnotes":""},"categories":[39,57,37],"tags":[],"class_list":{"0":"post-1341","1":"post","2":"type-post","3":"status-publish","4":"format-standard","5":"has-post-thumbnail","7":"category-dijaspora","8":"category-religija","9":"category-vijesti"},"acf":[],"_links":{"self":[{"href":"https:\/\/tvsensor.com\/api\/wp\/v2\/posts\/1341","targetHints":{"allow":["GET"]}}],"collection":[{"href":"https:\/\/tvsensor.com\/api\/wp\/v2\/posts"}],"about":[{"href":"https:\/\/tvsensor.com\/api\/wp\/v2\/types\/post"}],"author":[{"embeddable":true,"href":"https:\/\/tvsensor.com\/api\/wp\/v2\/users\/59"}],"replies":[{"embeddable":true,"href":"https:\/\/tvsensor.com\/api\/wp\/v2\/comments?post=1341"}],"version-history":[{"count":1,"href":"https:\/\/tvsensor.com\/api\/wp\/v2\/posts\/1341\/revisions"}],"predecessor-version":[{"id":1343,"href":"https:\/\/tvsensor.com\/api\/wp\/v2\/posts\/1341\/revisions\/1343"}],"wp:featuredmedia":[{"embeddable":true,"href":"https:\/\/tvsensor.com\/api\/wp\/v2\/media\/1342"}],"wp:attachment":[{"href":"https:\/\/tvsensor.com\/api\/wp\/v2\/media?parent=1341"}],"wp:term":[{"taxonomy":"category","embeddable":true,"href":"https:\/\/tvsensor.com\/api\/wp\/v2\/categories?post=1341"},{"taxonomy":"post_tag","embeddable":true,"href":"https:\/\/tvsensor.com\/api\/wp\/v2\/tags?post=1341"}],"curies":[{"name":"wp","href":"https:\/\/api.w.org\/{rel}","templated":true}]}}