{"id":1335,"date":"2019-03-02T09:25:51","date_gmt":"2019-03-02T09:25:51","guid":{"rendered":"https:\/\/senzor.ba\/?p=1335"},"modified":"2024-01-15T21:49:47","modified_gmt":"2024-01-15T20:49:47","slug":"video-silajdzici-prica-o-supruznicima-koji-su-se-vratili-u-bih-i-rodili-sedam-sinova","status":"publish","type":"post","link":"https:\/\/tvsensor.com\/clanak\/video-silajdzici-prica-o-supruznicima-koji-su-se-vratili-u-bih-i-rodili-sedam-sinova\/","title":{"rendered":"(VIDEO) Silajd\u017ei\u0107i: Pri\u010da o supru\u017enicima koji su se vratili u BiH i rodili sedam sinova!"},"content":{"rendered":"\n<p>Gosti Centralnog dnevnika su bili Silajd\u017ei\u0107i. Nevjerovatna, devetero\u010dlana porodica.<\/p>\n\n\n\n<figure class=\"wp-block-embed-youtube wp-block-embed is-type-video is-provider-youtube wp-embed-aspect-16-9 wp-has-aspect-ratio\"><div class=\"wp-block-embed__wrapper\">\n<iframe loading=\"lazy\" title=\"7 sinova, mama i tata: Vratili smo se u na\u0161u zemlju i rodili sedam sinova! Silajd\u017ei\u0107i.\" width=\"696\" height=\"392\" src=\"https:\/\/www.youtube.com\/embed\/keG-LTplUjo?feature=oembed&#038;enablejsapi=1\" frameborder=\"0\" allow=\"accelerometer; autoplay; clipboard-write; encrypted-media; gyroscope; picture-in-picture\" allowfullscreen><\/iframe>\n<\/div><\/figure>\n\n\n\n<p>\u201ePrva \u0161estorka se rodila u sedam godina, a sedmog smo \u010dekali malo \ndu\u017ee, tri godine. Tako da, u deset godina smo dobili sedmero djece. Jo\u0161 \nuvijek smo raspolo\u017eeni da imamo jo\u0161 djece, ali godine su protiv nas. \nNije to ba\u0161 tako jednostavno. Sve stignemo, svoje obaveze smo \nprilagodili njima, prilagodili smo djeci. Na\u0161i poslodavci imaju \nrazumijevanja, za sada sve funkcioni\u0161e. Prvo \u010detvero je ro\u0111eno tokom \ndoktorskog studija. Svaku godinu doktorskog studija dolazila sam s novim\n djetetom. Svi spavaju u svojoj sobi, tako \u017eele\u201c, naglasila je majka \nSabina.<\/p>\n\n\n\n<p>Sabina je kazala kako je imala tri spontana poba\u010daja, ali da su se pomirili sa sudbinom.<\/p>\n\n\n\n<p>\u201eDavid, Ismail, Jakub, Mikail, Jo\u0161ua, Jusuf i Jahja. Birali smo imena\n s lijepim zna\u010denjima. Njih \u010detvorica nose imena Bo\u017eijih poslanika. \nNasmijani smo, smireni, malo sam temperamentnija u odnosu na supruga. \nVi\u0161e od 20 godina smo zajedno. \u017divjeli smo u sedam razli\u010ditih zemalja. \n\u017divimo u svijetu koji je globaliziran. Integriramo se u globalni sistem \nkoji zahtijeva zavisnosti. Te\u0161ko je pri\u010dati o nezavisnosti. Trebamo \nrazmi\u0161ljati o daljnjim integriranjima. Jedino tako mo\u017eemo postati \nzna\u010dajniji faktor\u201c, naglasila je Sabina.<\/p>\n\n\n\n<p>Denis je kazao kolika je njihova&nbsp;finansijska samoodr\u017eivost.<\/p>\n\n\n\n<p>\u201e2008. godina je pokazala kolika je na\u0161a finansijska samoodr\u017eivost, \nbez obzira na profitabilnost na\u0161eg tr\u017ei\u0161ta u tom momentu. Muzika je \npo\u010dela ponovo da igra 2010. pukim slu\u010dajem kada su se oporavila velika \nameri\u010dka ekonomska tr\u017ei\u0161ta. Kada se evropa i amerika zaka\u0161lju, mi \ndobijemo gripu\u201c, kazao je Denis.<\/p>\n\n\n\n<p>Statisti\u010dki je malo vjerovatno da su svi istog spola.<\/p>\n\n\n\n<p>&nbsp;\u201eProfesor je imao tri k\u0107erke i pitao je da li znate koja je \nvjerovatno\u0107a da imate tri k\u0107erke, rekao sam ne znam, ali koja je \nvjerovatno\u0107a da imate sedam sinova\u201c, kazao je Denis.<\/p>\n\n\n\n<p>Snaga duhovnog identiteta, da mislite lijepo, pozitivno. To je \napsolutna \u010disto\u0107a aure i du\u0161e i shvatite da je boravak s djecom \nnajljep\u0161i, jer djeca imaju \u010distu energiju. Svako vrijeme ima svoju \nspecifi\u010dnost. Mi smo dio kulturne globalizacije. Dru\u0161tvu treba neka \nsnaga institucija koja \u0107e usmjeravati budu\u0107e generacije. Pojam je imati \nvi\u0161e od dvoje djece, tre\u0107e dijete se ve\u0107 ve\u017ee za siroma\u0161tvo. Mi smo \nprihvatili isti \u017eivotni stil kao Balkanci. Zemlje zapadne evrope se \ntrude, ali ne mogu da podnesu to\u201c, kazala je Sabina.<\/p>\n\n\n\n<p>\u201eTreba da budu hrabri u \u017eivotu, ne bih pozivao nikoga da ostane ili \nne, ali volio bih da svi ostanu, jer smo se i mi vratili u BiH. Bilo je \nlak\u0161e vani osnovati porodicu, ali ovdje smo. \u010covjek treba da bude \nhrabar\u201c, rekao je Denis.<\/p>\n\n\n\n<p>&nbsp;Denis nagla\u0161ava kako je govorenje svog jezika zna\u010dajno da bi se vi osje\u0107ali kao vi.<\/p>\n\n\n\n<p>\u201eLjudi tr\u010de za svjetlima velikog grada. Ovdje je mnogo ljep\u0161e \n\u017eivjeti, ovdje govorite svoj jezik. Ne govororenjem svog jezika, \nosje\u0107ate da vi niste vi, da ste u lancima. Imate ogromnu potrebu da \ngovorite svoj jezik u svojoj zemlji. Vi nikad ne\u0107ete biti ravnopravni \ngra\u0111ani negdje drugo, jer to \u010dovjeku nakon nekog vremena jako smeta. U \nsvojoj zemlji ste vi \u2013 vi\u201c, kazao je Denis.<\/p>\n\n\n\n<p>Sabina vani nije mogla razviti energiju da bi ostvarila komunikaciju.<\/p>\n\n\n\n<p>\u201eOsje\u0107ala sam vani da venem, ne mogu da razvijem tu energiju koja mi treba da komuniciram\u201c, ka\u017ee Sabina.<\/p>\n\n\n\n<p>Naglasila je kako razumije ljude koji odlaze, ali i to da sami moramo graditi svoje dru\u0161tvo.<\/p>\n\n\n\n<p>\u201eRazumijem ljude koji odlaze, ali mi treba da izgradimo svoje  dru\u0161tvo, ne mo\u017eemo o\u010dekivati da nam neko gradi na\u0161e dru\u0161tvo\u201c, zaklju\u010dila  je Sabina.<\/p>\n\n\n\n<p>face.ba<\/p>\n","protected":false},"excerpt":{"rendered":"<p>Gosti Centralnog dnevnika su bili Silajd\u017ei\u0107i. Nevjerovatna, devetero\u010dlana porodica. \u201ePrva \u0161estorka se rodila u sedam godina, a sedmog smo \u010dekali malo du\u017ee, tri godine. Tako da, u deset godina smo dobili sedmero djece. Jo\u0161 uvijek smo raspolo\u017eeni da imamo jo\u0161 djece, ali godine su protiv nas. Nije to ba\u0161 tako jednostavno. Sve stignemo, svoje obaveze [&hellip;]<\/p>\n","protected":false},"author":59,"featured_media":1336,"comment_status":"open","ping_status":"closed","sticky":false,"template":"","format":"standard","meta":{"inline_featured_image":false,"footnotes":""},"categories":[69,65],"tags":[],"class_list":{"0":"post-1335","1":"post","2":"type-post","3":"status-publish","4":"format-standard","5":"has-post-thumbnail","7":"category-ponos-bih","8":"category-vise"},"acf":[],"_links":{"self":[{"href":"https:\/\/tvsensor.com\/api\/wp\/v2\/posts\/1335","targetHints":{"allow":["GET"]}}],"collection":[{"href":"https:\/\/tvsensor.com\/api\/wp\/v2\/posts"}],"about":[{"href":"https:\/\/tvsensor.com\/api\/wp\/v2\/types\/post"}],"author":[{"embeddable":true,"href":"https:\/\/tvsensor.com\/api\/wp\/v2\/users\/59"}],"replies":[{"embeddable":true,"href":"https:\/\/tvsensor.com\/api\/wp\/v2\/comments?post=1335"}],"version-history":[{"count":1,"href":"https:\/\/tvsensor.com\/api\/wp\/v2\/posts\/1335\/revisions"}],"predecessor-version":[{"id":1337,"href":"https:\/\/tvsensor.com\/api\/wp\/v2\/posts\/1335\/revisions\/1337"}],"wp:featuredmedia":[{"embeddable":true,"href":"https:\/\/tvsensor.com\/api\/wp\/v2\/media\/1336"}],"wp:attachment":[{"href":"https:\/\/tvsensor.com\/api\/wp\/v2\/media?parent=1335"}],"wp:term":[{"taxonomy":"category","embeddable":true,"href":"https:\/\/tvsensor.com\/api\/wp\/v2\/categories?post=1335"},{"taxonomy":"post_tag","embeddable":true,"href":"https:\/\/tvsensor.com\/api\/wp\/v2\/tags?post=1335"}],"curies":[{"name":"wp","href":"https:\/\/api.w.org\/{rel}","templated":true}]}}