{"id":1332,"date":"2019-03-02T09:08:11","date_gmt":"2019-03-02T09:08:11","guid":{"rendered":"https:\/\/senzor.ba\/?p=1332"},"modified":"2024-01-15T21:49:47","modified_gmt":"2024-01-15T20:49:47","slug":"u-ovoj-drzavi-lani-je-drzavljanstvo-dobilo-hiljadu-bosanaca","status":"publish","type":"post","link":"https:\/\/tvsensor.com\/clanak\/u-ovoj-drzavi-lani-je-drzavljanstvo-dobilo-hiljadu-bosanaca\/","title":{"rendered":"U ovoj dr\u017eavi lani je dr\u017eavljanstvo dobilo hiljadu Bosanaca"},"content":{"rendered":"\n<h4 class=\"wp-block-heading\">Egzodus stanovni\u0161tva BiH se nastavlja, a Bosanci i Hercegovci sve \u010de\u0161\u0107e postaju dr\u017eavaljni zemalja EU.<\/h4>\n\n\n\n<p>Razmjere egzodusa pokazuje i podatak koji je ovih dana obavila austrijska agencija za statistiku <a href=\"http:\/\/statistik.at\/web_en\/statistics\/PeopleSociety\/population\/naturalisation\/index.html\" target=\"_blank\" rel=\"noopener\">Statistics Austria<\/a>.<\/p>\n\n\n\n<p>Prema tim podacima, pro\u0161le godine je 9.450 osoba dobilo austrijsko dr\u017eavljanstvo.<\/p>\n\n\n\n<p>Me\u0111u naturalizovanim Austrijancima lani je, kako je saop\u0161teno, najvi\u0161e bilo biv\u0161ih dr\u017eavljana Bosne i Hercegovine \u2013 <strong>1.033<\/strong>, pi\u0161e <strong>BiznisInfo<\/strong>.&nbsp;<\/p>\n\n\n\n<p>Nakon toga slijede biv\u0161i dr\u017eavljani Turske (828), Srbije (625), Kosova (586) i Rumunije (456).<\/p>\n\n\n\n<p>Od ukupnog broja naturalizovanih Austrijanaca pro\u0161le godine, 3.288 ili 34,8 posto je ro\u0111eno u Austriji.<\/p>\n","protected":false},"excerpt":{"rendered":"<p>Egzodus stanovni\u0161tva BiH se nastavlja, a Bosanci i Hercegovci sve \u010de\u0161\u0107e postaju dr\u017eavaljni zemalja EU. Razmjere egzodusa pokazuje i podatak koji je ovih dana obavila austrijska agencija za statistiku Statistics Austria. Prema tim podacima, pro\u0161le godine je 9.450 osoba dobilo austrijsko dr\u017eavljanstvo. Me\u0111u naturalizovanim Austrijancima lani je, kako je saop\u0161teno, najvi\u0161e bilo biv\u0161ih dr\u017eavljana Bosne [&hellip;]<\/p>\n","protected":false},"author":59,"featured_media":1333,"comment_status":"open","ping_status":"closed","sticky":false,"template":"","format":"standard","meta":{"inline_featured_image":false,"footnotes":""},"categories":[39,37],"tags":[],"class_list":{"0":"post-1332","1":"post","2":"type-post","3":"status-publish","4":"format-standard","5":"has-post-thumbnail","7":"category-dijaspora","8":"category-vijesti"},"acf":[],"_links":{"self":[{"href":"https:\/\/tvsensor.com\/api\/wp\/v2\/posts\/1332","targetHints":{"allow":["GET"]}}],"collection":[{"href":"https:\/\/tvsensor.com\/api\/wp\/v2\/posts"}],"about":[{"href":"https:\/\/tvsensor.com\/api\/wp\/v2\/types\/post"}],"author":[{"embeddable":true,"href":"https:\/\/tvsensor.com\/api\/wp\/v2\/users\/59"}],"replies":[{"embeddable":true,"href":"https:\/\/tvsensor.com\/api\/wp\/v2\/comments?post=1332"}],"version-history":[{"count":2,"href":"https:\/\/tvsensor.com\/api\/wp\/v2\/posts\/1332\/revisions"}],"predecessor-version":[{"id":35730,"href":"https:\/\/tvsensor.com\/api\/wp\/v2\/posts\/1332\/revisions\/35730"}],"wp:featuredmedia":[{"embeddable":true,"href":"https:\/\/tvsensor.com\/api\/wp\/v2\/media\/1333"}],"wp:attachment":[{"href":"https:\/\/tvsensor.com\/api\/wp\/v2\/media?parent=1332"}],"wp:term":[{"taxonomy":"category","embeddable":true,"href":"https:\/\/tvsensor.com\/api\/wp\/v2\/categories?post=1332"},{"taxonomy":"post_tag","embeddable":true,"href":"https:\/\/tvsensor.com\/api\/wp\/v2\/tags?post=1332"}],"curies":[{"name":"wp","href":"https:\/\/api.w.org\/{rel}","templated":true}]}}