{"id":1329,"date":"2019-03-02T09:03:34","date_gmt":"2019-03-02T09:03:34","guid":{"rendered":"https:\/\/senzor.ba\/?p=1329"},"modified":"2024-01-15T21:49:47","modified_gmt":"2024-01-15T20:49:47","slug":"u-tuzlu-stize-investicija-od-milijardu-km","status":"publish","type":"post","link":"https:\/\/tvsensor.com\/clanak\/u-tuzlu-stize-investicija-od-milijardu-km\/","title":{"rendered":"U Tuzlu sti\u017ee investicija od milijardu KM"},"content":{"rendered":"\n<h4 class=\"wp-block-heading\">Nakon \u0161to je Tuzlanski.ba sino\u0107 objavio pri\u010du da se na zemlji\u0161tu \n\u201cLivnice\u201d u Tuzli gradi luksuzni stambeno-poslovni kompleks koji \u0107e \npredstavljati jednu od najve\u0107ih poslijeratnih investicija u BiH, \nInfoplus danas je objavio i fotografije tog kompleksa \u010dija investicija \nse mjeri stotinama miliona KM.<\/h4>\n\n\n\n<p>Podsje\u0107anja radi, zemlji\u0161te na kojem je smje\u0161tena \u201cLivnica\u201d kao i kompletne pogone kupio je aktuelni na\u010delnik Kalesije <strong>Sead D\u017eafi\u0107<\/strong> koji je to platio oko 14 miliona KM, a ve\u0107 u svom vlasni\u0161tvu ima firmu Unis Tok u Kalesiji kao i Kovnicu u Bile\u0107i.<\/p>\n\n\n\n<p>S obzirom na planove Grada Tuzle i na stanje samih proizvodnih \npogona, D\u017eafi\u0107 se odlu\u010dio da iz gradske sredine dislocira \u201cLivnicu\u201d, a \nnova lokacija bit \u0107e poznata u narednom periodu, saznaje <a href=\"https:\/\/tuzlanski.ba\/carsija\/http-infoplus-ba-exkluzivno-pogledajte-kako-ce-izgledati-novi-stambeno-poslovni-centar-u-tuzli-na-zemljistu-sadasnje-livnice\/\" target=\"_blank\" rel=\"noopener\">Tuzlanski.ba<\/a>.<\/p>\n\n\n\n<p>Vlasnik zemlji\u0161ta na kojem \u0107e se graditi ovaj kompels je Sead D\u017eafi\u0107,\n koji \u0107e zajedno sa investitorima u\u010destvovati u izgradnji naselja u \nkojem \u0107e biti i toranj viso\u010diji od \u201cAvaz Twist Towera\u201d u Sarajevu.<\/p>\n\n\n\n<p>U sklopu stambeno-poslovnog centra bit \u0107e restorani, saloni, dje\u010dija igrali\u0161ta kao i ure\u0111ene saobra\u0107ajice sa kru\u017enim tokovima.<\/p>\n\n\n\n<p>Gradona\u010denik Tuzle <strong>Jasmin Imamovi\u0107<\/strong> gostuju\u0107i u \nprogramu BH Dnevnika je kazao kako Tuzlu o\u010dekuje najve\u0107a investicija do \nsada,&nbsp; koja bi mogla napraviti \u201cpozitivan zemljotres\u201d, a ona prema \nnjegovim rije\u010dima iznosi milijardu KM.<\/p>\n\n\n\n<div class=\"wp-block-image\"><figure class=\"aligncenter\"><a href=\"https:\/\/i1.wp.com\/www.biznisinfo.ba\/wp-content\/uploads\/2019\/03\/naselje_tuzla2.jpg?ssl=1\"><img decoding=\"async\" src=\"https:\/\/i1.wp.com\/www.biznisinfo.ba\/wp-content\/uploads\/2019\/03\/naselje_tuzla2.jpg?resize=700%2C395&amp;ssl=1\" alt=\"\" class=\"wp-image-73205\" \/><\/a><\/figure><\/div>\n\n\n\n<p>\u201c<strong>Radi se o grupi investitora iz jedne evropske zemlje. Tako \nogromna investicija mo\u017ee no\u0107 da pretvori u dan. Vi\u0161e informacije \u0107e biti\n poznato u naredna dva mjeseca<\/strong>\u201d, kazao je Imamovi\u0107.<\/p>\n","protected":false},"excerpt":{"rendered":"<p>Nakon \u0161to je Tuzlanski.ba sino\u0107 objavio pri\u010du da se na zemlji\u0161tu \u201cLivnice\u201d u Tuzli gradi luksuzni stambeno-poslovni kompleks koji \u0107e predstavljati jednu od najve\u0107ih poslijeratnih investicija u BiH, Infoplus danas je objavio i fotografije tog kompleksa \u010dija investicija se mjeri stotinama miliona KM. Podsje\u0107anja radi, zemlji\u0161te na kojem je smje\u0161tena \u201cLivnica\u201d kao i kompletne pogone [&hellip;]<\/p>\n","protected":false},"author":59,"featured_media":1330,"comment_status":"open","ping_status":"closed","sticky":false,"template":"","format":"standard","meta":{"inline_featured_image":false,"footnotes":""},"categories":[43,42],"tags":[],"class_list":{"0":"post-1329","1":"post","2":"type-post","3":"status-publish","4":"format-standard","5":"has-post-thumbnail","7":"category-bih","8":"category-ekonomija"},"acf":[],"_links":{"self":[{"href":"https:\/\/tvsensor.com\/api\/wp\/v2\/posts\/1329","targetHints":{"allow":["GET"]}}],"collection":[{"href":"https:\/\/tvsensor.com\/api\/wp\/v2\/posts"}],"about":[{"href":"https:\/\/tvsensor.com\/api\/wp\/v2\/types\/post"}],"author":[{"embeddable":true,"href":"https:\/\/tvsensor.com\/api\/wp\/v2\/users\/59"}],"replies":[{"embeddable":true,"href":"https:\/\/tvsensor.com\/api\/wp\/v2\/comments?post=1329"}],"version-history":[{"count":2,"href":"https:\/\/tvsensor.com\/api\/wp\/v2\/posts\/1329\/revisions"}],"predecessor-version":[{"id":35731,"href":"https:\/\/tvsensor.com\/api\/wp\/v2\/posts\/1329\/revisions\/35731"}],"wp:featuredmedia":[{"embeddable":true,"href":"https:\/\/tvsensor.com\/api\/wp\/v2\/media\/1330"}],"wp:attachment":[{"href":"https:\/\/tvsensor.com\/api\/wp\/v2\/media?parent=1329"}],"wp:term":[{"taxonomy":"category","embeddable":true,"href":"https:\/\/tvsensor.com\/api\/wp\/v2\/categories?post=1329"},{"taxonomy":"post_tag","embeddable":true,"href":"https:\/\/tvsensor.com\/api\/wp\/v2\/tags?post=1329"}],"curies":[{"name":"wp","href":"https:\/\/api.w.org\/{rel}","templated":true}]}}