{"id":13258,"date":"2019-09-27T10:21:56","date_gmt":"2019-09-27T10:21:56","guid":{"rendered":"https:\/\/senzor.ba\/?p=13258"},"modified":"2024-01-15T21:45:24","modified_gmt":"2024-01-15T20:45:24","slug":"sarovic-pocetak-izvoza-pileceg-mesa-u-eu-je-veliki-uspjeh-za-privredu","status":"publish","type":"post","link":"https:\/\/tvsensor.com\/clanak\/sarovic-pocetak-izvoza-pileceg-mesa-u-eu-je-veliki-uspjeh-za-privredu\/","title":{"rendered":"\u0160arovi\u0107: Po\u010detak izvoza pile\u0107eg mesa u EU je veliki uspjeh za privredu"},"content":{"rendered":"<p>O\u010dekujemo sna\u017ean zamah peradarske industrije u 2019. \u0161to je posebno va\u017eno ako se ima u vidu da ova privredna grana u BiH za sebe ve\u017ee oko 20.000 radnih mjesta \u2013 izjavio je ministar vanjske trgovine i ekonomskih odnosa BiH Mirko \u0160arovi\u0107 za Fenu, nakon \u0161to je ovih dana krenuo prvi izvoz pile\u0107eg mesa u EU.<\/p>\n<p>Po njegovim rije\u010dima, te\u0161ko je u\u0107i i osvojiti tr\u017ei\u0161te EU, \u201eali na\u0161e kompanije su konkurentne i sposobne i za to\u201c.<\/p>\n<p>\u2013 Njihov udio u tr\u017ei\u0161tu EU, posebno susjednih zemalja, \u0107e se korak po korak pove\u0107avati, a ja kao ministar i cijeli moj tim \u0107emo im pomo\u0107i u tome \u2013 isti\u010de ministar \u0160arovi\u0107.<\/p>\n<p>Napominje da je za dobijanje dozvole bilo potrebno ispuniti brojne uslove, nakon \u010dega je Evropska komisija odobrila Bosni i Hercegovini izvoz u EU.<\/p>\n<p>\u2013 Uz kompaniju koja je ve\u0107 po\u010dela da izvozi, trenutno je jo\u0161 nekoliko kompanija iz Federacije BiH i RS-a u aktivnim pregovorima s partnerima zemalja EU. Dakle, ekspanzija proizvodnje nakon dobijanja dozvole za izvoz tek slijedi i siguran sam da \u0107e BiH biti daleko najve\u0107i proizvo\u0111a\u010d pile\u0107eg mesa na Balkanu \u2013 ka\u017ee \u0160arovi\u0107.<\/p>\n<p>Dodaje da \u0107e izlazak BiH na veliko tr\u017ei\u0161te Evropske unije zna\u010dajno uticati na pove\u0107anje broja radnih mjesta, ali i na cjelokupnu ekonomiju dr\u017eavem, javlja Fena.<\/p>\n","protected":false},"excerpt":{"rendered":"<p>O\u010dekujemo sna\u017ean zamah peradarske industrije u 2019. \u0161to je posebno va\u017eno ako se ima u vidu da ova privredna grana u BiH za sebe ve\u017ee oko 20.000 radnih mjesta \u2013 izjavio je ministar vanjske trgovine i ekonomskih odnosa BiH Mirko \u0160arovi\u0107 za Fenu, nakon \u0161to je ovih dana krenuo prvi izvoz pile\u0107eg mesa u EU. [&hellip;]<\/p>\n","protected":false},"author":59,"featured_media":13264,"comment_status":"open","ping_status":"closed","sticky":false,"template":"","format":"standard","meta":{"inline_featured_image":false,"footnotes":""},"categories":[43,42],"tags":[],"class_list":{"0":"post-13258","1":"post","2":"type-post","3":"status-publish","4":"format-standard","5":"has-post-thumbnail","7":"category-bih","8":"category-ekonomija"},"acf":[],"_links":{"self":[{"href":"https:\/\/tvsensor.com\/api\/wp\/v2\/posts\/13258","targetHints":{"allow":["GET"]}}],"collection":[{"href":"https:\/\/tvsensor.com\/api\/wp\/v2\/posts"}],"about":[{"href":"https:\/\/tvsensor.com\/api\/wp\/v2\/types\/post"}],"author":[{"embeddable":true,"href":"https:\/\/tvsensor.com\/api\/wp\/v2\/users\/59"}],"replies":[{"embeddable":true,"href":"https:\/\/tvsensor.com\/api\/wp\/v2\/comments?post=13258"}],"version-history":[{"count":1,"href":"https:\/\/tvsensor.com\/api\/wp\/v2\/posts\/13258\/revisions"}],"predecessor-version":[{"id":13265,"href":"https:\/\/tvsensor.com\/api\/wp\/v2\/posts\/13258\/revisions\/13265"}],"wp:featuredmedia":[{"embeddable":true,"href":"https:\/\/tvsensor.com\/api\/wp\/v2\/media\/13264"}],"wp:attachment":[{"href":"https:\/\/tvsensor.com\/api\/wp\/v2\/media?parent=13258"}],"wp:term":[{"taxonomy":"category","embeddable":true,"href":"https:\/\/tvsensor.com\/api\/wp\/v2\/categories?post=13258"},{"taxonomy":"post_tag","embeddable":true,"href":"https:\/\/tvsensor.com\/api\/wp\/v2\/tags?post=13258"}],"curies":[{"name":"wp","href":"https:\/\/api.w.org\/{rel}","templated":true}]}}