{"id":13242,"date":"2019-09-27T10:01:33","date_gmt":"2019-09-27T10:01:33","guid":{"rendered":"https:\/\/senzor.ba\/?p=13242"},"modified":"2024-01-15T21:45:25","modified_gmt":"2024-01-15T20:45:25","slug":"bundestag-odobrio-pregovore-sjeverne-makedonije-i-albanije-s-eu-om","status":"publish","type":"post","link":"https:\/\/tvsensor.com\/clanak\/bundestag-odobrio-pregovore-sjeverne-makedonije-i-albanije-s-eu-om\/","title":{"rendered":"Bundestag odobrio pregovore Sjeverne Makedonije i Albanije s EU-om"},"content":{"rendered":"<p>Njema\u010dki Bundestag je sa 476 glasova &#8220;za&#8221;, 122 &#8220;protiv&#8221; i 16 suzdr\u017eanih parlamentaraca odobrio po\u010detak pregovora Sjeverne Makedonije sa Evropskom unijom, prenosi makedonski portal\u00a0<em>Plusinfo<\/em>.<\/p>\n<p>Na sjednici u Bundestagu je prisustvovao i makedonski zamjenik premijera za evropska pitanja Bujar Osmani.<\/p>\n<p>Njema\u010dki parlamentarci istovremeno su glasali za po\u010detak pregovora EU-a sa Albanijom.<\/p>\n<p>Za po\u010detak pregovora Albanije sa EU 395 parlamentaraca u Bundestagu je glasalo &#8220;za&#8221;, 188 &#8220;protiv&#8221;, a 16 je bilo suzdr\u017eanih.<\/p>\n<h4>\u2018Danke Deutschland\u2018<\/h4>\n<p>Kako je rekao parlamentarac koalicije CDU\/CSU Peter Beyer, mladi u Sjevernoj Makedoniji i Albaniji trebaju \u017eivjeti u sredini u kojoj \u0107e se primijenjivati evropski standard i gdje \u0107e postojati pozitivna percepcija o EU.<\/p>\n<p>Dr\u017eavni vrh Sjeverne Makedonije putem dru\u0161tvenih mre\u017ea pozdravio je odluku njema\u010dkog Bundestaga.<\/p>\n<p>Makedonski predsjednik Stevo Pendarovski na svom Twitter nalogu zahvalio se zbog podr\u0161ke Bundestaga.<\/p>\n<p>&#8220;Danke Deutschland. Sa velikom ve\u010dinom glasova &#8221;za&#8221; parlamentarci u njema\u010dkom Bundestagu dali su zeleno svjetlo za po\u010detak pristupnih pregovora Sjeverne Makedonije sa EU&#8221;, napisao je Pendarovski na Twitteru.<\/p>\n<p>Premijer Sjeverne Makedonije Zoran Zaev, koji boravi u New Yorku na 74. Generalnoj skup\u0161tini Ujedinjenih naroda, na svom Facebook nalogu se zahvalio Bundestagu, ocjenjuju\u0107i da je ovo veliki podstrek za jo\u0161 sna\u017eniji nastavka rada.<\/p>\n","protected":false},"excerpt":{"rendered":"<p>Njema\u010dki Bundestag je sa 476 glasova &#8220;za&#8221;, 122 &#8220;protiv&#8221; i 16 suzdr\u017eanih parlamentaraca odobrio po\u010detak pregovora Sjeverne Makedonije sa Evropskom unijom, prenosi makedonski portal\u00a0Plusinfo. Na sjednici u Bundestagu je prisustvovao i makedonski zamjenik premijera za evropska pitanja Bujar Osmani. Njema\u010dki parlamentarci istovremeno su glasali za po\u010detak pregovora EU-a sa Albanijom. Za po\u010detak pregovora Albanije sa [&hellip;]<\/p>\n","protected":false},"author":59,"featured_media":13246,"comment_status":"open","ping_status":"closed","sticky":false,"template":"","format":"standard","meta":{"inline_featured_image":false,"footnotes":""},"categories":[40],"tags":[],"class_list":{"0":"post-13242","1":"post","2":"type-post","3":"status-publish","4":"format-standard","5":"has-post-thumbnail","7":"category-region"},"acf":[],"_links":{"self":[{"href":"https:\/\/tvsensor.com\/api\/wp\/v2\/posts\/13242","targetHints":{"allow":["GET"]}}],"collection":[{"href":"https:\/\/tvsensor.com\/api\/wp\/v2\/posts"}],"about":[{"href":"https:\/\/tvsensor.com\/api\/wp\/v2\/types\/post"}],"author":[{"embeddable":true,"href":"https:\/\/tvsensor.com\/api\/wp\/v2\/users\/59"}],"replies":[{"embeddable":true,"href":"https:\/\/tvsensor.com\/api\/wp\/v2\/comments?post=13242"}],"version-history":[{"count":1,"href":"https:\/\/tvsensor.com\/api\/wp\/v2\/posts\/13242\/revisions"}],"predecessor-version":[{"id":13248,"href":"https:\/\/tvsensor.com\/api\/wp\/v2\/posts\/13242\/revisions\/13248"}],"wp:featuredmedia":[{"embeddable":true,"href":"https:\/\/tvsensor.com\/api\/wp\/v2\/media\/13246"}],"wp:attachment":[{"href":"https:\/\/tvsensor.com\/api\/wp\/v2\/media?parent=13242"}],"wp:term":[{"taxonomy":"category","embeddable":true,"href":"https:\/\/tvsensor.com\/api\/wp\/v2\/categories?post=13242"},{"taxonomy":"post_tag","embeddable":true,"href":"https:\/\/tvsensor.com\/api\/wp\/v2\/tags?post=13242"}],"curies":[{"name":"wp","href":"https:\/\/api.w.org\/{rel}","templated":true}]}}