{"id":13240,"date":"2019-09-27T09:55:47","date_gmt":"2019-09-27T09:55:47","guid":{"rendered":"https:\/\/senzor.ba\/?p=13240"},"modified":"2024-01-15T21:45:25","modified_gmt":"2024-01-15T20:45:25","slug":"internacionalni-bend-sevkas-derman-iz-beca-svira-sevdah","status":"publish","type":"post","link":"https:\/\/tvsensor.com\/clanak\/internacionalni-bend-sevkas-derman-iz-beca-svira-sevdah\/","title":{"rendered":"Internacionalni bend &#8220;Sevkas Derman&#8221; iz Be\u010da svira sevdah"},"content":{"rendered":"<p>Kulturne granice izme\u0111u naroda i civilizacija nikad se nisu vi\u0161e pro\u017eimale kao danas kada \u017eivimo u globalnom dru\u0161tvu koje je dodatno isprepleteno migracijama. Ovo pro\u017eimanje se na najbolji na\u010din osjeti kroz muziku gdje svjedo\u010dimo spajanju razli\u010ditih stilova i formi pri \u010demu nastaju novi muzi\u010dki izrazi, pi\u0161e Anadolu Agency (AA).<\/p>\n<p>Austrija je po\u010detkom 2019. imala 8.859.992 stanovnika, od \u010dega 1.439.401 ili 16,2 posto stranaca, pokazuju podaci Statisti\u010dkog zavoda.<\/p>\n<p>Dr\u017eavljani Njema\u010dke predstavljaju najve\u0107u stranu grupaciju sa 192.462 pripadnika. Na drugom mjestu su dr\u017eavljani Srbije sa 121.547, slijede Turci (117.262), Rumuni (112.699) pa dr\u017eavljani Bosne i Hercegovine (95.865), Ma\u0111arske (82.732), Hrvatske (80.008), Poljske (63.436), Bugarske (29.942), Kosova (25.544), Makedonije (23.427), Slovenije (20.174)&#8230;<\/p>\n<p>S prostora biv\u0161e Jugoslavije u Austriji \u017eivi 366.565 gra\u0111ana. Naravno ove brojke ne pokazuju realno stanje jer su mnogi useljenici stekli austrijsko dr\u017eavljanstvo, a njihovi potomci naj\u010de\u0161\u0107e imaju samo austrijsko dr\u017eavljanstvo. Svaki narod sa sobom donosi svoju kulturu, tradiciju, a pro\u017eimanjem muzi\u010dkih stilova nastaju nove vrijednosti.<\/p>\n<p><strong>&#8211; Muzikom protiv ksenofobije &#8211;<\/strong><\/p>\n<p>Intenziviranjem migracija zadnjih godina upravo muzika zauzima istaknuto mjesto u borbi protiv ksenofobije koja je sveprisutnija u Evropi zbog ja\u010danja desni\u010darskih organizacija i skupina. Muzika je ponovo u praksi pokazala da je univerzalni jezik kojeg svi razumiju.<\/p>\n<p>&#8220;Sevkas Derman&#8221; je internacionalna grupa nastala 2017. godine u Be\u010du, oki\u0107ena razli\u010ditim nacijama, kulturama, obi\u010dajima, jezicima&#8230; koju su muzika i ljubav prema istoj spojili u jedno.<\/p>\n<p>Specifi\u010dni su po tome \u0161to obra\u0111uju i sviraju sevdah na sebi svojstven na\u010din, a cilj im je privu\u0107i mla\u0111u publiku koja vodi porijeklo s podru\u010dja biv\u0161e Jugoslavije.<\/p>\n<p>Zanimljivo je istaknuti kako su do\u0161li na ideju naziva grupe \u201e&#8221;Sevkas Derman&#8221;. Rije\u010d sev je skra\u0107enica od sevdalinke, rije\u010d kas ima zna\u010denje kaside, a rije\u010d derman zna\u010di lijek.<\/p>\n<p><strong>&#8211; Umjetnici iz razli\u010ditih dr\u017eava &#8211;<\/strong><\/p>\n<p>Saradnja mladih i talentovanih umjetnika iz razli\u010ditih dr\u017eava okupljenih u Be\u010du dovela ih je do inspirativnog projekta. Od bosanskih sevdalinki, melodija pod utjecajem d\u017eeza pa do orijentalnih ritmova i svojih aran\u017emana, grupa &#8220;Sevkas Derman&#8221; spaja te komponente u jedinstvenu harmoniju.<\/p>\n<p>&#8220;Sretni smo \u0161to svjedo\u010dimo svakodnevnom pove\u0107anju interesovanja publike, a posebno se nadamo odazivu mla\u0111ih generacija koje su ro\u0111ene u Austriji, kao i &#8216;Sevkas Derman'&#8221;, ka\u017ee harmonika\u0161 Anel Ahmetovi\u0107 za Anadolu Agency (AA).<\/p>\n<p>On je kazao da \u0107e uspjehom smatrati ako probude pa\u017enju kod mla\u0111e populacije, jer bi se time probudili novi talenti, koji \u0107e &#8220;odr\u017eavati&#8221; sevdalinku.<\/p>\n<p>&#8220;Sevdalinka je dio bosanskog identiteta i jedinstvena na svijetu. Od njih o\u010dekujemo da \u0107e nastaviti putem kojeg mi trenutno kr\u010dimo&#8221;, poja\u0161njava za AA Elnur Mujezinovi\u0107, vokal u bendu.<\/p>\n<p>Ovu multinacionalnu grupu \u010dine mladi ljudi razli\u010ditih zanimanja i poziva.<\/p>\n<p>Mujezinovi\u0107 je vokal u bendu i dolazi iz BiH kao i Anel Ahmetovi\u0107 koji svira harmoniku i rukovodi bendom.<\/p>\n<p>Elnaz Roshtkhari svira tradicionalni iranski instrument santur i dolazi iz Irana kao i Saeid Borna koji svira klavir. Srbijanac Milo\u0161 Vukadinovi\u0107 je zadu\u017een za klarinet i saksofon. Iz Austrije su Hannes Laszakovits koji svira kontrabas i Alexander Hewlett koji svira bubnjeve, dok je Muamer D\u017eankovi\u0107 iz Sand\u017eaka zadu\u017een za menad\u017eerisanje cijelog projekta. Njegova zada\u0107a je dogovaranje nastupa i kontakti s medijima.<\/p>\n<p>\u010clanovi grupe &#8220;Sevkas Derman&#8221; se trenutno pripremaju za koncert koji \u0107e se odr\u017eati u subotu u glavnom gradu Austrije na kojem se o\u010dekuje publika razli\u010ditih generacija, jezika, nacija i vjera, a koje spaja ljubav prema sevdahu.<\/p>\n","protected":false},"excerpt":{"rendered":"<p>Kulturne granice izme\u0111u naroda i civilizacija nikad se nisu vi\u0161e pro\u017eimale kao danas kada \u017eivimo u globalnom dru\u0161tvu koje je dodatno isprepleteno migracijama. Ovo pro\u017eimanje se na najbolji na\u010din osjeti kroz muziku gdje svjedo\u010dimo spajanju razli\u010ditih stilova i formi pri \u010demu nastaju novi muzi\u010dki izrazi, pi\u0161e Anadolu Agency (AA). Austrija je po\u010detkom 2019. imala 8.859.992 [&hellip;]<\/p>\n","protected":false},"author":59,"featured_media":13241,"comment_status":"open","ping_status":"closed","sticky":false,"template":"","format":"standard","meta":{"inline_featured_image":false,"footnotes":""},"categories":[48],"tags":[],"class_list":{"0":"post-13240","1":"post","2":"type-post","3":"status-publish","4":"format-standard","5":"has-post-thumbnail","7":"category-iz-fontane-muzicke-bastine"},"acf":[],"_links":{"self":[{"href":"https:\/\/tvsensor.com\/api\/wp\/v2\/posts\/13240","targetHints":{"allow":["GET"]}}],"collection":[{"href":"https:\/\/tvsensor.com\/api\/wp\/v2\/posts"}],"about":[{"href":"https:\/\/tvsensor.com\/api\/wp\/v2\/types\/post"}],"author":[{"embeddable":true,"href":"https:\/\/tvsensor.com\/api\/wp\/v2\/users\/59"}],"replies":[{"embeddable":true,"href":"https:\/\/tvsensor.com\/api\/wp\/v2\/comments?post=13240"}],"version-history":[{"count":1,"href":"https:\/\/tvsensor.com\/api\/wp\/v2\/posts\/13240\/revisions"}],"predecessor-version":[{"id":13244,"href":"https:\/\/tvsensor.com\/api\/wp\/v2\/posts\/13240\/revisions\/13244"}],"wp:featuredmedia":[{"embeddable":true,"href":"https:\/\/tvsensor.com\/api\/wp\/v2\/media\/13241"}],"wp:attachment":[{"href":"https:\/\/tvsensor.com\/api\/wp\/v2\/media?parent=13240"}],"wp:term":[{"taxonomy":"category","embeddable":true,"href":"https:\/\/tvsensor.com\/api\/wp\/v2\/categories?post=13240"},{"taxonomy":"post_tag","embeddable":true,"href":"https:\/\/tvsensor.com\/api\/wp\/v2\/tags?post=13240"}],"curies":[{"name":"wp","href":"https:\/\/api.w.org\/{rel}","templated":true}]}}