{"id":13234,"date":"2019-09-27T09:47:15","date_gmt":"2019-09-27T09:47:15","guid":{"rendered":"https:\/\/senzor.ba\/?p=13234"},"modified":"2024-01-15T21:45:25","modified_gmt":"2024-01-15T20:45:25","slug":"husinski-rudar-spomenik-rudarima-palim-u-husinskoj-buni-i-revoluciji-grad-tuzla","status":"publish","type":"post","link":"https:\/\/tvsensor.com\/clanak\/husinski-rudar-spomenik-rudarima-palim-u-husinskoj-buni-i-revoluciji-grad-tuzla\/","title":{"rendered":"Husinski rudar &#8211; Spomenik rudarima palim u Husinskoj buni i revoluciji, Grad Tuzla"},"content":{"rendered":"<p><strong>Nacionalni spomenici Tuzlanskog kantona (54\/54)<\/strong><\/p>\n<p>Zavod za za\u0161titu i kori\u0161tenje kulturno-historijskog i prirodnog naslije\u0111a Tuzlanskog kantona, u okviru projekta\u00a0<strong>\u201ePredstavljanja i afirmacije nacionalnih spomenika Bosne i Hercegovine sa podru\u010dja Tuzlanskog kantona u elektronskim i drugim aktuelnim medijima\u201c<\/strong>, kroz posebno pripremljene stru\u010dne priloge (tekst i odabrane fotografije), prezentuje sve nacionalne spomenike sa podru\u010dja Tuzlanskog kantona, koji ujedno predstavljaju najvrijednija dobra na\u0161eg naslije\u0111a.<\/p>\n<p>Prezentovanje pojedinih nacionalnih spomenika a u cilju nihovog afirmisanja u javnosti nastavljamo sljede\u0107im prilogom:<\/p>\n<p><strong>Spomenik \u201eHusinski rudar\u201c u Tuzli <\/strong><\/p>\n<p>Na 29. sjednici Komisije za o\u010duvanje nacionalnih spomenika odr\u017eanoj 16. maja 2019. godine u Sarajevu,\u00a0done\u0161ena je odluka o progla\u0161enju dobra <strong>Spomenik \u2013 Husinski rudar (Spomenik rudarima palim u Husinskoj buni i revoluciji), Grad Tuzla <\/strong>nacionalnim spomenikom Bosne i Hercegovine. Peticiju za progla\u0161enje ovog dobra spomeni\u010dkog i umjetni\u010dkog naslije\u0111a nacionalnim spomenikom BiH podnio je Zavod za za\u0161titu i kori\u0161tenje kulturno-historijskog i prirodnog naslije\u0111a Tuzlanskog kantona, koji je \u201eHusinski Rudar\u201c evidentirao kao dobro naslije\u0111a jo\u0161 24. aprila 1987. godine.<\/p>\n<p><img loading=\"lazy\" decoding=\"async\" class=\"alignnone size-medium\" src=\"http:\/\/www.bhstring.net\/tuzlauslikama\/tuzlarije\/tznews17\/1husinsrudar211.JPG\" width=\"650\" height=\"488\" \/><\/p>\n<p><strong><em>Ovo je 54ti progla\u0161eni nacionalni spomenik na Tuzlanskom kantonu, a 20ti na podru\u010dju Grada Tuzla.<\/em><\/strong><\/p>\n<p>Spomenik je podignut 1956. godine u parku nekada\u0161njeg Radni\u010dkog doma \u201eMo\u0161a Pijade\u201c (danas BKC) u Tuzli. Autor spomenika je Ivan Saboli\u0107, akademski vajar iz Zagreba.<\/p>\n<p>Monumentalni spomenik predstavlja rudara sa pu\u0161kom u desnoj ruci, visoko podignutoj iznad glave i rudarskom krampom u lijevoj ruci. Rudar je napravljen od patinirane bronze i visok je 8 metara. Postavljen je na stepenasti betonski postament oblo\u017een crnim granitnim plo\u010dama. Donji dio postamenta je veli\u010dine 544 x 448 x 120 cm, a gornji 230 x 195 x 55 cm.<\/p>\n<p>Na gornjem dijelu postamenta uklesan je tekst: \u201eRUDARIMA PALIM U HUSINSKOJ BUNI 1920 I NARODNOJ REVOLUCIJI 1941-1945, RUDARI KREKE 27. JULA 1956\u201c<\/p>\n<p>Spomenik je podignut u sje\u0107anje na Husinsku bunu kako je prozvan \u0161trajk rudara iz 1920. godine. Ovaj doga\u0111aj u historiografiji se razmatra u okvirima radni\u010dkog pokreta koji se javio neposredno nakon Prvog svjetskoga rata. Tako\u0111er, mnogi od boraca sa ovog podru\u010dja koji su poginuli u narodnooslobodila\u010dkoj borbi 1941-1945. godine su bili upravo rudari.<\/p>\n<p>Inicijativa za podizanje spomenika Husinskom rudaru pokrenuta je 1952. godine od strane Pa\u0161age Mand\u017ei\u0107a. Odbor za izgradnju spomenika utvrdio je i temu spomenika (rudar koji odbacuje alat, a uzima pu\u0161ku i odlazi u borbu). Uloga savjetnika za izbor rje\u0161enja pripala je Ismetu Mujezinovi\u0107u, a izvedena je prema vajarskom rje\u0161enju skulptora Ivana Saboli\u0107a. Nacionalni spomenik \u010dine skulptorsko djelo i park u koji je postavljeno.<\/p>\n<p>Danas su dijelovi spomenika usljed negativnog uticaja atmosferalija djelimi\u010dno o\u0161te\u0107eni i zahtjevaju adekvatan tretman.<\/p>\n<p>Spomenik ima visoku umjetni\u010dku, izvedbenu i ambijentalnu vrijednost. Vrijeme nastanka, autenti\u010dne graditeljske i umjetni\u010dke karakteristike, historijska i simboli\u010dna vrijednost jesu povod da se ovaj spomenik stavi na vi\u0161i nivo za\u0161tite, odnosno proglasi nacionalnim spomenikom Bosne i Hercegovine.<\/p>\n<p>Projekat \u201ePredstavljanja i afirmacije nacionalnih spomenika Bosne i Hercegovine sa podru\u010dja Tuzlanskog kantona u elektronskim i drugim aktuelnim medijima\u201c, tokom 2018\/2019. godine, provodio je Zavod za za\u0161titu i kori\u0161tenje kulturno-historijskog i prirodnog naslije\u0111a Tuzlanskog kantona, uz saglasnost i podr\u0161ku nadle\u017enog Ministarstva za kulturu, sport i mlade TK.<\/p>\n","protected":false},"excerpt":{"rendered":"<p>Nacionalni spomenici Tuzlanskog kantona (54\/54) Zavod za za\u0161titu i kori\u0161tenje kulturno-historijskog i prirodnog naslije\u0111a Tuzlanskog kantona, u okviru projekta\u00a0\u201ePredstavljanja i afirmacije nacionalnih spomenika Bosne i Hercegovine sa podru\u010dja Tuzlanskog kantona u elektronskim i drugim aktuelnim medijima\u201c, kroz posebno pripremljene stru\u010dne priloge (tekst i odabrane fotografije), prezentuje sve nacionalne spomenike sa podru\u010dja Tuzlanskog kantona, koji ujedno [&hellip;]<\/p>\n","protected":false},"author":59,"featured_media":13235,"comment_status":"open","ping_status":"closed","sticky":false,"template":"","format":"standard","meta":{"inline_featured_image":false,"footnotes":""},"categories":[47,46],"tags":[],"class_list":{"0":"post-13234","1":"post","2":"type-post","3":"status-publish","4":"format-standard","5":"has-post-thumbnail","7":"category-historija","8":"category-kultura"},"acf":[],"_links":{"self":[{"href":"https:\/\/tvsensor.com\/api\/wp\/v2\/posts\/13234","targetHints":{"allow":["GET"]}}],"collection":[{"href":"https:\/\/tvsensor.com\/api\/wp\/v2\/posts"}],"about":[{"href":"https:\/\/tvsensor.com\/api\/wp\/v2\/types\/post"}],"author":[{"embeddable":true,"href":"https:\/\/tvsensor.com\/api\/wp\/v2\/users\/59"}],"replies":[{"embeddable":true,"href":"https:\/\/tvsensor.com\/api\/wp\/v2\/comments?post=13234"}],"version-history":[{"count":1,"href":"https:\/\/tvsensor.com\/api\/wp\/v2\/posts\/13234\/revisions"}],"predecessor-version":[{"id":13236,"href":"https:\/\/tvsensor.com\/api\/wp\/v2\/posts\/13234\/revisions\/13236"}],"wp:featuredmedia":[{"embeddable":true,"href":"https:\/\/tvsensor.com\/api\/wp\/v2\/media\/13235"}],"wp:attachment":[{"href":"https:\/\/tvsensor.com\/api\/wp\/v2\/media?parent=13234"}],"wp:term":[{"taxonomy":"category","embeddable":true,"href":"https:\/\/tvsensor.com\/api\/wp\/v2\/categories?post=13234"},{"taxonomy":"post_tag","embeddable":true,"href":"https:\/\/tvsensor.com\/api\/wp\/v2\/tags?post=13234"}],"curies":[{"name":"wp","href":"https:\/\/api.w.org\/{rel}","templated":true}]}}