{"id":13214,"date":"2019-09-26T10:58:42","date_gmt":"2019-09-26T10:58:42","guid":{"rendered":"https:\/\/senzor.ba\/?p=13214"},"modified":"2024-01-15T21:45:26","modified_gmt":"2024-01-15T20:45:26","slug":"nakon-ramazana-otvorenje-dzamije-u-ljubljani","status":"publish","type":"post","link":"https:\/\/tvsensor.com\/clanak\/nakon-ramazana-otvorenje-dzamije-u-ljubljani\/","title":{"rendered":"Nakon ramazana otvorenje d\u017eamije u Ljubljani"},"content":{"rendered":"<p>Muslimanski kulturni centar sa d\u017eamijom u Ljubljani dobio je upotrebnu dozvolu, potvrdio je muftija ljubljanski Ned\u017ead Grabus. Otvaranje d\u017eamije predvi\u0111eno je nakon mjeseca ramazana 2020. godine.<\/p>\n<p>Podsje\u0107amo, prva inicijativa za gradnju d\u017eamije u Ljubljani pokrenuta je 21. maja 1969. godine. Zvani\u010dni zahtjev Islamske zajednice odgovornim institucijama u Ljubljani predao je tada\u0161nji reisu-l-ulema Sulejman ef. Kemura.<\/p>\n<div class=\"article hasRelatedCard hasRelatedImg hasRelatedCardBody hasRelatedHeader\">\n<div class=\"card\"><\/div>\n<\/div>\n<p>2008. godine IZ u Sloveniji kupila je zemlji\u0161te za gradnju d\u017eamije u sredi\u0161tu grada. Na javnom me\u0111unarodnom arhitektonskom natje\u010daju za idejno rje\u0161enje Muslimanskog kulturnog centra 2011. godine sudjelovala su 44 arhitektonska biroa. Prvo mjesto pripalo je arhitektonskom birou Bevk&amp;Perovi\u0107 arhitekti, d.o.o., iz Ljubljane.<\/p>\n<p>Islamska zajednica je gra\u0111evinsku dozvolu dobila u septembru 2013., a kamen temeljac za izgradnju d\u017eamije i Muslimanskog kulturnog centra postavljen je 14. septembra 2013. godine. U maju 2016. godine, postavljanjem alema, zavr\u0161ena je izgradnja 40 metara visoke munare.<\/p>\n<p>Muslimanski kulturni centar i d\u017eamija sagra\u0111eni su na ne\u0161to vi\u0161e od 12.000 m2 upotrebnog prostora, a dodatne otvorene povr\u0161ine \u010dine kaskadni park i harem d\u017eamije na oko 5.000 m2, pi\u0161e Preporod.<\/p>\n<p>&#8211; Dobivanje upotrebne dozvole je ispunjenje cilja kojemu su te\u017eili muslimani u Sloveniji ve\u0107 pedeset godina. Slijedi nam registriranje kompletnog kompleksa u katastar i slu\u017ebeno dobivanje adrese na\u0161eg centra. U narednom periodu preostaju nam zavr\u0161ni radovi na kupoli d\u017eamije, mihraba, minbera, abdesthane te kupovina namje\u0161taja u kompletnom centru. Cijeli kompleks je gra\u0111en savremenom tehnikom i vjerovatno se radi o najmodernijem centru kojeg muslimani imaju u Evropi, kazao nam je muftija Grabus.<\/p>\n<div class=\"article hasRelatedCard hasRelatedImg hasRelatedCardBody hasRelatedHeader\">\n<div class=\"card\"><\/div>\n<\/div>\n<p>On je ovom prilikom posebno izrazio zahvalnost dr\u017eavi Katar na bezuvjetnoj pomo\u0107i u procesu izgradnje d\u017eamije u Ljubljani.<\/p>\n<p>MojaBiH<\/p>\n","protected":false},"excerpt":{"rendered":"<p>Muslimanski kulturni centar sa d\u017eamijom u Ljubljani dobio je upotrebnu dozvolu, potvrdio je muftija ljubljanski Ned\u017ead Grabus. Otvaranje d\u017eamije predvi\u0111eno je nakon mjeseca ramazana 2020. godine. Podsje\u0107amo, prva inicijativa za gradnju d\u017eamije u Ljubljani pokrenuta je 21. maja 1969. godine. Zvani\u010dni zahtjev Islamske zajednice odgovornim institucijama u Ljubljani predao je tada\u0161nji reisu-l-ulema Sulejman ef. Kemura. [&hellip;]<\/p>\n","protected":false},"author":59,"featured_media":13219,"comment_status":"open","ping_status":"closed","sticky":false,"template":"","format":"standard","meta":{"inline_featured_image":false,"footnotes":""},"categories":[57],"tags":[],"class_list":{"0":"post-13214","1":"post","2":"type-post","3":"status-publish","4":"format-standard","5":"has-post-thumbnail","7":"category-religija"},"acf":[],"_links":{"self":[{"href":"https:\/\/tvsensor.com\/api\/wp\/v2\/posts\/13214","targetHints":{"allow":["GET"]}}],"collection":[{"href":"https:\/\/tvsensor.com\/api\/wp\/v2\/posts"}],"about":[{"href":"https:\/\/tvsensor.com\/api\/wp\/v2\/types\/post"}],"author":[{"embeddable":true,"href":"https:\/\/tvsensor.com\/api\/wp\/v2\/users\/59"}],"replies":[{"embeddable":true,"href":"https:\/\/tvsensor.com\/api\/wp\/v2\/comments?post=13214"}],"version-history":[{"count":1,"href":"https:\/\/tvsensor.com\/api\/wp\/v2\/posts\/13214\/revisions"}],"predecessor-version":[{"id":13220,"href":"https:\/\/tvsensor.com\/api\/wp\/v2\/posts\/13214\/revisions\/13220"}],"wp:featuredmedia":[{"embeddable":true,"href":"https:\/\/tvsensor.com\/api\/wp\/v2\/media\/13219"}],"wp:attachment":[{"href":"https:\/\/tvsensor.com\/api\/wp\/v2\/media?parent=13214"}],"wp:term":[{"taxonomy":"category","embeddable":true,"href":"https:\/\/tvsensor.com\/api\/wp\/v2\/categories?post=13214"},{"taxonomy":"post_tag","embeddable":true,"href":"https:\/\/tvsensor.com\/api\/wp\/v2\/tags?post=13214"}],"curies":[{"name":"wp","href":"https:\/\/api.w.org\/{rel}","templated":true}]}}