{"id":13211,"date":"2019-09-26T10:54:18","date_gmt":"2019-09-26T10:54:18","guid":{"rendered":"https:\/\/senzor.ba\/?p=13211"},"modified":"2024-01-15T21:45:26","modified_gmt":"2024-01-15T20:45:26","slug":"svoj-politicki-polozaj-u-norveskoj-koristi-za-promociju-bih","status":"publish","type":"post","link":"https:\/\/tvsensor.com\/clanak\/svoj-politicki-polozaj-u-norveskoj-koristi-za-promociju-bih\/","title":{"rendered":"Svoj politi\u010dki polo\u017eaj u Norve\u0161koj koristi za promociju BiH"},"content":{"rendered":"<p>Ahmed Lindov, na posljednjim op\u0107inskim izborima, dobio je mandat kao vije\u0107nik op\u0107ine Kvinesdal. Ovo \u0107e biti drugi mandat Lindova u op\u0107inskom vije\u0107u. Ro\u0111en je 1993. godine, a porijeklom je iz na\u0161e Bosne i Hercegovine. O odnosima Norve\u0161ke sa BiH, Srebrenici i klju\u010dnim razlikama mladih u ove dvije zemlje Ahmed Lindov razgovarao je za Intelektualno<\/p>\n<p><strong>Ponovo ste izabrani u Op\u0107insko vije\u0107e op\u0107ine Kvinesdal u Kraljevini Norve\u0161koj, koliko ste zadovoljni prethodnim mandatom i koji su Va\u0161i planovi za naredni mandat?<\/strong><\/p>\n<p><em>Lindov<\/em>:\u00a0Prethodnim mandatom sam zadovoljan. Moja stranka je ovaj period provela u opoziciji, ali sam bez obzira na to, imao vi\u0161e usvojenih prijedloga. Jedan takav je, naprimjer, dodjela stipendija za studente od strane Op\u0107ine, koji svakodnevno putuju na fakultete u drugim gradovima. Drugo \u0161to bih istakao je da smo uspjeli sprovesti prijedlog o upotrebi elektri\u010dnih automobila. Pro\u0161le sedmice je objavljen prvi tender za kupovinu dva elektri\u010dna auta, koje \u0107e koristiti Op\u0107ina. Prije tri godine je napravljena prva stanica za punjenje elektri\u010dnih automobila, dok je druga trenutno u pripremi. Sve navedeno je vezano za op\u0107inu Kvinesdal. Me\u0111utim, drugi pravac u kojem sam i\u0161ao, jeste povezivanje Kraljevine Norve\u0161ke i BiH. Kroz cijeli prvi mandat sam nastojao da koristim svoj politi\u010dki polo\u017eaj u Norve\u0161koj, da bih promovirao BiH i podigao svijest kod Norve\u017eana o na\u0161em narodu, kao pozitivnom i vrijednom narodu. To \u0107u, naravno, nastaviti i u sljede\u0107em mandatu. Ono \u0161to sam na ovom polju uradio, jeste inicijativa da se izjedna\u010de penzijska prava Bo\u0161njaka u Norve\u0161koj. Za to nam je potrebna izmjena zakona. Ja sam predao ovu inicijativu stranci, a stranka je predlo\u017eila Parlamentu izmjenu zakona, koju vladaju\u0107e stranke, na\u017ealost, nisu podr\u017eale. Me\u0111utim, ja \u0107u nastaviti sa borbom sve dok se to ne promijeni. Tako\u0111er, trenutno radim na tome da jedna dje\u010dija fudbalska ekipa posjeti Norve\u0161ku sljede\u0107e godine i u\u010destvuje na najve\u0107em dje\u010dijem turniru na svijetu &#8220;Norway Cup&#8221;. Dalje, radimo na iznala\u017eenju mogu\u0107nosti za kori\u0161tenje reumalnih lje\u010dili\u0161ta u BiH za pacijente iz Norve\u0161ke. Uspjeh u ovoj akciji zna\u010dilo bi da u BiH imamo pove\u0107an broj korisnika ovih usluga, a time bi ja\u010dali ovu granu usluge u na\u0161oj domovini.<\/p>\n<div class=\"Article-centralEmbed\">\n<div class=\"Article-imageEmbed\"><img decoding=\"async\" src=\"https:\/\/mbapi.oslobodjenje.ba\/storage\/images\/a214\/ad47\/3742\/69733271_10157043197026758_3125305735450198016_n.jpg\" alt=\"image\" \/><\/div>\n<\/div>\n<p><strong>Kakav je, po Va\u0161em mi\u0161ljenju, polo\u017eaj Bo\u0161njaka u Kraljevini Norve\u0161koj? Mo\u017eete li nam objasniti kakav je odnos matice prema dijaspori i obrnuto, te kako pobolj\u0161ati na\u0161e odnose?<\/strong><\/p>\n<p>&#8211;\u00a0Bo\u0161njaci imaju dobar polo\u017eaj u norve\u0161kom dru\u0161tvu. Mi smo, kao nacija, najbolje integrisani u norve\u0161ko dru\u0161tvo. Imamo najve\u0107u stopu visoko obrazovanih ljudi, od svih skupina u Norve\u0161koj. Od Norve\u017eana smo, kao narod, dobro prihva\u0107eni i po\u0161tovani. Na\u017ealost, nakon 25 godina boravka Bo\u0161njaka u Norve\u0161koj de\u0161ava se problem sa asimilacijom. Postaje sve te\u017ee mlade aktivirati i anga\u017eovati u udru\u017eenja, te ih dovesti na okupljanja koja imaju za cilj promovisanje BiH i bosanskog jezika. Odnos matice prema dijaspori u Norve\u0161koj je isti kao i prema \u010ditavoj dijaspori. Na\u017ealost na\u0161a domovina do sad nije imala mogu\u0107nosti da se brine, u dovoljnoj mjeri, o svojim gra\u0111anima izvan granica. Ja to razumijem. Ustav BiH je, blago re\u010deno, komplikovan, te je te\u0161ko o\u010dekivati da na\u0161a domovina mo\u017ee odr\u017eavati jake institucionalne odnose. Mi imamo Ambasadu BiH u Kraljevini Norve\u0161koj, te na taj na\u010din ja\u010damo vezu sa domovinom i njenim institucijama. Odnosi se mogu pobolj\u0161ati aktivnim radom na\u0161ih ljudi, kako u Norve\u0161koj, tako i u BiH. U zadnjim godinama su se desili odre\u0111eni iskoraci kada je u pitanju odnos domovine prema gra\u0111anima u dijaspori, \u0161to je naravno za pohvalu. Na nama u dijaspori je da to iskoristimo.<\/p>\n<p><strong>Gdje Vi vidite mogu\u0107i napredak odnosa izme\u0111u BiH i Norve\u0161ke?<\/strong><\/p>\n<div class=\"article hasRelatedCard hasRelatedImg hasRelatedCardBody hasRelatedHeader\">\n<div class=\"card\">\n<div class=\"small-article-img\">&#8211; Pobolj\u0161anje odnosa je mogu\u0107e ostvariti na dosta polja. Ja smatram da se odnosi najbolje ja\u010daju kroz privredu. Na\u017ealost, bh. proizvodi nisu u ve\u0107oj koli\u010dini stizali u Norve\u0161ku. To moramo promijeniti. Jako je va\u017eno kupovati doma\u0107e proizvode, kada god isti do\u0111u do Norve\u0161ke, bez obzira na skuplju cijenu zbog carine. Mi, koji \u017eivimo van granica BiH, trebamo koristiti svoj polo\u017eaj i poznavanje jezika za uvezivanje ljudi i privrednika u Norve\u0161koj sa ljudima i privredom u BiH. Kroz ekonomsku saradnju mo\u017eemo pobolj\u0161ati ekonomsku situaciju u BiH, a samim time pobolj\u0161ati \u017eivotni standard gra\u0111ana u BiH. To je ne\u0161to \u0161to svi mo\u017eemo uraditi. Naprimjer, svi koji \u017eive u dijaspori imaju prijatelje Norve\u017eane, neka ih pozovu na ljetovanje. Svaki turista nosi sa sobom ekonomski dobitak. Pove\u0107anjem broja turista u BiH poma\u017eemo razvoj ekonomije. Tako\u0111er, dijaspora mora biti lojalnija prema domovini. Moramo kupovati na\u0161e proizvode. Naprimjer, kada putujemo za BiH, koristimo avio linije koji idu za na\u0161u domovinu, a ne za susjedne zemlje. Na taj na\u010din poma\u017eemo razvoj saobra\u0107aja na\u0161e domovine, a ne tu\u0111inske. Od nas zavisi da li \u0107e avio letovi za BiH opstati.<\/div>\n<\/div>\n<\/div>\n<p><strong>Jedan ste od organizatora\u00a0<em>posjete norve\u0161kih bajkera Srebrenici<\/em>. Kako ste zadovoljni organizacijom i kako je pro\u0161la posjeta Srebrenici? Mo\u017eete li nam re\u0107i, koliko Norve\u017eani znaju o genocidu u Srebrenici i generalno o agresiji na Republiku BiH?<\/strong><\/p>\n<p>&#8211; Ovog ljeta sam bio u organizaciji dolaska norve\u0161kog udru\u017eenja &#8220;Bikes for Peace&#8221; u BiH. Zadovoljan sam organizacijom. U\u010desnici su odu\u0161evljeni uslugom u BiH, ali i samom dr\u017eavom. Jako sam sretan \u0161to su osjetili ljepotu bosanske prirode i bosanskog \u010dovjeka. Mi smo imali biciklisti\u010dku rutu Sarajevo &#8211; Srebrenica preko Vlasenice i Zvornika. Tako smo u\u010desnicima pokazali podru\u010dje gdje je po\u010dinjen genocid i etni\u010dko \u010di\u0161\u0107enje od 1992. do 1995. Prvo mjesto koje smo posjetili bio je logor Su\u0161ica u Vlasenici. Potom smo obi\u0161li Vlasenicu i Zvornik, nakon \u010dega smo stigli u Srebrenicu i memorijalni centar u Poto\u010darima. Tada su vidjeli more bijelih ni\u0161ana i tek tada su shvatili \u0161ta je to genocid u Srebrenici. Postali su svjesni da svi oni brojevi \u017ertava, o kojima pri\u010damo, imaju imena i prezimena, te da su to bili o\u010devi, sinovi\u2026 Ti\u0161ina se uvukla me\u0111u u\u010desnike i sa po\u0161tovanjem su obi\u0161li memorijalni centar. Jedino \u0161to su rekli, prilikom izlaska iz Centra, jeste da se to vi\u0161e ne smije nikada desiti i da se ne smije zaboraviti. Oni sada \u017eele da pri\u010du o genocidu u Bosni podignu, za norve\u0161ki narod, na jedan ve\u0107i nivo. Smatraju da o ovom doga\u0111aju moraju i moramo mnogo vi\u0161e u\u010diti, radi \u017ertava i radi njihovih porodica, da se zna da su oni ti koji su bili na pravoj strani historije i da su zbog toga mu\u010dki ubijani. Meni je drago \u0161to sam uspio pokazati gostima iz Norve\u0161ke da genocid nije bio samo u Srebrenici, ve\u0107 da je \u010ditavo podru\u010dje manjeg bh. entiteta mjesto genocida nad Bo\u0161njacima.<\/p>\n<div class=\"article hasRelatedCard hasRelatedImg hasRelatedCardBody hasRelatedHeader\">\n<div class=\"card\">\n<div class=\"small-article-img\">Norve\u017eani, kao narod, mnogo znaju o de\u0161avanjima u BiH u periodu od 1992. do 1995. Me\u0111utim, njihovo znanje se svodi samo na to da je ovdje bio rat. \u010cak ga neki karakteri\u0161u kao gra\u0111anski rat, koji je kulminirao genocidom u Srebrenici. Zadnjih godina se poku\u0161ava izjedna\u010diti uloga AR BiH i VRS, \u0161to nas zapravo mora motivisati da vi\u0161e govorimo o ovoj temi i da cijeli svijet \u010duje istinu. Poslije ovogodi\u0161nje posjete BiH, grupa bajkera, o kojoj sam maloprije govorio, je ve\u0107 organizirala vi\u0161e predavanja \u0161irom jugozapadne Norve\u0161ke na temu genocid u BiH. Biv\u0161i na\u010delnik Kvinesdala gospodin Svein Arne Jerstad i ja smo 28. augusta 2019. imali izno\u0161enje izvje\u0161taja op\u0107inskom vije\u0107u, te je za to vrijeme ispred govornice bila oka\u010dena majica sa natpisom \u201eMar\u0161 Mira 2019 Sarajevo-Nezuk-Poto\u010dari\u201c. To je bilo prvo obra\u0107anje o genocidu u BiH u Norve\u0161koj poslije posjete norve\u0161kih aktivista. Tokom jeseni i zime \u0107e bit jo\u0161 najmanje sedam predavanja. Tako da \u0107emo na ovom podru\u010dju Norve\u0161ke uspjeti popraviti znanje o genocidu i agresiji na Republiku BiH.<\/div>\n<\/div>\n<\/div>\n<div class=\"Article-centralEmbed\">\n<div class=\"Article-imageEmbed\">\n<figure style=\"width: 1280px\" class=\"wp-caption alignnone\"><img loading=\"lazy\" decoding=\"async\" src=\"https:\/\/mbapi.oslobodjenje.ba\/storage\/images\/a214\/ad47\/3744\/IMG_5306.jpg\" alt=\"image\" width=\"1280\" height=\"960\" \/><figcaption class=\"wp-caption-text\">Bikes for peace u posjeti BiH<\/figcaption><\/figure>\n<\/div>\n<\/div>\n<p><strong>Koje su po Vama klju\u010dne razlike izme\u0111u mladih u BiH i omladine u Kraljevini Norve\u0161koj?<\/strong><\/p>\n<p>&#8211; Klju\u010dna razlika je \u0161to omladina u BiH mora svakodnevno slu\u0161ati politi\u010dka natezanja i prijetnje, koje se ne mijenjaju evo ve\u0107 20 godina. Uvijek je na fonu ista pri\u010da, kojom se nastoje prestra\u0161iti gra\u0111ani i to od onih politi\u010dara \u010dije su ideje pora\u017eene na rati\u0161tima u BiH i pred me\u0111unarodnim sudom u Haagu. Taj zaga\u0111eni medijski prostor uti\u010de na svijest omladine, te je to po mom mi\u0161ljenju jedan od glavnih razloga za\u0161to je omladina fokusirana na odlazak iz domovine. Mladi u Norve\u0161koj to ne moraju slu\u0161ati, te su vi\u0161e fokusirani na svoj razvoj i doprinos dru\u0161tvu. Druga razlika je da mladi u Norve\u0161koj nemaju veliku podr\u0161ku porodice kroz \u017eivot. Pri ovome mislim na finansijsku podr\u0161ku. Norve\u017eani kada napune 18 godina, uglavnom napuste svoje domove i po\u010dinju samostalan \u017eivot. Dok zavr\u0161e fakultet imaju velike dugove, jer u Norve\u0161koj nema stipendija, ve\u0107 se di\u017ee studentski kredit, od kojeg mo\u017ee\u0161 dobiti 40% kao stipendiju, ukoliko zavr\u0161i\u0161 sve u roku. Time omladina dobije ve\u0107u \u017eelju za borbom i dokazivanjem da bi uspjeli. U BiH je suprotna situacija, gdje se uglavnom roditelji \u017ertvuju za svoju djecu, nastoje\u0107i im obezbijediti bolje uslove. \u00a0Po mom mi\u0161ljenju, to je kontraproduktivno, jer na\u0161a omladina nije dovoljno borbena i nema ve\u0107e \u017eelje za dokazivanjem. Kasnije kada pro\u0111u odre\u0111ene godine bude da je uvijek neko drugi kriv, dr\u017eava jer nam nije obezbijedila ili u\u010ditelj koji nas \u201ene voli\u201c. Jednostavnijim rije\u010dnikom, omladina je li\u0161ena odgovornosti za svoje postupke i uvijek tra\u017eimo nekog drugog ko \u0107e platiti cijenu za na\u0161e gre\u0161ke, a to su uglavnom roditelji i dru\u0161tvo.<\/p>\n<p><strong>Koja je Va\u0161a poruka mladima u domovini?<\/strong><\/p>\n<div class=\"article hasRelatedCard hasRelatedImg hasRelatedCardBody hasRelatedHeader\">\n<div class=\"card\">\n<div class=\"small-article-img\">&#8211; Moja poruka mladima je da gradimo na\u0161u domovinu zajedno, da po\u0161tujemo jedni druge, jer ne mo\u017eemo ni\u0161ta sami posti\u0107i. Svaki \u010dovjek je ovisan o nekome. Zato se trebamo okrenuti jedni drugima i po\u010deti graditi svoju zajednicu. Kad je na\u0161a lokalna zajednica dobra, onda nam je grad bolji, kad nam je grad bolji onda nam je dr\u017eava bolja, a kad je dr\u017eava bolja onda je i \u017eivot u istoj bolji. Razvoj \u017eivotnog standarda ne\u0107e do\u0107i preko no\u0107i, na nama mladima je da ga gradimo bolju budu\u0107nost. Ovu borbu moramo ozbiljno shvatiti, jer bez jake domovine nema nas kao naroda. Za opstanak ovog naroda se prolilo mnogo krvi, to nikad ne smijemo zaboraviti. Borci su se borili protiv agresora. Odbranili su nas, sad se moramo mi boriti za bolji \u017eivot. Pobjedu na ovom \u201eterenu\u201c ne mo\u017ee niko drugi izboriti za nas, osim nas samih. Pozivam sve mlade u BiH da krenu sa manjim koracima, neka po\u0161tuju jedni druge i neka po\u0161tuju zakone. Kada vozimo auto nemojmo kr\u0161iti saobra\u0107ajna pravila. To neka bude prvi stepen po\u0161tovanja dru\u0161tva, jer kr\u0161enjem pravila najvi\u0161e gube mladi. Kad nam svima u svijest u\u0111e da trebamo po\u0161tovati saobra\u0107ajne propise onda \u0107emo automatski po\u0161tovati i druge zakone.\u00a0<em>Uvijek trebamo cijeniti na\u0161u individualnost i ne trebamo poku\u0161avati biti neko drugi. Uvijek trebamo akcenat stavljati na nas, na na\u0161e znanje, a ne na stvari koje posjedujemo. Budimo ponosni na sebe i gledajmo kako sebe da unaprijedimo znanjem i iskustvom. Nemojmo dopustit da nas materijalne stvari dijele, i nemojmo strahovati od te\u0161kog rada. Mi mo\u017eemo razviti Bosnu i Hercegovinu, zato po\u010dnimo odmah!<\/em><\/div>\n<\/div>\n<\/div>\n","protected":false},"excerpt":{"rendered":"<p>Ahmed Lindov, na posljednjim op\u0107inskim izborima, dobio je mandat kao vije\u0107nik op\u0107ine Kvinesdal. Ovo \u0107e biti drugi mandat Lindova u op\u0107inskom vije\u0107u. Ro\u0111en je 1993. godine, a porijeklom je iz na\u0161e Bosne i Hercegovine. O odnosima Norve\u0161ke sa BiH, Srebrenici i klju\u010dnim razlikama mladih u ove dvije zemlje Ahmed Lindov razgovarao je za Intelektualno Ponovo [&hellip;]<\/p>\n","protected":false},"author":59,"featured_media":13212,"comment_status":"open","ping_status":"closed","sticky":false,"template":"","format":"standard","meta":{"inline_featured_image":false,"footnotes":""},"categories":[75],"tags":[],"class_list":{"0":"post-13211","1":"post","2":"type-post","3":"status-publish","4":"format-standard","5":"has-post-thumbnail","7":"category-intervju"},"acf":[],"_links":{"self":[{"href":"https:\/\/tvsensor.com\/api\/wp\/v2\/posts\/13211","targetHints":{"allow":["GET"]}}],"collection":[{"href":"https:\/\/tvsensor.com\/api\/wp\/v2\/posts"}],"about":[{"href":"https:\/\/tvsensor.com\/api\/wp\/v2\/types\/post"}],"author":[{"embeddable":true,"href":"https:\/\/tvsensor.com\/api\/wp\/v2\/users\/59"}],"replies":[{"embeddable":true,"href":"https:\/\/tvsensor.com\/api\/wp\/v2\/comments?post=13211"}],"version-history":[{"count":2,"href":"https:\/\/tvsensor.com\/api\/wp\/v2\/posts\/13211\/revisions"}],"predecessor-version":[{"id":13217,"href":"https:\/\/tvsensor.com\/api\/wp\/v2\/posts\/13211\/revisions\/13217"}],"wp:featuredmedia":[{"embeddable":true,"href":"https:\/\/tvsensor.com\/api\/wp\/v2\/media\/13212"}],"wp:attachment":[{"href":"https:\/\/tvsensor.com\/api\/wp\/v2\/media?parent=13211"}],"wp:term":[{"taxonomy":"category","embeddable":true,"href":"https:\/\/tvsensor.com\/api\/wp\/v2\/categories?post=13211"},{"taxonomy":"post_tag","embeddable":true,"href":"https:\/\/tvsensor.com\/api\/wp\/v2\/tags?post=13211"}],"curies":[{"name":"wp","href":"https:\/\/api.w.org\/{rel}","templated":true}]}}