{"id":1321,"date":"2019-03-01T16:15:18","date_gmt":"2019-03-01T16:15:18","guid":{"rendered":"https:\/\/senzor.ba\/?p=1321"},"modified":"2024-01-15T21:49:47","modified_gmt":"2024-01-15T20:49:47","slug":"divjak-treba-se-boriti-da-djeca-saznaju-istinu-a-pravdu-cemo-valjda-docekati","status":"publish","type":"post","link":"https:\/\/tvsensor.com\/clanak\/divjak-treba-se-boriti-da-djeca-saznaju-istinu-a-pravdu-cemo-valjda-docekati\/","title":{"rendered":"Divjak: Treba se boriti da djeca saznaju istinu, a pravdu \u0107emo valjda do\u010dekati"},"content":{"rendered":"\n<p>Legendarni general Armije Republike Bosne i Hercegovine (RBiH) i \npredsjednik asocijacije \u201cObrazovanje gradi BiH\u201d Jovan Divjak smatra kako\n je 1. mart veoma zna\u010dajan datum za na\u0161u zemlju.<\/p>\n\n\n\n<p>No, isto tako poru\u010duje da je mali broj gra\u0111ana i gra\u0111anki koji po\u0161tuju dr\u017eavu u kojoj \u017eive<\/p>\n\n\n\n<p>\u201e\u010cestitam 1. mart gra\u0111anima Bosne i Hercegovine. Na\u017ealost, mali je \nbroj onih koji po\u0161tuju dr\u017eavu u kojoj \u017eive, iako nas je ve\u0107ina za BiH\u201c, \nporu\u010dio je Divjak.<\/p>\n\n\n\n<p>Istaknuo je kako se ovaj iznimno zna\u010dajan datum ni ove godine se ne slavi na cijeloj teritoriji na\u0161e zemlje.<\/p>\n\n\n\n<p>Kada je obrazovanje u pitanju, napomenuo je da se treba odati po\u010dast \nnastavnicima i profesorima historije u periodu od 1992. do 1995. godine.<\/p>\n\n\n\n<p>\u201eTo je bio duhovni otpor. Treba se boriti da, kroz historiju, djeca \nsaznaju istinu, a pravdu \u0107emo valjda do\u010dekati. Na nastavnicima historije\n velika je odgovornost i ozbiljnost da tako educiraju u\u010denike\u201d, kazao \nje.<\/p>\n\n\n\n<p>Jovan Divjak je mi\u0161ljenja da \u201cpro\u0161lu historiju ne znamo, ovu sada\u0161nju ne po\u0161tujemo, a ne znamo ni \u0161ta \u0107emo u budu\u0107nosti.\u201d<\/p>\n\n\n\n<p>Podsjetimo, u Bosni i Hercegovini danas se obilje\u017eava 27. godi\u0161njica od progla\u0161enja dr\u017eavne nezavisnosti.<\/p>\n\n\n\n<p>Prvog marta 1992, drugog dana referenduma za nezavisnost ove zemlje, \nustanovljeno je da je 98 procenata od 65 posto gra\u0111anki i gra\u0111ana ove \nzemlje, koliko ih je iza\u0161lo na referendum, poru\u010dilo da su \u201cza nezavisnu \ndr\u017eavu svih njenih naroda\u201d.<\/p>\n\n\n\n<p>BiH je svoju nezavisnost zatra\u017eila u vrijeme raspada Socijalisti\u010dke  Federativne Republike Jugoslavije (SFRJ), nakon Hrvatske i Slovenije.  Vrijedi napomenuti da je 11. oktobra 1991, na sjednici Skup\u0161tine BiH,  izglasan Akt o reafirmaciji suverenosti Republike nakon \u010dega su bh.  predstavnici napustili organe SFRJ, \u010dekaju\u0107i sporazum o budu\u0107nosti  zemlje.<\/p>\n\n\n\n<p>radiosarajevo.ba<\/p>\n","protected":false},"excerpt":{"rendered":"<p>Legendarni general Armije Republike Bosne i Hercegovine (RBiH) i predsjednik asocijacije \u201cObrazovanje gradi BiH\u201d Jovan Divjak smatra kako je 1. mart veoma zna\u010dajan datum za na\u0161u zemlju. No, isto tako poru\u010duje da je mali broj gra\u0111ana i gra\u0111anki koji po\u0161tuju dr\u017eavu u kojoj \u017eive \u201e\u010cestitam 1. mart gra\u0111anima Bosne i Hercegovine. Na\u017ealost, mali je broj [&hellip;]<\/p>\n","protected":false},"author":59,"featured_media":1322,"comment_status":"open","ping_status":"closed","sticky":false,"template":"","format":"standard","meta":{"inline_featured_image":false,"footnotes":""},"categories":[37,38],"tags":[],"class_list":{"0":"post-1321","1":"post","2":"type-post","3":"status-publish","4":"format-standard","5":"has-post-thumbnail","7":"category-vijesti","8":"category-vijesti-iz-bih"},"acf":[],"_links":{"self":[{"href":"https:\/\/tvsensor.com\/api\/wp\/v2\/posts\/1321","targetHints":{"allow":["GET"]}}],"collection":[{"href":"https:\/\/tvsensor.com\/api\/wp\/v2\/posts"}],"about":[{"href":"https:\/\/tvsensor.com\/api\/wp\/v2\/types\/post"}],"author":[{"embeddable":true,"href":"https:\/\/tvsensor.com\/api\/wp\/v2\/users\/59"}],"replies":[{"embeddable":true,"href":"https:\/\/tvsensor.com\/api\/wp\/v2\/comments?post=1321"}],"version-history":[{"count":1,"href":"https:\/\/tvsensor.com\/api\/wp\/v2\/posts\/1321\/revisions"}],"predecessor-version":[{"id":1323,"href":"https:\/\/tvsensor.com\/api\/wp\/v2\/posts\/1321\/revisions\/1323"}],"wp:featuredmedia":[{"embeddable":true,"href":"https:\/\/tvsensor.com\/api\/wp\/v2\/media\/1322"}],"wp:attachment":[{"href":"https:\/\/tvsensor.com\/api\/wp\/v2\/media?parent=1321"}],"wp:term":[{"taxonomy":"category","embeddable":true,"href":"https:\/\/tvsensor.com\/api\/wp\/v2\/categories?post=1321"},{"taxonomy":"post_tag","embeddable":true,"href":"https:\/\/tvsensor.com\/api\/wp\/v2\/tags?post=1321"}],"curies":[{"name":"wp","href":"https:\/\/api.w.org\/{rel}","templated":true}]}}