{"id":13202,"date":"2019-09-26T10:51:02","date_gmt":"2019-09-26T10:51:02","guid":{"rendered":"https:\/\/senzor.ba\/?p=13202"},"modified":"2024-01-15T21:45:26","modified_gmt":"2024-01-15T20:45:26","slug":"zasto-greta-thunberg-izluduje-svoje-kriticare","status":"publish","type":"post","link":"https:\/\/tvsensor.com\/clanak\/zasto-greta-thunberg-izluduje-svoje-kriticare\/","title":{"rendered":"Za\u0161to Greta Thunberg izlu\u0111uje svoje kriti\u010dare?"},"content":{"rendered":"<p class=\"story-lead\">Ona je ikona nara\u0161taja mladih koji ustaje protiv klimatskih promjena. Ali Greta Thunberg izaziva prijezir i porugu onih koji je smatraju lutkom na koncu ekolo\u0161ke evangelizacije.<\/p>\n<p>\u0160ve\u0111anka je sa 16 godina postala glasono\u0161om milijuna zabrinute mlade\u017ei koji razvrstavaju svoje sme\u0107e, \u010diste pla\u017ee, okre\u0107u le\u0111a mesu i zrakoplovima i glasaju za zelene.<\/p>\n<p>Prije samo 12 mjeseci, na po\u010detku \u0161kolske godine, ta je u\u010denica devetog razreda ostavila svoje ud\u017ebenike i bilje\u017enice kod ku\u0107e i ispred \u0161vedskog parlamenta po\u010dela prosvjedovati, sama samcata, kako bi podigla svijest o potrebi hitne akcije u borbi s klimatskim promjenama.<\/p>\n<p>Njezin &#8220;\u0161kolski \u0161trajk&#8221; nakon nekoliko je tjedana privukao pa\u017enju dru\u0161tvenih mre\u017ea, a potom i svjetskih medija \u010dime je ro\u0111en pokret &#8220;Petkom za budu\u0107nost&#8221;.<\/p>\n<p>Fenomen je postao viralan. Greta na svojim ra\u010dunima na Twitteru i Instagramu ima \u0161est milijuna sljedbenika.<\/p>\n<p>Kao neslu\u017ebena glasnogovornica generacije,\u00a0Greta Thunberg\u00a0\u017eeli oglasiti alarm o globalnom zatopljenju. Njezin govor, ve\u0107 nazvan &#8220;Kako se usu\u0111ujete?&#8221;, slu\u0161ali su brojni politi\u010dari na klimatskom summitu UN-a u ponedjeljak.<\/p>\n<p>&#8220;Svojim praznim rije\u010dima ukrali ste moje snove i moje djetinjstvo&#8221;, kazala je vidljivo ljutita i na rubu suza.<\/p>\n<p>Odva\u017ena i nepokolebljiva, privukla je milijuna mladih da prosvjeduju. A to izlu\u0111uje njezine kriti\u010dare i poti\u010de ih da je kleve\u0107u.<\/p>\n<p>Greti je dijagnosticiran Aspergerov sindrom \u0161to je, na primjer, zloupotrijebio austrijski kolumnist Andrew Bolt kako bi je nazvao neuroti\u010dnom tinejd\u017eericom s duboko poreme\u0107enim mesijanskim porivom.<\/p>\n<p>Kanadska biologinja Severn Cullis-Suzuki jedom je bila u njezinoj ko\u017ei. Imala je samo 12 godina kada je govorila na summitu za planetu Zemlju u Riju 1992. godine.<\/p>\n<p>&#8220;Ona poziva na revoluciju i zato je \u017eele u\u0161utkati, diskreditraju\u0107i je&#8221;, rekla je Cullis-Suzuki.<\/p>\n<p>Slavni francuski ekolo\u0161ki aktivist i fotograf Yann Arthus-Bertrand nazvao ju je &#8220;\u010dudom&#8221;, a Barack Obama misli da &#8220;mijenja svijet&#8221;.<\/p>\n<p>Francuski filozof Michel Onfray opisao ju je, pak, kao &#8220;kiborga&#8221;, a ameri\u010dki konzervativni komentator ka\u017ee da je Greta &#8220;mentalno bolesna&#8221; tinejd\u017eerica odgovorna za &#8220;klimatsku histeriju&#8221;.<\/p>\n<p><strong>Nije \u010dudno \u0161to je \u0160ve\u0111anka<\/strong><\/p>\n<p>U travnju ju je primio papa Franjo, tako\u0111er borac za za\u0161titu planeta, ali Gretini kriti\u010dari, oni koji ne govore o njezinoj dijagnozi nego o sadr\u017eaju, tvrde da njezin rje\u010dnik unosi pomutnju u poruke koje poku\u0161avaju prenijeti znanstvenici, \u0161teti tehnolo\u0161kim inovacijama i zamagljuje ostale ekolo\u0161ke probleme.<\/p>\n<p>&#8220;Klimatsko pitanje zasjenilo je sva druga pitanja za\u0161tite okoli\u0161a, poput okrutnosti prema \u017eivotinjama, mesnoj industriji i pesticidima. A one koji propituju Gretina stajali\u0161ta odmah se progla\u0161ava skepticima&#8221;, ka\u017ee politi\u010dka analiti\u010darka Katarina Barrling.<\/p>\n<p>Neki je optu\u017euju da sije tjeskobu umjesto da iznosi racionalne argumente. &#8220;\u017delim da pani\u010darite. \u017delim da strahujete svaki dan&#8221;, rekla je u sije\u010dnju na Svjetskom ekonomskom forumu u Davosu.<\/p>\n<p>Ali izgleda da je u me\u0111uvremenu promijenila ton. &#8220;\u017delim da slu\u0161ate znanstvenike&#8221;, kazala je pro\u0161li tjedan u Kongresu.<\/p>\n<p>I dok njezino prozivanje odraslih mnoge iritira u inozemstvu, u \u0160vedskoj to nikoga ne smeta.<\/p>\n<p>Njezina drskost, pletenice i bebasto lice neodoljivo podsje\u0107aju na Pipi Dugu \u010carapu, junakinju romana Astrid Lindgren, emancipirano dijete koje samo istra\u017euje svijet oko sebe, \u0161to je model na kojem po\u010diva \u0161vedsko obrazovanje i odgoj djece.<\/p>\n<p>&#8220;Nije slu\u010dajno \u0161to je Greta \u0160ve\u0111anka. Mislim da ne bi postojala bez Pipi ili Lisbeth Salander&#8221;, tetovirane hakerice iz kriminalisti\u010dkog knji\u017eevnog serijala Millenniuma, tvrdi \u0161vedska esejistica Elisabeth Asbrink.<\/p>\n<p>&#8220;\u0160vedski \u0161kolski kurikulum poti\u010de kriti\u010dko razmi\u0161ljanje u\u010denika umjesto nagomilavanja znanja&#8221;, naglasila je.<\/p>\n","protected":false},"excerpt":{"rendered":"<p>Ona je ikona nara\u0161taja mladih koji ustaje protiv klimatskih promjena. Ali Greta Thunberg izaziva prijezir i porugu onih koji je smatraju lutkom na koncu ekolo\u0161ke evangelizacije. \u0160ve\u0111anka je sa 16 godina postala glasono\u0161om milijuna zabrinute mlade\u017ei koji razvrstavaju svoje sme\u0107e, \u010diste pla\u017ee, okre\u0107u le\u0111a mesu i zrakoplovima i glasaju za zelene. Prije samo 12 mjeseci, [&hellip;]<\/p>\n","protected":false},"author":59,"featured_media":13208,"comment_status":"open","ping_status":"closed","sticky":false,"template":"","format":"standard","meta":{"inline_featured_image":false,"footnotes":""},"categories":[41],"tags":[],"class_list":{"0":"post-13202","1":"post","2":"type-post","3":"status-publish","4":"format-standard","5":"has-post-thumbnail","7":"category-svijet"},"acf":[],"_links":{"self":[{"href":"https:\/\/tvsensor.com\/api\/wp\/v2\/posts\/13202","targetHints":{"allow":["GET"]}}],"collection":[{"href":"https:\/\/tvsensor.com\/api\/wp\/v2\/posts"}],"about":[{"href":"https:\/\/tvsensor.com\/api\/wp\/v2\/types\/post"}],"author":[{"embeddable":true,"href":"https:\/\/tvsensor.com\/api\/wp\/v2\/users\/59"}],"replies":[{"embeddable":true,"href":"https:\/\/tvsensor.com\/api\/wp\/v2\/comments?post=13202"}],"version-history":[{"count":1,"href":"https:\/\/tvsensor.com\/api\/wp\/v2\/posts\/13202\/revisions"}],"predecessor-version":[{"id":13210,"href":"https:\/\/tvsensor.com\/api\/wp\/v2\/posts\/13202\/revisions\/13210"}],"wp:featuredmedia":[{"embeddable":true,"href":"https:\/\/tvsensor.com\/api\/wp\/v2\/media\/13208"}],"wp:attachment":[{"href":"https:\/\/tvsensor.com\/api\/wp\/v2\/media?parent=13202"}],"wp:term":[{"taxonomy":"category","embeddable":true,"href":"https:\/\/tvsensor.com\/api\/wp\/v2\/categories?post=13202"},{"taxonomy":"post_tag","embeddable":true,"href":"https:\/\/tvsensor.com\/api\/wp\/v2\/tags?post=13202"}],"curies":[{"name":"wp","href":"https:\/\/api.w.org\/{rel}","templated":true}]}}