{"id":13201,"date":"2019-09-26T10:00:21","date_gmt":"2019-09-26T10:00:21","guid":{"rendered":"https:\/\/senzor.ba\/?p=13201"},"modified":"2024-01-15T21:45:26","modified_gmt":"2024-01-15T20:45:26","slug":"turska-malezija-i-pakistan-pokrecu-televizijski-kanal-za-borbu-protiv-islamofobije","status":"publish","type":"post","link":"https:\/\/tvsensor.com\/clanak\/turska-malezija-i-pakistan-pokrecu-televizijski-kanal-za-borbu-protiv-islamofobije\/","title":{"rendered":"Turska, Malezija i Pakistan pokre\u0107u televizijski kanal za borbu protiv islamofobije"},"content":{"rendered":"<p>Vlasti Turske Malezije i Pakistana osnovat \u0107e zajedni\u010dki televizijski kanal za borbu protiv islamofobije, javlja Anadolija.<\/p>\n<p>Na marginama zasjedanja Generalne skup\u0161tine Ujedinjenih nacija u New Yorku su se sastali turski predsjednik Recep Tayyip Erdogan, malezijski premijer Mahathir Mohamed i premijer Pakistana Imran Khan.<\/p>\n<h4>Program na engleskom jeziku<\/h4>\n<p>\u201cPredsjednik Erdogan, premijer Mahathir i ja smo dogovorili da zajedni\u010dki pokrenemo kanal na engleskom jeziku kako bismo se borili protiv islamofobije i promovirali vrijednosti islama i kako bismo se borili protiv predrasuda i iskrivljenih tuma\u010denja na\u0161e uzvi\u0161ene vjere\u201c, saop\u0107io je pakistanski premijer Khan.<\/p>\n<p>Khan je u poruci na dru\u0161tvenim mre\u017eama tako\u0111er naveo da \u0107e televizijski kanal imati edukativne i informativne sadr\u017eaje i da \u0107e proizvoditi serije i filmove o historiji muslimana.<\/p>\n","protected":false},"excerpt":{"rendered":"<p>Vlasti Turske Malezije i Pakistana osnovat \u0107e zajedni\u010dki televizijski kanal za borbu protiv islamofobije, javlja Anadolija. Na marginama zasjedanja Generalne skup\u0161tine Ujedinjenih nacija u New Yorku su se sastali turski predsjednik Recep Tayyip Erdogan, malezijski premijer Mahathir Mohamed i premijer Pakistana Imran Khan. Program na engleskom jeziku \u201cPredsjednik Erdogan, premijer Mahathir i ja smo dogovorili [&hellip;]<\/p>\n","protected":false},"author":59,"featured_media":13205,"comment_status":"open","ping_status":"closed","sticky":false,"template":"","format":"standard","meta":{"inline_featured_image":false,"footnotes":""},"categories":[57],"tags":[],"class_list":{"0":"post-13201","1":"post","2":"type-post","3":"status-publish","4":"format-standard","5":"has-post-thumbnail","7":"category-religija"},"acf":[],"_links":{"self":[{"href":"https:\/\/tvsensor.com\/api\/wp\/v2\/posts\/13201","targetHints":{"allow":["GET"]}}],"collection":[{"href":"https:\/\/tvsensor.com\/api\/wp\/v2\/posts"}],"about":[{"href":"https:\/\/tvsensor.com\/api\/wp\/v2\/types\/post"}],"author":[{"embeddable":true,"href":"https:\/\/tvsensor.com\/api\/wp\/v2\/users\/59"}],"replies":[{"embeddable":true,"href":"https:\/\/tvsensor.com\/api\/wp\/v2\/comments?post=13201"}],"version-history":[{"count":1,"href":"https:\/\/tvsensor.com\/api\/wp\/v2\/posts\/13201\/revisions"}],"predecessor-version":[{"id":13206,"href":"https:\/\/tvsensor.com\/api\/wp\/v2\/posts\/13201\/revisions\/13206"}],"wp:featuredmedia":[{"embeddable":true,"href":"https:\/\/tvsensor.com\/api\/wp\/v2\/media\/13205"}],"wp:attachment":[{"href":"https:\/\/tvsensor.com\/api\/wp\/v2\/media?parent=13201"}],"wp:term":[{"taxonomy":"category","embeddable":true,"href":"https:\/\/tvsensor.com\/api\/wp\/v2\/categories?post=13201"},{"taxonomy":"post_tag","embeddable":true,"href":"https:\/\/tvsensor.com\/api\/wp\/v2\/tags?post=13201"}],"curies":[{"name":"wp","href":"https:\/\/api.w.org\/{rel}","templated":true}]}}