{"id":13196,"date":"2019-09-26T09:54:23","date_gmt":"2019-09-26T09:54:23","guid":{"rendered":"https:\/\/senzor.ba\/?p=13196"},"modified":"2024-01-15T21:45:27","modified_gmt":"2024-01-15T20:45:27","slug":"erdogan-smatram-da-nije-ispravno-optuzivati-iran-za-napade-u-saudijskoj-arabiji","status":"publish","type":"post","link":"https:\/\/tvsensor.com\/clanak\/erdogan-smatram-da-nije-ispravno-optuzivati-iran-za-napade-u-saudijskoj-arabiji\/","title":{"rendered":"Erdogan: Smatram da nije ispravno optu\u017eivati Iran za napade u Saudijskoj Arabiji"},"content":{"rendered":"<p>Predsjednik Republike Turske Recep Tayyip Erdogan izjavio je kako pogre\u0161nim smatra to \u0161to se Iran optu\u017euje za nedavni napad na naftna postrojenja u Saudijskoj Arabiji, javlja Anadolu Agency (AA).<\/p>\n<p>&#8220;Smatram da nije ispravno da se Iran optu\u017euje za te napade, jer dokumenti i dokazi koji postoje ne opravdavaju optu\u017ebe&#8221;, kazao je Erdogan u intervjuu za Fox News.<\/p>\n<p>Odve\u0107 postojane tenzije u Zaljevu eskalirale su zbog nedavnog zra\u010dnog napada na dva postrojenja saudijske naftne kompanije Aramco. Iako je pobunjeni\u010dki jemenski pokret Husi preuzeo odgovornost za napad, brojne dr\u017eave predvo\u0111ene Saudijskom Arabijom i SAD-om za napad su optu\u017eile Iran. Iz Teherana odbacuju bilo kakvu povezanost s napadima.<\/p>\n<p>Na upit o obnovljenim ameri\u010dkim sankcijama Iranu, Erdogan je kazao da je Turska susjed Irana i da se uvjerila da su sankcije neefikasne i nepotrebne.<\/p>\n<p>On je kazao da bi svijet trebalo graditi na na\u010din da se stavovi brane argumentima, a da ja\u010da strana ne mora biti uvijek upravu.<\/p>\n<p>Turski predsjednik Erdogan odbacio je i optu\u017ebe ameri\u010dkog lista &#8220;The New York Post&#8221; koji tvrdi da turske banke i kompanije poma\u017eu Iranu, Venecueli i Siriji u izbjegavanju ameri\u010dkih sankcija.<\/p>\n<p>&#8220;Te optu\u017ebe dolaze od teroristi\u010dke organizacije FETO. One su neta\u010dne i puka su teroristi\u010dka propaganda&#8221;, kazao je Erdogan i dodao da turske banke posluju u skladu s postoje\u0107im doma\u0107im i me\u0111unarodnim regulativama.<\/p>\n<p>Teroristi\u010dka organizacija Fetullahci (FETO) odgovorna je za krvavi poku\u0161aj pu\u010da u Turskoj u no\u0107i 15. jula 2016. godine.<\/p>\n<p>Rije\u010d je o teroristi\u010dkoj organizaciji koju predvodi Fetullah Gulen, nastanjen od 1999. godine u Sjedinjenim Ameri\u010dkim Dr\u017eavama, a \u010dije izru\u010denje je Turska formalno tra\u017eila od SAD-a.<\/p>\n","protected":false},"excerpt":{"rendered":"<p>Predsjednik Republike Turske Recep Tayyip Erdogan izjavio je kako pogre\u0161nim smatra to \u0161to se Iran optu\u017euje za nedavni napad na naftna postrojenja u Saudijskoj Arabiji, javlja Anadolu Agency (AA). &#8220;Smatram da nije ispravno da se Iran optu\u017euje za te napade, jer dokumenti i dokazi koji postoje ne opravdavaju optu\u017ebe&#8221;, kazao je Erdogan u intervjuu za [&hellip;]<\/p>\n","protected":false},"author":59,"featured_media":13200,"comment_status":"open","ping_status":"closed","sticky":false,"template":"","format":"standard","meta":{"inline_featured_image":false,"footnotes":""},"categories":[41],"tags":[],"class_list":{"0":"post-13196","1":"post","2":"type-post","3":"status-publish","4":"format-standard","5":"has-post-thumbnail","7":"category-svijet"},"acf":[],"_links":{"self":[{"href":"https:\/\/tvsensor.com\/api\/wp\/v2\/posts\/13196","targetHints":{"allow":["GET"]}}],"collection":[{"href":"https:\/\/tvsensor.com\/api\/wp\/v2\/posts"}],"about":[{"href":"https:\/\/tvsensor.com\/api\/wp\/v2\/types\/post"}],"author":[{"embeddable":true,"href":"https:\/\/tvsensor.com\/api\/wp\/v2\/users\/59"}],"replies":[{"embeddable":true,"href":"https:\/\/tvsensor.com\/api\/wp\/v2\/comments?post=13196"}],"version-history":[{"count":1,"href":"https:\/\/tvsensor.com\/api\/wp\/v2\/posts\/13196\/revisions"}],"predecessor-version":[{"id":13203,"href":"https:\/\/tvsensor.com\/api\/wp\/v2\/posts\/13196\/revisions\/13203"}],"wp:featuredmedia":[{"embeddable":true,"href":"https:\/\/tvsensor.com\/api\/wp\/v2\/media\/13200"}],"wp:attachment":[{"href":"https:\/\/tvsensor.com\/api\/wp\/v2\/media?parent=13196"}],"wp:term":[{"taxonomy":"category","embeddable":true,"href":"https:\/\/tvsensor.com\/api\/wp\/v2\/categories?post=13196"},{"taxonomy":"post_tag","embeddable":true,"href":"https:\/\/tvsensor.com\/api\/wp\/v2\/tags?post=13196"}],"curies":[{"name":"wp","href":"https:\/\/api.w.org\/{rel}","templated":true}]}}