{"id":13190,"date":"2019-09-26T08:56:57","date_gmt":"2019-09-26T08:56:57","guid":{"rendered":"https:\/\/senzor.ba\/?p=13190"},"modified":"2024-01-15T21:45:27","modified_gmt":"2024-01-15T20:45:27","slug":"vkbi-hnv-i-sgv-podrzali-komsicev-govor-u-un-u","status":"publish","type":"post","link":"https:\/\/tvsensor.com\/clanak\/vkbi-hnv-i-sgv-podrzali-komsicev-govor-u-un-u\/","title":{"rendered":"VKBI, HNV i SGV podr\u017eali Kom\u0161i\u0107ev govor u UN-u"},"content":{"rendered":"<div class=\"single-intro\">\n<p>Vije\u0107e Kongresa bo\u0161nja\u010dkih intelektualaca, Hrvatsko narodno vije\u0107e Bosne i Hercegovine i Srpsko gra\u0111ansko vije\u0107e, pozdravljaju obra\u0107anje predsjedavaju\u0107eg Predsjedni\u0161tva Bosne I Hercegovine \u017deljka Kom\u0161i\u0107a na Generalnoj Skup\u0161tini UN u New Yorku.<\/p>\n<\/div>\n<div class=\"inarticle-banner\">\n<div id=\"adoceanrswjregjkhzq\"><\/div>\n<\/div>\n<div class=\"single-text\">\n<p>Kako se navodi posebno u segmentu iskazanih uvjerenja \u201cda je Bosna i Hercegovina pouzdan, ozbiljan i odlu\u010dan partner Ujedinjenim nacijama, Evropskoj uniji i NATO savezu\u201c, kao i na potrebi \u201eonih reformi u kojima se zahtijeva izbacivanje i poni\u0161tavanje postoje\u0107e sistemske diskriminacije gra\u0111ana BiH\u201c.<\/p>\n<p>Kao nacionalna vije\u0107a koja djeluju i rade u Bosni i Hercegovini, smatramo da se u fokus ostvarivanja temeljnih ljudskih prava i sloboda u Bosni i Hercegovini mora staviti \u010dovjek \u2013 svaki gra\u0111anin BiH na cijelom teritoriju BiH, te da je postoje\u0107i etno nacionalni koncept koji se primjenju u BiH u direktnoj suprotnosti sa postoje\u0107im demokratskim i pravnim ste\u010devinama EU, \u0161to je i dokazano nizom pravosna\u017enih presuda Evropskog Suda za ljudska prava.<\/p>\n<p>O\u0161tro osu\u0111ujemo nacionalisti\u010dke izjave vladinih i parlamentarnih zvani\u010dnika iz Srbije i Hrvatske, kao i primitivnu retoriku \u010dlana Predsjedni\u0161tva BiH Milorada Dodika, spram govora predsjedavaju\u0107eg Predsjedni\u0161tva Bosne i Hercegovine \u017deljka Kom\u0161i\u0107a.<\/p>\n<p>Pozivamo zvani\u010dni Beograd i zvani\u010dni Zagreb, odnosno njihove aktuelne vladaju\u0107e politi\u010dke elite, da se prestanu mije\u0161ati u unutra\u0161nje odnose u BiH, da prekinu skrnaviti me\u0111unarodno pravni subjektivitet i suverenitet Bosne i Hercegovine, jer je Bosna i Hercegovina na\u0161a Domovina a na\u0161e razli\u010ditosti su bogatstvo koje, izgleda, vladaju\u0107e elite iz susjedstva ne razumiju.<\/p>\n<p>I te\u0161ko \u0107e shvatiti i razumjeti, dok istinski ne prihvate i ne shvate da su svi gra\u0111ani Srbije ravnopravni u Srbiji \/a ne samo Srbi\/ i svi gra\u0111ani Hrvatske ravnopravni u Hrvatskoj \/a ne samo Hrvati\/.<\/p>\n<div class=\"single-text\">\n<p>(Vijesti.ba)<\/p>\n<\/div>\n<\/div>\n","protected":false},"excerpt":{"rendered":"<p>Vije\u0107e Kongresa bo\u0161nja\u010dkih intelektualaca, Hrvatsko narodno vije\u0107e Bosne i Hercegovine i Srpsko gra\u0111ansko vije\u0107e, pozdravljaju obra\u0107anje predsjedavaju\u0107eg Predsjedni\u0161tva Bosne I Hercegovine \u017deljka Kom\u0161i\u0107a na Generalnoj Skup\u0161tini UN u New Yorku. Kako se navodi posebno u segmentu iskazanih uvjerenja \u201cda je Bosna i Hercegovina pouzdan, ozbiljan i odlu\u010dan partner Ujedinjenim nacijama, Evropskoj uniji i NATO savezu\u201c, [&hellip;]<\/p>\n","protected":false},"author":59,"featured_media":13191,"comment_status":"open","ping_status":"closed","sticky":false,"template":"","format":"standard","meta":{"inline_featured_image":false,"footnotes":""},"categories":[284,234],"tags":[],"class_list":{"0":"post-13190","1":"post","2":"type-post","3":"status-publish","4":"format-standard","5":"has-post-thumbnail","7":"category-izdvojeno","8":"category-politika"},"acf":[],"_links":{"self":[{"href":"https:\/\/tvsensor.com\/api\/wp\/v2\/posts\/13190","targetHints":{"allow":["GET"]}}],"collection":[{"href":"https:\/\/tvsensor.com\/api\/wp\/v2\/posts"}],"about":[{"href":"https:\/\/tvsensor.com\/api\/wp\/v2\/types\/post"}],"author":[{"embeddable":true,"href":"https:\/\/tvsensor.com\/api\/wp\/v2\/users\/59"}],"replies":[{"embeddable":true,"href":"https:\/\/tvsensor.com\/api\/wp\/v2\/comments?post=13190"}],"version-history":[{"count":1,"href":"https:\/\/tvsensor.com\/api\/wp\/v2\/posts\/13190\/revisions"}],"predecessor-version":[{"id":13192,"href":"https:\/\/tvsensor.com\/api\/wp\/v2\/posts\/13190\/revisions\/13192"}],"wp:featuredmedia":[{"embeddable":true,"href":"https:\/\/tvsensor.com\/api\/wp\/v2\/media\/13191"}],"wp:attachment":[{"href":"https:\/\/tvsensor.com\/api\/wp\/v2\/media?parent=13190"}],"wp:term":[{"taxonomy":"category","embeddable":true,"href":"https:\/\/tvsensor.com\/api\/wp\/v2\/categories?post=13190"},{"taxonomy":"post_tag","embeddable":true,"href":"https:\/\/tvsensor.com\/api\/wp\/v2\/tags?post=13190"}],"curies":[{"name":"wp","href":"https:\/\/api.w.org\/{rel}","templated":true}]}}