{"id":13180,"date":"2019-09-25T13:03:32","date_gmt":"2019-09-25T13:03:32","guid":{"rendered":"https:\/\/senzor.ba\/?p=13180"},"modified":"2024-01-15T21:45:27","modified_gmt":"2024-01-15T20:45:27","slug":"zbog-cega-mladi-odlaze-trbuhom-za-kruhom","status":"publish","type":"post","link":"https:\/\/tvsensor.com\/clanak\/zbog-cega-mladi-odlaze-trbuhom-za-kruhom\/","title":{"rendered":"Zbog \u010dega mladi odlaze &#8216;trbuhom za kruhom&#8217;?"},"content":{"rendered":"<p>Mladi u Jugoisto\u010dnoj Evropi, pogotovo oni iz zemalja koje nisu dio Evropske unije (EU) uglavnom su nezaposleni.<br \/>\nOni koji ipak rade, ve\u0107inom su u privatnom sektoru, ali pri\u017eeljkuju siguran posao u javnoj slu\u017ebi. Takvih je 74 posto. Smatraju da im je za dobijanje posla potrebna politi\u010dka veza ili partijska knji\u017eica.<\/p>\n<div class=\"article hasRelatedCard hasRelatedImg hasRelatedCardBody hasRelatedHeader\">\n<div class=\"card\">\n<p>Njih \u010dak 78 posto brine \u0161to ne radi i ne mo\u017ee na\u0107i posao, bez obzira da li su njihove zemlje u EU ili ne, pokazala je Studija o mladima Jugoisto\u010dne Evrope, koju je me\u0111u 10.000 osoba od 14 do 29 godina uradila Fondacija &#8220;Friedrich Ebert&#8221; iz Njema\u010dke.<\/p>\n<p>Porazni su i podaci o neaktivnim mladim ljudima, koje je u utorak,, 24. septembra, prezentovanoj studiji navela ova fondacija.<\/p>\n<p><strong>U BiH 58 posto mladih \u017eeli da ode na period du\u017ei od 20 godina<\/strong><\/p>\n<p>&#8211; Recimo u zemljama kao \u0161to su Albanija, Kosovo, Bosna i Hercegovina imate veliki procenat mladih koji nisu ni u obrazovnom sistemu, nisu zaposleni, niti su u nekom sistemu treninga. Recimo, u Albaniji je 25 posto ljudi u takvoj situaciji, ka\u017ee Sa\u0161a Vasi\u0107 iz Fondacije &#8220;Friedrich Ebert&#8221;, te navodi da je takvih u BiH oko 20 posto, na primjer.<\/p>\n<p>Migracije su danas tema koja dominira ovim prostorom, pa \u010dak i ako su njihove zemlje \u010dlanice EU, mladi \u017eele oti\u0107i &#8216;trbuhom za kruhom&#8217;. Razlika je, me\u0111utim, u tome koliko \u017eele ostati van granica svoje domovine.<\/p>\n<p>&#8211; U BiH 58 posto mladih ljudi \u017eeli da ode na period du\u017ei od 20 godina, dok u Bugarskoj 63 posto ka\u017ee da \u017eeli da ode, ali na period do pet godina. \u010clanstvo u EU nekako smanjuje potrebu mladih za dugoro\u010dnom emigracijom, obja\u0161njava Vasi\u0107.<\/p>\n<p><strong>Njema\u010dka, zemlja obe\u0107ana<\/strong><\/p>\n<p>Najvi\u0161e mladih iz regiona \u017eeli da ode u Njema\u010dku, posebno je to izra\u017eeno na primjeru BiH, gdje se 47 posto mladih izjasnilo da je to za njih &#8216;obe\u0107ana zemlja&#8217;. Izdvajaju se u tome mladi Crnogorci, za koje su Sjedinjene Ameri\u010dke Dr\u017eave najpo\u017eeljnije.<\/p>\n<p>Jedan od okida\u010da za odluku da se napusti zemlja je korupcija, ali i negativna percepcija o stanju u zemlji u kojoj \u017eive mladi.<br \/>\nMladi Jugoisto\u010dne Evrope svjesni su da postoji visok stepen korupcije u javnim institucijama. Takve prakse osu\u0111uju, napominje Ema Smolo iz Fondacije &#8220;Friedrich Ebert&#8221;.<\/p>\n<div class=\"article hasRelatedCard hasRelatedImg hasRelatedCardBody hasRelatedHeader\">\n<div class=\"card\"><\/div>\n<\/div>\n<p>&#8211; Me\u0111utim, postoji tu neka pre\u0107utna tolerancija spram neformalnih ekonomskih praksi, odnosno davanja mita, podmi\u0107ivanja, ukoliko je u principu li\u010dna korist. Mladi su svjesni problema oko sebe i svjesni su kako to usporava njihov napredak, generalno zemalja u regionu, ali isto tako su spremni da progledaju kroz prste, jer su svjesni da je to jedini na\u010din da se pomaknu sa statusa quo, smatra Smolo.<\/p>\n<p>Tako se dovode u pitanje i same vrijednosti prema kojima mladi u regionu \u017eive. \u010cinjenica je, ka\u017ee direktor Regionalnog ureda Fondacije &#8220;Friedrich Ebert&#8221; Feliks Henkel, da postoji ogromna podr\u0161ka gra\u0111ana za ulazak zemalja regiona u EU, ali mladi ne priznaju vrijednosti koje se promovi\u0161u u evropskoj zajednici.<\/p>\n<p><strong>Povjerenje svedeno na naju\u017ei krug ljudi<\/strong><\/p>\n<p>&#8211; Ono \u0161to je uznemiravaju\u0107e ovdje je da djeca trpe socijalne razlike, ksenofobiju i nacionalizam, maskiran patriotizmom, a sve to dolazi iz porodice. Ova djeca te vrijednosti usvajaju od svojih roditelja i taj trend je prisutan u Albaniji, Bugarskoj&#8230; Sve se to mo\u017ee podvesti pod tradicionalne vrijednosti &#8211; porodica, religija. Ove vrijednosti ja\u010daju ovdje i direktna su posljedica politi\u010dke i ekonomske nesigurnosti, zaklju\u010duje Henkel, pi\u0161e\u00a0<a href=\"https:\/\/www.slobodnaevropa.org\/a\/bih-odlazak-mladih-korupcija\/30181638.html\" target=\"_blank\" rel=\"noopener noreferrer\"><strong>RSE<\/strong><\/a>.<\/p>\n<p>Jaka porodica bitna je za mlade ovog dijela Evrope. Osamostaljivanje te\u010de jako sporo, za razliku od njihovih vr\u0161njaka u razvijenim zemljama Evrope, ka\u017ee Ema Smolo.<\/p>\n<p>&#8211; Nepovjerenje spram politi\u010dkih institucija, spram sigurnosti u zemlji oja\u010dava bliske veze sa porodicom i povjerenje je svedeno na naju\u017ei krug ljudi, obja\u0161njava Smolo.<\/p>\n<div class=\"article hasRelatedCard hasRelatedImg hasRelatedCardBody hasRelatedHeader\">\n<div class=\"card\"><\/div>\n<\/div>\n<p>Prema istra\u017eivanju ove fondacije, \u010dak 76 posto mladih u BiH ostaje jako dugo u roditeljskom domu.<\/p>\n<\/div>\n<\/div>\n","protected":false},"excerpt":{"rendered":"<p>Mladi u Jugoisto\u010dnoj Evropi, pogotovo oni iz zemalja koje nisu dio Evropske unije (EU) uglavnom su nezaposleni. Oni koji ipak rade, ve\u0107inom su u privatnom sektoru, ali pri\u017eeljkuju siguran posao u javnoj slu\u017ebi. Takvih je 74 posto. Smatraju da im je za dobijanje posla potrebna politi\u010dka veza ili partijska knji\u017eica. Njih \u010dak 78 posto brine [&hellip;]<\/p>\n","protected":false},"author":59,"featured_media":13181,"comment_status":"open","ping_status":"closed","sticky":false,"template":"","format":"standard","meta":{"inline_featured_image":false,"footnotes":""},"categories":[39],"tags":[],"class_list":{"0":"post-13180","1":"post","2":"type-post","3":"status-publish","4":"format-standard","5":"has-post-thumbnail","7":"category-dijaspora"},"acf":[],"_links":{"self":[{"href":"https:\/\/tvsensor.com\/api\/wp\/v2\/posts\/13180","targetHints":{"allow":["GET"]}}],"collection":[{"href":"https:\/\/tvsensor.com\/api\/wp\/v2\/posts"}],"about":[{"href":"https:\/\/tvsensor.com\/api\/wp\/v2\/types\/post"}],"author":[{"embeddable":true,"href":"https:\/\/tvsensor.com\/api\/wp\/v2\/users\/59"}],"replies":[{"embeddable":true,"href":"https:\/\/tvsensor.com\/api\/wp\/v2\/comments?post=13180"}],"version-history":[{"count":1,"href":"https:\/\/tvsensor.com\/api\/wp\/v2\/posts\/13180\/revisions"}],"predecessor-version":[{"id":13182,"href":"https:\/\/tvsensor.com\/api\/wp\/v2\/posts\/13180\/revisions\/13182"}],"wp:featuredmedia":[{"embeddable":true,"href":"https:\/\/tvsensor.com\/api\/wp\/v2\/media\/13181"}],"wp:attachment":[{"href":"https:\/\/tvsensor.com\/api\/wp\/v2\/media?parent=13180"}],"wp:term":[{"taxonomy":"category","embeddable":true,"href":"https:\/\/tvsensor.com\/api\/wp\/v2\/categories?post=13180"},{"taxonomy":"post_tag","embeddable":true,"href":"https:\/\/tvsensor.com\/api\/wp\/v2\/tags?post=13180"}],"curies":[{"name":"wp","href":"https:\/\/api.w.org\/{rel}","templated":true}]}}