{"id":1318,"date":"2019-03-01T16:12:11","date_gmt":"2019-03-01T16:12:11","guid":{"rendered":"https:\/\/senzor.ba\/?p=1318"},"modified":"2024-01-15T21:49:48","modified_gmt":"2024-01-15T20:49:48","slug":"pogledajte-film-avde-huseinovica-prvi-mart-put-u-nezavisnost-video","status":"publish","type":"post","link":"https:\/\/tvsensor.com\/clanak\/pogledajte-film-avde-huseinovica-prvi-mart-put-u-nezavisnost-video\/","title":{"rendered":"Pogledajte film Avde Huseinovi\u0107a: \u201cPrvi mart \u2013 put u nezavisnost\u201d \/VIDEO\/"},"content":{"rendered":"\n<p><strong>U povodu 27 godina od Referenduma za nezavisnost Bosne i \nHercegovine objavljujemo dokumentarni film Avde Huseinovi\u0107a koji je \nura\u0111en u produkciji \u201cPRAVDA\u201d i TV SARAJEVO.<\/strong><\/p>\n\n\n\n<p>Dokumentarni film \u201cPrvi mart \u2013 put u nezavisnost\u201d je jo\u0161 jedno vrhunsko djelo na\u0161eg Avde Huseinovi\u0107a.<\/p>\n\n\n\n<figure class=\"wp-block-embed-youtube wp-block-embed is-type-video is-provider-youtube wp-embed-aspect-16-9 wp-has-aspect-ratio\"><div class=\"wp-block-embed__wrapper\">\n<iframe loading=\"lazy\" title=\"DOKUMENTARNI FILM &quot;PRVI MART-PUT U NEZAVISNOST&quot;, autor AVDO HUSEINOVI\u0106\" width=\"696\" height=\"392\" src=\"https:\/\/www.youtube.com\/embed\/GtPOC_3RtE4?feature=oembed&#038;enablejsapi=1\" frameborder=\"0\" allow=\"accelerometer; autoplay; clipboard-write; encrypted-media; gyroscope; picture-in-picture\" allowfullscreen><\/iframe>\n<\/div><\/figure>\n","protected":false},"excerpt":{"rendered":"<p>U povodu 27 godina od Referenduma za nezavisnost Bosne i Hercegovine objavljujemo dokumentarni film Avde Huseinovi\u0107a koji je ura\u0111en u produkciji \u201cPRAVDA\u201d i TV SARAJEVO. Dokumentarni film \u201cPrvi mart \u2013 put u nezavisnost\u201d je jo\u0161 jedno vrhunsko djelo na\u0161eg Avde Huseinovi\u0107a.<\/p>\n","protected":false},"author":59,"featured_media":1319,"comment_status":"open","ping_status":"closed","sticky":false,"template":"","format":"standard","meta":{"inline_featured_image":false,"footnotes":""},"categories":[47,46],"tags":[],"class_list":{"0":"post-1318","1":"post","2":"type-post","3":"status-publish","4":"format-standard","5":"has-post-thumbnail","7":"category-historija","8":"category-kultura"},"acf":[],"_links":{"self":[{"href":"https:\/\/tvsensor.com\/api\/wp\/v2\/posts\/1318","targetHints":{"allow":["GET"]}}],"collection":[{"href":"https:\/\/tvsensor.com\/api\/wp\/v2\/posts"}],"about":[{"href":"https:\/\/tvsensor.com\/api\/wp\/v2\/types\/post"}],"author":[{"embeddable":true,"href":"https:\/\/tvsensor.com\/api\/wp\/v2\/users\/59"}],"replies":[{"embeddable":true,"href":"https:\/\/tvsensor.com\/api\/wp\/v2\/comments?post=1318"}],"version-history":[{"count":1,"href":"https:\/\/tvsensor.com\/api\/wp\/v2\/posts\/1318\/revisions"}],"predecessor-version":[{"id":1320,"href":"https:\/\/tvsensor.com\/api\/wp\/v2\/posts\/1318\/revisions\/1320"}],"wp:featuredmedia":[{"embeddable":true,"href":"https:\/\/tvsensor.com\/api\/wp\/v2\/media\/1319"}],"wp:attachment":[{"href":"https:\/\/tvsensor.com\/api\/wp\/v2\/media?parent=1318"}],"wp:term":[{"taxonomy":"category","embeddable":true,"href":"https:\/\/tvsensor.com\/api\/wp\/v2\/categories?post=1318"},{"taxonomy":"post_tag","embeddable":true,"href":"https:\/\/tvsensor.com\/api\/wp\/v2\/tags?post=1318"}],"curies":[{"name":"wp","href":"https:\/\/api.w.org\/{rel}","templated":true}]}}