{"id":13175,"date":"2019-09-25T12:58:37","date_gmt":"2019-09-25T12:58:37","guid":{"rendered":"https:\/\/senzor.ba\/?p=13175"},"modified":"2024-01-15T21:45:27","modified_gmt":"2024-01-15T20:45:27","slug":"stolariju-iz-brckog-ugraduje-u-belgiji","status":"publish","type":"post","link":"https:\/\/tvsensor.com\/clanak\/stolariju-iz-brckog-ugraduje-u-belgiji\/","title":{"rendered":"Stolariju iz Br\u010dkog ugra\u0111uje u Belgiji"},"content":{"rendered":"<p>Kada su roditelji Dine Sulejmanovi\u0107a po\u010detkom rata u BiH, poput mnogih drugih sugra\u0111ana, bili prisiljeni napustiti Br\u010dko, iza sebe su ostavili ne samo imovinu nego i tek zapo\u010deti projekt. Naime, njegov otac Vasif je krajem 1991. godine pokrenuo prvu lokalnu televiziju u BiH, nazvanu LTV Bosna. Prije osnivanja ovog medija, on se bavio fotografijom, a u gradu na Savi je posjedovao fotografsku radnju.<\/p>\n<p><strong>Staro mjesto<\/strong><\/p>\n<p>Rat je porodicu Sulejmanovi\u0107 prvo otjerao u Njema\u010dku, no tu im je sudbina bila neizvjesna jer Nijemci nisu imali namjeru da im dozvole ostanak, pa su 1994. godine produ\u017eili za Belgiju. Danas, 25 godina kasnije, njihov sin je odlu\u010dio u rodnom gradu pokrenuti novi posao, ovaj put sa stolarijom.<\/p>\n<p>Prije nego je pokrenuo malu tvornicu Fensterman, u kojoj \u010detiri radnika proizvode PVC i aluminijske prozore i vrata, Sulejmanovi\u0107 je jo\u0161 u srednjoj \u0161koli zami\u0161ljao da ima vlastitu firmu. \u201cNisam i\u0161ao na fakultet, jer sam znao \u0107u pokrenuti svoj startup\u201d, ka\u017ee Sulejmanovi\u0107 za Oslobo\u0111enje.<\/p>\n<div class=\"Article-centralEmbed\">\n<div class=\"Article-imageEmbed\">\n<figure style=\"width: 1548px\" class=\"wp-caption alignnone\"><img loading=\"lazy\" decoding=\"async\" src=\"https:\/\/mbapi.oslobodjenje.ba\/storage\/images\/50e9\/ab70\/3706\/60260596_10214267411106216_2952338851160391680_o.jpg\" alt=\"image\" width=\"1548\" height=\"1161\" \/><figcaption class=\"wp-caption-text\">Fabrika sa vi\u0161e ma\u0161ina nego ljudi<\/figcaption><\/figure>\n<\/div>\n<\/div>\n<p>Ipak, poslije srednje \u0161kole je upisao neku vrstu vi\u0161e \u0161kole u kojoj je \u201cu paketu\u201d studirao menad\u017ement, knjigovodstvo i informatiku. Za vrijeme studiranja sta\u017eirao je u dvije banke. Poslije toga zapo\u0161ljava se u firmi koja se bavi proizvodnjom metalnih plafona. Tu se deset godina bavio knjigovodstvom, osiguranjem i nabavkom vozila.<\/p>\n<p>Pored toga, imao je dodatni posao pet godina kada je vodio restoran. No, to nije bila njegova bran\u0161a. Posao sa prozorima po\u010dinje 2009. godine u Antwerpenu gdje posjeduje firmu Dinotti.<\/p>\n<p><strong>Osamostaljenje<\/strong><\/p>\n<p>\u201cPo\u0161to je posao s prozorima bio u rastu\u0107oj liniji, morao sam odlu\u010diti \u0161ta \u0107u. Ili \u0107u prestati raditi s prozorima, a nastaviti kod njih raditi, ili obratno. Nisam imao vremena za oboje\u201d, obja\u0161njava nam Dino dilemu koju je imao prije \u010detiri godine.<\/p>\n<p>Odlu\u010dio se za osamostaljenje. Ispo\u010detka su kupovali gotove prozore, no kako su se javljali problemi s ka\u0161njenjem isporuka, morao je prona\u0107i alternativu kako poslovi ne bi kasnili. Tako je odlu\u010dio da sam proizvodi prozore. Pokrenuo je posao u Br\u010dkom, odakle proizvode plasira u Belgiju. I prije nego je pokrenuo svoju kompaniju, stolariju je nabavljao u BiH. Ve\u0107inu gotovih proizvoda plasira u Belgiju, dok samo manji dio proda u BiH. Devet savremenih ma\u0161ina i \u010detiri radnika dovoljni su mu da proizvede vlastite prozore.<\/p>\n<p>MojaBiH<\/p>\n<div class=\"article hasRelatedCard hasRelatedImg hasRelatedCardBody hasRelatedHeader\">\n<div class=\"card\"><\/div>\n<\/div>\n","protected":false},"excerpt":{"rendered":"<p>Kada su roditelji Dine Sulejmanovi\u0107a po\u010detkom rata u BiH, poput mnogih drugih sugra\u0111ana, bili prisiljeni napustiti Br\u010dko, iza sebe su ostavili ne samo imovinu nego i tek zapo\u010deti projekt. Naime, njegov otac Vasif je krajem 1991. godine pokrenuo prvu lokalnu televiziju u BiH, nazvanu LTV Bosna. Prije osnivanja ovog medija, on se bavio fotografijom, a [&hellip;]<\/p>\n","protected":false},"author":59,"featured_media":13178,"comment_status":"open","ping_status":"closed","sticky":false,"template":"","format":"standard","meta":{"inline_featured_image":false,"footnotes":""},"categories":[43,42],"tags":[],"class_list":{"0":"post-13175","1":"post","2":"type-post","3":"status-publish","4":"format-standard","5":"has-post-thumbnail","7":"category-bih","8":"category-ekonomija"},"acf":[],"_links":{"self":[{"href":"https:\/\/tvsensor.com\/api\/wp\/v2\/posts\/13175","targetHints":{"allow":["GET"]}}],"collection":[{"href":"https:\/\/tvsensor.com\/api\/wp\/v2\/posts"}],"about":[{"href":"https:\/\/tvsensor.com\/api\/wp\/v2\/types\/post"}],"author":[{"embeddable":true,"href":"https:\/\/tvsensor.com\/api\/wp\/v2\/users\/59"}],"replies":[{"embeddable":true,"href":"https:\/\/tvsensor.com\/api\/wp\/v2\/comments?post=13175"}],"version-history":[{"count":1,"href":"https:\/\/tvsensor.com\/api\/wp\/v2\/posts\/13175\/revisions"}],"predecessor-version":[{"id":13179,"href":"https:\/\/tvsensor.com\/api\/wp\/v2\/posts\/13175\/revisions\/13179"}],"wp:featuredmedia":[{"embeddable":true,"href":"https:\/\/tvsensor.com\/api\/wp\/v2\/media\/13178"}],"wp:attachment":[{"href":"https:\/\/tvsensor.com\/api\/wp\/v2\/media?parent=13175"}],"wp:term":[{"taxonomy":"category","embeddable":true,"href":"https:\/\/tvsensor.com\/api\/wp\/v2\/categories?post=13175"},{"taxonomy":"post_tag","embeddable":true,"href":"https:\/\/tvsensor.com\/api\/wp\/v2\/tags?post=13175"}],"curies":[{"name":"wp","href":"https:\/\/api.w.org\/{rel}","templated":true}]}}