{"id":1315,"date":"2019-03-01T16:07:53","date_gmt":"2019-03-01T16:07:53","guid":{"rendered":"https:\/\/senzor.ba\/?p=1315"},"modified":"2024-01-15T21:49:48","modified_gmt":"2024-01-15T20:49:48","slug":"iz-kanade-stigle-specijalne-cestitke-u-povodu-dana-nezavisnosti-bosne-i-hercegovine","status":"publish","type":"post","link":"https:\/\/tvsensor.com\/clanak\/iz-kanade-stigle-specijalne-cestitke-u-povodu-dana-nezavisnosti-bosne-i-hercegovine\/","title":{"rendered":"Iz Kanade stigle specijalne \u010destitke u povodu Dana nezavisnosti Bosne i Hercegovine"},"content":{"rendered":"\n<p>Ovaj datum nije bitan samo za BiH, ovaj datum je bitan za svakog \n\u010dovjeka koji voli i po\u0161tuje BiH, a takvih je mnogo u Kanadi od \u010dlanova \nVlade i Parlamenta Kanade do istaknutih kanadskih akademika, kulturnih i\n sportskih radnika, poru\u010duju iz Instituta za istra\u017eivanje genocida \nKanada.<\/p>\n\n\n\n<p>Povodom Dana nezavisnosti zastava i drugi dr\u017eavni \nbosanskohercegova\u010dki simboli krase Kanadu i posebno grad Hamilton. Glas \nBiH odjekuje Kanadom. Dan nezavisnosti BiH, Kanada obilje\u017eava s rado\u0161\u0107u,\n sa sre\u0107om, sa svije\u0161\u0107u o va\u017enosti hiljadugodi\u0161nje bosanskohercegova\u010dke \nkulture, historije i tradicije, s osje\u0107ajem da Kana\u0111ani i Kanada trebaju\n vi\u0161e raditi za politi\u010dki, ekonomski, akademski i kulturni razvoj i \nbolju budu\u0107nost BiH, navode iz Instituta za istra\u017eivanje genocida \nKanada.<\/p>\n\n\n\n<p>\u201cNa ovaj veliki nacionalni dan, BiH je nakon dugog perioda, ponovo \nsamostalno, bez krovne dr\u017eave ili carstva iza\u0161la na me\u0111unarodnu scenu po\n svim demokratskim pravilima. Stoga obilje\u017eavanje Dana nezavisnosti \npredstavlja izraz nade i povjerenja u plodove koje nezavisnost nosi. \nNeminovnost za referendum gra\u0111ana o nezavisnosti BiH proisticala je iz \nbosanskohercegova\u010dkog historijskog konteksta. BiH ima historijsko pravo \nda nastavi svoj samostalni, nezavisni politi\u010dki razvitak na temelju \nprava koje je proiza\u0161lo iz historijskog razvoja dr\u017eavnosti BiH\u201d, stoji u\n saop\u0161tenju.<\/p>\n\n\n\n<p>Gra\u0111ani BiH u Kanadi lobiraju\u0107i za vrijednosti ugra\u0111ene u \nbosanskohercegova\u010dke dr\u017eavne temelje, ja\u010daju osje\u0107aj pripadnosti svojoj \ndomovini, odnosno osje\u0107aj dijeljenja zajedni\u010dke sudbine i odgovornosti \nza nju. Ovaj datum nije bitan samo za BiH, ovaj datum je bitan za svakog\n \u010dovjeka koji voli i po\u0161tuje BiH, a takvih je mnogo u Kanadi od \u010dlanova \nVlade i Parlamenta Kanade do istaknutih kanadskih akademika, kulturnih i\n sportskih radnika, poru\u010duju iz Instituta za istra\u017eivanje genocida \nKanada.<\/p>\n\n\n\n<p>U povodu 1. marta, Dana nezavisnosti BiH, blagdana koji je prelomni \nhistorijski trenutak savremene dr\u017eave BiH jer potvr\u0111uje njeno dr\u017eavno, \npravno, politi\u010dko i dru\u0161tveno trajanje i uzdizanje, Vlada Kanade i drugi\n kanadski politi\u010dki subjekati su poslali \u010destitke gra\u0111anima i narodima \nBiH.<\/p>\n\n\n\n<p>Istaknuti \u010dlan Kanadskog parlamenta i \u010dlan \nKanadsko-bosanskohercegova\u010dke grupe prijateljstva u Parlamentu Bob \nBratina je poslao \u010destitku u ime Vlade Kanade u kojoj se ka\u017ee:<\/p>\n\n\n\n<p>\u201cU ime Vlade Kanade svim Kana\u0111anima bosanskohercegova\u010dkog porijekla \n\u017eelim sve najbolje povodom Dana nezavisnosti. \u010clanovi vrijedne \nBosanskohercegova\u010dke zajednice u Kanadi trebaju biti ponosni na ljepotu \nnjihove zemlja, kulture i ljudi. Imam veliku \u010dast da budem glas \nBosanskohercegova\u010dke zajednice u Kanadi u Parlamentu Kanade i posebno u \ngradu Hamiltonu. Moja ljubav prema bosanskohercegova\u010dkom narodu, \nnjegovoj kultura i domovini datira od 1978. godine kada sam prvi put \nposjetio Bosnu i Hercegovinu. Nadam se da \u0107u jednog dana ponovo do\u0107i mu \nBosnu i Hercegovinu i jo\u0161 jednom u\u010destvovati predivnoj kulturi, udisati \nsvije\u017ei vazduh i piti \u010distu vodu. Primite moje najbolje \u017eelje za veliki \nDan nezavisnosti Bosne i Hercegovine\u201d.<\/p>\n\n\n\n<p>Hamilton je jedinstven grad u svijetu koji obilje\u017eava najzna\u010dajnije \nbosanskohercegova\u010dke dr\u017eavne blagdane. I ove godine odlukom \ngradona\u010delnika Hamiltona Freda Eisenbergera na zgradi gradske Vije\u0107nice u\n Hamiltonu u znak Dana nezavisnosti BiH se vijori bosanskohercegova\u010dka \ndr\u017eavna zastava. Istovremeno na vi\u0161e najva\u017enijih objekata u Hamiltonu je\n napisano: \u201cSretan 1. mart, Dan nezavisnosti BiH\u201d. Na kraju veliki, \nhistorijski, elektronski simbol Hamiltona ispred zgrade gradske \nVije\u0107nice je u predve\u010derije Dana nezavisnosti BiH osvijetljen u bojama \nnacionalne bosanskohercegova\u010dke zastave.<\/p>\n\n\n\n<p>U posebnom saop\u0161tenju gradona\u010delnika Hamiltona Ferd Eisenbergera \nposlanog Bosanskoj zajednicu stoji: \u201cZadovoljstvo mi je izraziti \nnajbolje \u017eelje i \u010destitke povodom obilje\u017eavanja Dan nezavisnosti BiH u \npetak, 1. marta 2019. Ovo je va\u017ean dan kojim obilje\u017eavamo nezavisnost \ndr\u017eave BiH. Zahvaljujem se za veliki doprinos bosanske zajednice gradu \nHamiltonu. Bosanska zastava se vijori iznad Gradske vije\u0107nice i \nelektronski simbol grada Hamiltona je u nacionalnim bojama bosanske \nzastave. Ovo je na\u0161e malo priznanje i uva\u017eavanje za doprinos BiH za \ndemokratiju i nacionalnu, vjersku i kulturnu raznolikost u njenom \nregionu. Stalna posve\u0107enost Bosanaca i Hercegovaca slobodi i slobodnom \nudru\u017eivanju razli\u010ditih etni\u010dkih, vjerskih i kulturnih narodnih grupa je \nprimjer svijetu. Bosanci i Hercegovci su istinski blagoslovljeni \nponosnim naslje\u0111em u Kanadi. Znam da \u0107e te vi i va\u0161a djeca i dalje \nslu\u017eiti interesima Kanade i Bosne i Hercegovine na putu koji mo\u017ee biti \nte\u017eak u svijetu. \u017delim vam uspjeh u Kanadi i gradu Hamiltonu\u201d.<\/p>\n\n\n\n<p>U poruci bosanskohercegova\u010dkoj zajednici u Kanadi, \u010dlanica Skup\u0161tine \ngrada Hamiltona Maria Pearson je napisala: \u201c\u017delim \u010destitati i poslati \nmoje najbolje \u017eelje bosanskoj zajednici u Kanadi u povodu obilje\u017eavanja \n1. marta Dana nezavisnosti BiH. Va\u0161 prelomni historijski pokret 1. marta\n 1992. za savremenu, suverenu, nezavisnu dr\u017eavu BiH potvrdio je \nnezavisnost i suverenost dr\u017eave BiH kao izraz volje ve\u0107ine njenih \ngra\u0111ana. Na taj memorijalni dan, BiH je stekla uslove da postane \u010dlanica\n me\u0111unarodne zajednice, kao 177. \u010dlanica Ujedinjenih nacija. Cijenim i \npozdravljam napore Bosanske zajednice u Kanadi na njenom prepoznatom \nradu za bolju BiH i ohrabrujem je da nastavi odli\u010dnu borbu za bolju \ndr\u017eavu BiH\u201d.<\/p>\n\n\n\n<p>Zahvaljuju\u0107i se kanadskim politi\u010dkim subjektima na \u010detitkama povodom  Dana nezavisnosti BiH i kontinuiranom podr\u017eavanju dr\u017eave BiH, profesor  Emir Rami\u0107 je istakao: \u201cDok je Kanade i njenog konstantnog podr\u017eavanja  bosanskohercegova\u010dke dr\u017eave, osporavanje Dana nezavisnosti ne mo\u017ee  dovesti u pitanje dr\u017eavu BiH. Entiteti ne mogu ugroziti integritet  dr\u017eave BiH. Kanada podr\u017eava evroatlanske integracije BiH. Postizanjem  \u010dlanstva u EU i postizanjem \u010dlanstva u NATO, BiH izlazi iz svakog okvira  koji zna\u010di mogu\u0107nost da se dovodi u pitanje dr\u017eavnost, nezavisnost i  njena cjelovitost. Ona ulazi u jednu novu historijsku okolnost u kojoj  \u0107e kao i druge evropske dr\u017eave biti mirna, stabilna, prosperitetna bez  mogu\u0107nosti da se od izbora do izbora govori o tome da je to nemogu\u0107a  dr\u017eava. To je nova internacionalizacija dr\u017eave BiH koja zajedno sa  institucionalizacijom istine i pravde garantuje svijetlu budu\u0107nost  hiljadugodi\u0161nje tradicije bosanskohercegova\u010dke dr\u017eave. Ko u svijetu  zaboravi bosanskohercegova\u010dku historiju, kulturu i tradiciju, odustao je  od budu\u0107nosti \u010dovjeka i civilizacije\u201d. Svim gra\u0111anima BiH ma gdje bili,  ali i svim prijateljima BiH koji je po\u0161tuju i vole sretan, Dan  nezavisnosti. Nek nam \u017eivi jedna i jedina BiH, poru\u010duju iz Instituta za  istra\u017eivanje genocida Kanada.<\/p>\n\n\n\n<p>slobodna-bosna.ba<\/p>\n","protected":false},"excerpt":{"rendered":"<p>Ovaj datum nije bitan samo za BiH, ovaj datum je bitan za svakog \u010dovjeka koji voli i po\u0161tuje BiH, a takvih je mnogo u Kanadi od \u010dlanova Vlade i Parlamenta Kanade do istaknutih kanadskih akademika, kulturnih i sportskih radnika, poru\u010duju iz Instituta za istra\u017eivanje genocida Kanada. Povodom Dana nezavisnosti zastava i drugi dr\u017eavni bosanskohercegova\u010dki simboli [&hellip;]<\/p>\n","protected":false},"author":59,"featured_media":1316,"comment_status":"open","ping_status":"closed","sticky":false,"template":"","format":"standard","meta":{"inline_featured_image":false,"footnotes":""},"categories":[39,41,37,38],"tags":[],"class_list":{"0":"post-1315","1":"post","2":"type-post","3":"status-publish","4":"format-standard","5":"has-post-thumbnail","7":"category-dijaspora","8":"category-svijet","9":"category-vijesti","10":"category-vijesti-iz-bih"},"acf":[],"_links":{"self":[{"href":"https:\/\/tvsensor.com\/api\/wp\/v2\/posts\/1315","targetHints":{"allow":["GET"]}}],"collection":[{"href":"https:\/\/tvsensor.com\/api\/wp\/v2\/posts"}],"about":[{"href":"https:\/\/tvsensor.com\/api\/wp\/v2\/types\/post"}],"author":[{"embeddable":true,"href":"https:\/\/tvsensor.com\/api\/wp\/v2\/users\/59"}],"replies":[{"embeddable":true,"href":"https:\/\/tvsensor.com\/api\/wp\/v2\/comments?post=1315"}],"version-history":[{"count":1,"href":"https:\/\/tvsensor.com\/api\/wp\/v2\/posts\/1315\/revisions"}],"predecessor-version":[{"id":1317,"href":"https:\/\/tvsensor.com\/api\/wp\/v2\/posts\/1315\/revisions\/1317"}],"wp:featuredmedia":[{"embeddable":true,"href":"https:\/\/tvsensor.com\/api\/wp\/v2\/media\/1316"}],"wp:attachment":[{"href":"https:\/\/tvsensor.com\/api\/wp\/v2\/media?parent=1315"}],"wp:term":[{"taxonomy":"category","embeddable":true,"href":"https:\/\/tvsensor.com\/api\/wp\/v2\/categories?post=1315"},{"taxonomy":"post_tag","embeddable":true,"href":"https:\/\/tvsensor.com\/api\/wp\/v2\/tags?post=1315"}],"curies":[{"name":"wp","href":"https:\/\/api.w.org\/{rel}","templated":true}]}}