{"id":1308,"date":"2019-03-01T14:28:49","date_gmt":"2019-03-01T14:28:49","guid":{"rendered":"https:\/\/senzor.ba\/?p=1308"},"modified":"2024-01-15T21:49:48","modified_gmt":"2024-01-15T20:49:48","slug":"1-mart-dan-nezavisnosti-bih-proslavljen-i-u-danskoj","status":"publish","type":"post","link":"https:\/\/tvsensor.com\/clanak\/1-mart-dan-nezavisnosti-bih-proslavljen-i-u-danskoj\/","title":{"rendered":"1. mart Dan nezavisnosti BiH proslavljen i u Danskoj"},"content":{"rendered":"\n<p>Pi\u0161e: Mensur Graca   <\/p>\n\n\n\n<p>Sino\u0107 u velikoj sali Vollsmose Kulturhus u Odensi proslavljen 1. mart Dan nezavisnosti Bosne i Hercegovine. <\/p>\n\n\n\n<p>U prepunoj sali centra pored na\u0161ih gra\u0111ana bio je prisutan i veliki broj Danaca. Program je po\u010deo intoniranjem nacionalnih himni BiH i Danske.<\/p>\n\n\n\n<figure class=\"wp-block-image\"><img loading=\"lazy\" decoding=\"async\" width=\"960\" height=\"720\" src=\"https:\/\/tvsensor.com\/wp-content\/uploads\/2019\/03\/52702709_368699183758856_3460929095733346304_n.jpg\" alt=\"\" class=\"wp-image-1310\" srcset=\"https:\/\/tvsensor.com\/wp-content\/uploads\/2019\/03\/52702709_368699183758856_3460929095733346304_n.jpg 960w, https:\/\/tvsensor.com\/wp-content\/uploads\/2019\/03\/52702709_368699183758856_3460929095733346304_n-300x225.jpg 300w, https:\/\/tvsensor.com\/wp-content\/uploads\/2019\/03\/52702709_368699183758856_3460929095733346304_n-768x576.jpg 768w, https:\/\/tvsensor.com\/wp-content\/uploads\/2019\/03\/52702709_368699183758856_3460929095733346304_n-500x375.jpg 500w, https:\/\/tvsensor.com\/wp-content\/uploads\/2019\/03\/52702709_368699183758856_3460929095733346304_n-760x570.jpg 760w, https:\/\/tvsensor.com\/wp-content\/uploads\/2019\/03\/52702709_368699183758856_3460929095733346304_n-533x400.jpg 533w, https:\/\/tvsensor.com\/wp-content\/uploads\/2019\/03\/52702709_368699183758856_3460929095733346304_n-585x439.jpg 585w\" sizes=\"auto, (max-width: 960px) 100vw, 960px\" \/><figcaption>  Mogens Lukketoft, Nid\u017eara Graca i Zlatan Elezovi\u0107  <br><\/figcaption><\/figure>\n\n\n\n<p> Svojim prisustvom skup je uveli\u010dao i Ambasador BiH u Kraljevini Danskoj, Emir Poljo, a glavni gost ve\u010deri bio je Mogens Lukketoft. Gospodin Luketoft je ina\u010de jedna od najmarkantnijih li\u010dnosti danske politi\u010dke scene, a u periodu 2015-2016 bio je predsjedavaju\u0107i Generalne skup\u0161tine UN-a. <\/p>\n\n\n\n<figure class=\"wp-block-image\"><img loading=\"lazy\" decoding=\"async\" width=\"960\" height=\"720\" src=\"https:\/\/tvsensor.com\/wp-content\/uploads\/2019\/03\/52896853_297268367626203_7838014126323400704_n.jpg\" alt=\"\" class=\"wp-image-1311\" srcset=\"https:\/\/tvsensor.com\/wp-content\/uploads\/2019\/03\/52896853_297268367626203_7838014126323400704_n.jpg 960w, https:\/\/tvsensor.com\/wp-content\/uploads\/2019\/03\/52896853_297268367626203_7838014126323400704_n-300x225.jpg 300w, https:\/\/tvsensor.com\/wp-content\/uploads\/2019\/03\/52896853_297268367626203_7838014126323400704_n-768x576.jpg 768w, https:\/\/tvsensor.com\/wp-content\/uploads\/2019\/03\/52896853_297268367626203_7838014126323400704_n-500x375.jpg 500w, https:\/\/tvsensor.com\/wp-content\/uploads\/2019\/03\/52896853_297268367626203_7838014126323400704_n-760x570.jpg 760w, https:\/\/tvsensor.com\/wp-content\/uploads\/2019\/03\/52896853_297268367626203_7838014126323400704_n-533x400.jpg 533w, https:\/\/tvsensor.com\/wp-content\/uploads\/2019\/03\/52896853_297268367626203_7838014126323400704_n-585x439.jpg 585w\" sizes=\"auto, (max-width: 960px) 100vw, 960px\" \/><figcaption> <br>Nid\u017eara Graca i Mogens Lukketoft <\/figcaption><\/figure>\n\n\n\n<p>Obna\u0161ao je i du\u017enost predsjednika danskog dr\u017eavnog parlamenta. Mogens Lukketoft je bio i ministar vanjskih poslova Kraljevine Danske. Sa ovim visokim gostom obavljen je javni dijalog na teme koje su interesovale prisutne u sali, a to se odnosilo uglavnom na medjunarodnu politiku i novi svjetski poredak. <\/p>\n\n\n\n<p>Naravno, bilo je i razgovora o BiH i ulasku na\u0161e zemlje u punopravno \u010dlanstvo NATO saveza te priklju\u010denju EU. Publika u sali  uzela je aktivno u\u010de\u0161\u0107e u dijalogu sa gospodinom Lukketoftom te postavila niz pitanja na koje je Lukketoft strpljivo i precizno odgovarao. Pitanja su bila raznolika a najvi\u0161e ih je bilo vezano za odnose na relaciji EU &#8211; Rusija , NATO &#8211; Rusija te o tome u kakvoj se poziciji trenutno nalazi BiH. <\/p>\n\n\n\n<p>Gospodin Lukketoft je naglasio da EU trenutno nema &#8220;mi\u0161i\u0107e&#8221; kojim mo\u017ee sprije\u010diti kr\u0161enje dejtonskog mirovnog ugovora te je upravo zbog toga ulazak u NATO savez prioritet, dok za punopravno \u010dlanstvo u EU treba sa\u010dekati dok BiH ne ispuni sve svoje obaveze, odnosno zahtjeve Unije. <\/p>\n\n\n\n<figure class=\"wp-block-image\"><img loading=\"lazy\" decoding=\"async\" width=\"960\" height=\"720\" src=\"https:\/\/tvsensor.com\/wp-content\/uploads\/2019\/03\/52979961_385874751966224_7779789238966419456_n-1.jpg\" alt=\"\" class=\"wp-image-1312\" srcset=\"https:\/\/tvsensor.com\/wp-content\/uploads\/2019\/03\/52979961_385874751966224_7779789238966419456_n-1.jpg 960w, https:\/\/tvsensor.com\/wp-content\/uploads\/2019\/03\/52979961_385874751966224_7779789238966419456_n-1-300x225.jpg 300w, https:\/\/tvsensor.com\/wp-content\/uploads\/2019\/03\/52979961_385874751966224_7779789238966419456_n-1-768x576.jpg 768w, https:\/\/tvsensor.com\/wp-content\/uploads\/2019\/03\/52979961_385874751966224_7779789238966419456_n-1-500x375.jpg 500w, https:\/\/tvsensor.com\/wp-content\/uploads\/2019\/03\/52979961_385874751966224_7779789238966419456_n-1-760x570.jpg 760w, https:\/\/tvsensor.com\/wp-content\/uploads\/2019\/03\/52979961_385874751966224_7779789238966419456_n-1-533x400.jpg 533w, https:\/\/tvsensor.com\/wp-content\/uploads\/2019\/03\/52979961_385874751966224_7779789238966419456_n-1-585x439.jpg 585w\" sizes=\"auto, (max-width: 960px) 100vw, 960px\" \/><\/figure>\n\n\n\n<p>Voditelj programa bila je Edina Rikalo, a dijalog sa visokim gostom vodili su Nid\u017eara Graca i Zlatan Elezovi\u0107. Bila je to jedna lijepa manifestacija u kojoj je sve odisalo Bosnom i Hercegovinom. BH Radio Odense i UBLO (udru\u017eenje Bosnjaka logora\u0161a) ve\u0107 dugi niz godina organizuju i sve\u010dano obilje\u017eavaju sve bitne datume iz bosansko-hercegova\u010dke istorije, a tako je bilo i ovaj put. <\/p>\n","protected":false},"excerpt":{"rendered":"<p>Pi\u0161e: Mensur Graca Sino\u0107 u velikoj sali Vollsmose Kulturhus u Odensi proslavljen 1. mart Dan nezavisnosti Bosne i Hercegovine. U prepunoj sali centra pored na\u0161ih gra\u0111ana bio je prisutan i veliki broj Danaca. Program je po\u010deo intoniranjem nacionalnih himni BiH i Danske. Svojim prisustvom skup je uveli\u010dao i Ambasador BiH u Kraljevini Danskoj, Emir Poljo, [&hellip;]<\/p>\n","protected":false},"author":59,"featured_media":1309,"comment_status":"open","ping_status":"closed","sticky":false,"template":"","format":"standard","meta":{"inline_featured_image":false,"footnotes":""},"categories":[37,38],"tags":[],"class_list":{"0":"post-1308","1":"post","2":"type-post","3":"status-publish","4":"format-standard","5":"has-post-thumbnail","7":"category-vijesti","8":"category-vijesti-iz-bih"},"acf":[],"_links":{"self":[{"href":"https:\/\/tvsensor.com\/api\/wp\/v2\/posts\/1308","targetHints":{"allow":["GET"]}}],"collection":[{"href":"https:\/\/tvsensor.com\/api\/wp\/v2\/posts"}],"about":[{"href":"https:\/\/tvsensor.com\/api\/wp\/v2\/types\/post"}],"author":[{"embeddable":true,"href":"https:\/\/tvsensor.com\/api\/wp\/v2\/users\/59"}],"replies":[{"embeddable":true,"href":"https:\/\/tvsensor.com\/api\/wp\/v2\/comments?post=1308"}],"version-history":[{"count":2,"href":"https:\/\/tvsensor.com\/api\/wp\/v2\/posts\/1308\/revisions"}],"predecessor-version":[{"id":1314,"href":"https:\/\/tvsensor.com\/api\/wp\/v2\/posts\/1308\/revisions\/1314"}],"wp:featuredmedia":[{"embeddable":true,"href":"https:\/\/tvsensor.com\/api\/wp\/v2\/media\/1309"}],"wp:attachment":[{"href":"https:\/\/tvsensor.com\/api\/wp\/v2\/media?parent=1308"}],"wp:term":[{"taxonomy":"category","embeddable":true,"href":"https:\/\/tvsensor.com\/api\/wp\/v2\/categories?post=1308"},{"taxonomy":"post_tag","embeddable":true,"href":"https:\/\/tvsensor.com\/api\/wp\/v2\/tags?post=1308"}],"curies":[{"name":"wp","href":"https:\/\/api.w.org\/{rel}","templated":true}]}}