{"id":1304,"date":"2019-03-01T10:18:55","date_gmt":"2019-03-01T10:18:55","guid":{"rendered":"https:\/\/senzor.ba\/?p=1304"},"modified":"2024-01-15T21:49:48","modified_gmt":"2024-01-15T20:49:48","slug":"semira-jakupovic-ime-mi-je-bosna","status":"publish","type":"post","link":"https:\/\/tvsensor.com\/clanak\/semira-jakupovic-ime-mi-je-bosna\/","title":{"rendered":"Semira Jakupovi\u0107 &#8211; Ime mi je  Bosna"},"content":{"rendered":"\n<p>Ime mi je Bosna I Hercegovina<br>I stara sam hiljadu i vi\u0161e godina<br>Ka\u017eu da sam ponosna<br>Satkana od \u010distih rijeka,<br>Jezera, ravnica i planina<\/p>\n\n\n\n<p>Zovu me Bosna<br>I k\u2019o \u0161to dobri Mak re\u010de,<br>Bijah gola, bosa i prkosna <br>Zapamtih kraljeve i kraljice silne <br>Iz dinastije Kotromani\u0107a<\/p>\n\n\n\n<p>Prohuja\u0161e kroz mene burna vremena<br>Osvojala me carstva velika<br>Zapamtih mnoge <br>Sisteme, re\u017eime i vladavine<br>Dizale se oko mene velike buke<br>I ostajale gluhe ti\u0161ine<\/p>\n\n\n\n<p>Na meni se lomili \u010dasovi historije<br>Zapamtila sam desant i slavne bitke<br>Primala sam izgnane u svoje okrilje<br>Savijala ih pod svoja krila <br>I uvijek dostojanstvena bila.<\/p>\n\n\n\n<p>Ka\u017eu da imam dobre ljude <br>Da volim merak i<br>Da se u meni najljep\u0161e pjeva<br>Ko se moje vode napije<br>Da iz mene oti\u0107i ne umije.<\/p>\n\n\n\n<p>Da sam mala, ali mo\u0107na<br>da svako za mene pita<br>crvene mrlje jo\u0161 uvijek su po meni<br>I doline zlatnoga \u017eita.<\/p>\n\n\n\n<p>Obojena sam nebom plavim<br>\u017dutim suncem i<br>Bijelom bojom mira<br>Ne \u017eelim da budem tu\u017ena<br>I kada boli<br>U meni harmonika svira<\/p>\n\n\n\n<p>U mom srcu Sarajevo kuca<br>Znaju me po Sarajevskom atentatu<br>Po Gavrilu Principu<br>I Prvom svjetskom ratu<\/p>\n\n\n\n<p>Poznaju me po mnogo ljep\u0161im stvarima<br>Po snje\u0161nim planinama, \u017ei\u010darama <br>I Zimskim olimpijskim igrama<br>Bila sam centar svijeta <br>Sjaj u o\u010dima svakoga djeteta<\/p>\n\n\n\n<p>Pre\u017eivjela sam mnoge opsade <br>Dizala se iz pepela <br>Kao Feniks ptica<br>U sebi sam sakrila neisplakane suze <br>I nisam skidala osmijeh sa lica.<\/p>\n\n\n\n<p>Ranjena sam bila mnogo puta<br>Udarali me bjesomu\u010dno<br>U moja krhka ramena<br>Iz bola sam crpila snagu<br>I \u010duvala za bolja vremena<\/p>\n\n\n\n<p>Jo\u0161 uvijek vidam svoje te\u0161ke rane<br>Ali ne\u0107u nikada pasti na koljena<br>Po mojim poljima miri\u0161u ljiljani <br>I zovu me zemlja voljena.<\/p>\n\n\n\n<p><br>Danas slavim svoju nezavisnost<br>Ko \u010deka, taj i do\u010deka <br>svjetlost na kraju tunela<br>Krhka sam kao dragocjena vaza<br>Al\u2019 ipak \u010dvrsta kao stijena.<\/p>\n\n\n\n<p>Neka je sretno svim ljudima dobre volje<br>Koji osje\u0107aju da sam im majka<br>Pri\u010da sam sa sretnim zavr\u0161etkom<br>U srcu Evrope, najljep\u0161a bajka.<\/p>\n","protected":false},"excerpt":{"rendered":"<p>Ime mi je Bosna I HercegovinaI stara sam hiljadu i vi\u0161e godinaKa\u017eu da sam ponosnaSatkana od \u010distih rijeka,Jezera, ravnica i planina Zovu me BosnaI k\u2019o \u0161to dobri Mak re\u010de,Bijah gola, bosa i prkosna Zapamtih kraljeve i kraljice silne Iz dinastije Kotromani\u0107a Prohuja\u0161e kroz mene burna vremenaOsvojala me carstva velikaZapamtih mnoge Sisteme, re\u017eime i vladavineDizale se [&hellip;]<\/p>\n","protected":false},"author":59,"featured_media":1305,"comment_status":"open","ping_status":"closed","sticky":false,"template":"","format":"standard","meta":{"inline_featured_image":false,"footnotes":""},"categories":[49,46],"tags":[],"class_list":{"0":"post-1304","1":"post","2":"type-post","3":"status-publish","4":"format-standard","5":"has-post-thumbnail","7":"category-knjizevni-kutak","8":"category-kultura"},"acf":[],"_links":{"self":[{"href":"https:\/\/tvsensor.com\/api\/wp\/v2\/posts\/1304","targetHints":{"allow":["GET"]}}],"collection":[{"href":"https:\/\/tvsensor.com\/api\/wp\/v2\/posts"}],"about":[{"href":"https:\/\/tvsensor.com\/api\/wp\/v2\/types\/post"}],"author":[{"embeddable":true,"href":"https:\/\/tvsensor.com\/api\/wp\/v2\/users\/59"}],"replies":[{"embeddable":true,"href":"https:\/\/tvsensor.com\/api\/wp\/v2\/comments?post=1304"}],"version-history":[{"count":1,"href":"https:\/\/tvsensor.com\/api\/wp\/v2\/posts\/1304\/revisions"}],"predecessor-version":[{"id":1306,"href":"https:\/\/tvsensor.com\/api\/wp\/v2\/posts\/1304\/revisions\/1306"}],"wp:featuredmedia":[{"embeddable":true,"href":"https:\/\/tvsensor.com\/api\/wp\/v2\/media\/1305"}],"wp:attachment":[{"href":"https:\/\/tvsensor.com\/api\/wp\/v2\/media?parent=1304"}],"wp:term":[{"taxonomy":"category","embeddable":true,"href":"https:\/\/tvsensor.com\/api\/wp\/v2\/categories?post=1304"},{"taxonomy":"post_tag","embeddable":true,"href":"https:\/\/tvsensor.com\/api\/wp\/v2\/tags?post=1304"}],"curies":[{"name":"wp","href":"https:\/\/api.w.org\/{rel}","templated":true}]}}