{"id":1295,"date":"2019-03-01T09:17:15","date_gmt":"2019-03-01T09:17:15","guid":{"rendered":"https:\/\/senzor.ba\/?p=1295"},"modified":"2024-01-15T21:49:48","modified_gmt":"2024-01-15T20:49:48","slug":"ureden-novi-vidikovac-iznad-mostara-s-kojeg-se-jos-bolje-vidi-natpis-bih-volimo-te","status":"publish","type":"post","link":"https:\/\/tvsensor.com\/clanak\/ureden-novi-vidikovac-iznad-mostara-s-kojeg-se-jos-bolje-vidi-natpis-bih-volimo-te\/","title":{"rendered":"Ure\u0111en novi vidikovac iznad Mostara s kojeg se jo\u0161 bolje vidi natpis &#8220;BiH volimo te&#8221;"},"content":{"rendered":"\n<p>Povodom Dana nezavisnosti Bosne i Hercegovine Brdsko-biciklisti\u010dko \nudru\u017eenje MTBA Mostar uredilo je novi vidikovac na brdu Fortica s kojeg \nse pru\u017ea prekrasan pogled na Mostar, ali i na natpis &#8220;BiH volimo te&#8221;<br>\u0110ani\n Rahimi\u0107, predsjednik MTBA Mostar, za Klix.ba ka\u017ee kako je godinu dana \nnakon izgradnje vidikovca i postavljanja zastave zavr\u0161en jo\u0161 jedan \nvidikovac.<\/p>\n\n\n\n<p>&#8220;Ovo je ve\u0107 postalo popularno me\u0111u turistima koji posje\u0107uju Mostar, \ntako da Fortica ponovno postaje interesantno izleti\u0161te za Mostarce i \nnjihove goste. U povodu 1. marta, Dana nezavisnosti Bosne i Hercegovine \nuprili\u010deno je sve\u010dano podizanje dr\u017eavne zastave i intoniranje himne BiH \nuz prisustvo vi\u0161e stotina u\u010denika srednjih \u0161kola s podru\u010dja Mostara koji\n su pje\u0161a\u010dili do Fortice kako bi obilje\u017eili ovaj zna\u010dajan datum za na\u0161u \ndomovinu&#8221;, kazao je Rahimi\u0107.<\/p>\n\n\n\n<p>Prisutnima se obratio ratni komadant \u0160erif \u0160pago, a predavanja su odr\u017eali i profesori Adnan D\u017eolota i Elmedin Ljevo.<\/p>\n\n\n\n<p>Rahimi\u0107 podsje\u0107a kako, iako nije zvani\u010dan toponim, Fortica je \nustaljen naziv za brdo iznad Mostara preko kojeg vodi lokalni put za \nPodvele\u017eje, a najvjerovatnije poti\u010de od talijanske rije\u010di fortezza ili \nutvrda, prema austrougarskim i talijanskim utvrdama koje se na njemu \nnalaze.<\/p>\n\n\n\n<p>&#8220;Brdo Fortica je oduvijek bilo izleti\u0161te mnogih Mostaraca koji za \nvrijeme velikih ljetnih vru\u0107ina izlaze na njegove obronke u\u017eivaju\u0107i u \npogledu na svoj grad. Uz to, Fortica je i mjesto na kojem su Mostarci \nodavali i odaju po\u010dast pojedinim li\u010dnostima i doga\u0111ajima koji su \nposljednjih stotinjak godina obilje\u017eili grad na Neretvi&#8221;, kazao je.<\/p>\n\n\n\n<p>Tako su u vrijeme dok je na ovim prostorima vladala Austro-Ugarska, \nna samom vrhu bili ispisani inicijali cara Franje Josipa prvog (FJI) sa \nsimbolom krune. Bila je to zahvalnost za brojne objekte koji su \nizgra\u0111eni u gradu na Neretvi za vrijeme austrougarske vladavine.<\/p>\n\n\n\n<p>&#8220;Po\u010detkom sedamdesetih godina pro\u0161log vijeka mostarska omladina do\u0161la\n je na ideju da na Fortici iska\u017ee svoju ljubav prema Josipu Brozu Titu. \nBio je to, koliko je poznato, prvi slu\u010daj u Jugoslaviji da se na taj \nna\u010din iskazivala ljubav i po\u0161tovanje prema predsjedniku SFRJ. Od kamenja\n je napravljen simbol \u0161tafete mladosti i pored nje je ispisano TITO. \nKada je 4. maja 1980. godine umro Josip Broz Tito, mladi Mostara su \nispod Titovog imena ispisali &#8220;VOLIMO TE&#8221; i tako jo\u0161 jednom iskazali \nljubav prema njemu&#8221;, kazao je.<\/p>\n\n\n\n<p>Slova su bila visoka deset, a \u0161iroka osam metara. Taj naziv je stajao sve do posljednjeg rata.<\/p>\n\n\n\n<p>&#8220;Tada je na Fortici ponovo do\u0161lo do preslagivanja kamenja. Ostalo je  &#8216;VOLIMO TE&#8217;, a ime TITO je preina\u010deno u BiH. Od tada na ovom brdu stoji  &#8216;BiH VOLIMO TE&#8217;, uz naknadno napravljeni simbol Starog mosta. Ovaj  natpis ispisala je omladina grada, \u010dime je iskazala svoju odanost i  ljubav prema domovini \u2013 Bosni i Hercegovini. Pro\u0161log 1. marta na ovom  mjestu izra\u0111en je vidikovac na koji je postavljen 30 metara visok jarbol  sa zastavom Bosne i Hercegovine veli\u010dine 12x6m \u010dime je proslavljen Dan  nezavisnosti Bosne i Hercegovine&#8221;, podsjetio je na historiju Fortice i  njenih natpisa \u0110ani Rahimi\u0107.<\/p>\n\n\n\n<p>klix.ba<\/p>\n","protected":false},"excerpt":{"rendered":"<p>Povodom Dana nezavisnosti Bosne i Hercegovine Brdsko-biciklisti\u010dko udru\u017eenje MTBA Mostar uredilo je novi vidikovac na brdu Fortica s kojeg se pru\u017ea prekrasan pogled na Mostar, ali i na natpis &#8220;BiH volimo te&#8221;\u0110ani Rahimi\u0107, predsjednik MTBA Mostar, za Klix.ba ka\u017ee kako je godinu dana nakon izgradnje vidikovca i postavljanja zastave zavr\u0161en jo\u0161 jedan vidikovac. &#8220;Ovo je [&hellip;]<\/p>\n","protected":false},"author":59,"featured_media":1296,"comment_status":"open","ping_status":"closed","sticky":false,"template":"","format":"standard","meta":{"inline_featured_image":false,"footnotes":""},"categories":[68,65],"tags":[],"class_list":{"0":"post-1295","1":"post","2":"type-post","3":"status-publish","4":"format-standard","5":"has-post-thumbnail","7":"category-ljepote-bih","8":"category-vise"},"acf":[],"_links":{"self":[{"href":"https:\/\/tvsensor.com\/api\/wp\/v2\/posts\/1295","targetHints":{"allow":["GET"]}}],"collection":[{"href":"https:\/\/tvsensor.com\/api\/wp\/v2\/posts"}],"about":[{"href":"https:\/\/tvsensor.com\/api\/wp\/v2\/types\/post"}],"author":[{"embeddable":true,"href":"https:\/\/tvsensor.com\/api\/wp\/v2\/users\/59"}],"replies":[{"embeddable":true,"href":"https:\/\/tvsensor.com\/api\/wp\/v2\/comments?post=1295"}],"version-history":[{"count":1,"href":"https:\/\/tvsensor.com\/api\/wp\/v2\/posts\/1295\/revisions"}],"predecessor-version":[{"id":1297,"href":"https:\/\/tvsensor.com\/api\/wp\/v2\/posts\/1295\/revisions\/1297"}],"wp:featuredmedia":[{"embeddable":true,"href":"https:\/\/tvsensor.com\/api\/wp\/v2\/media\/1296"}],"wp:attachment":[{"href":"https:\/\/tvsensor.com\/api\/wp\/v2\/media?parent=1295"}],"wp:term":[{"taxonomy":"category","embeddable":true,"href":"https:\/\/tvsensor.com\/api\/wp\/v2\/categories?post=1295"},{"taxonomy":"post_tag","embeddable":true,"href":"https:\/\/tvsensor.com\/api\/wp\/v2\/tags?post=1295"}],"curies":[{"name":"wp","href":"https:\/\/api.w.org\/{rel}","templated":true}]}}