{"id":1288,"date":"2019-03-01T09:07:16","date_gmt":"2019-03-01T09:07:16","guid":{"rendered":"https:\/\/senzor.ba\/?p=1288"},"modified":"2024-01-15T21:49:49","modified_gmt":"2024-01-15T20:49:49","slug":"obnavlja-se-fasada-najostecenijih-zgrada-u-naselju-saraj-polje","status":"publish","type":"post","link":"https:\/\/tvsensor.com\/clanak\/obnavlja-se-fasada-najostecenijih-zgrada-u-naselju-saraj-polje\/","title":{"rendered":"Obnavlja se fasada najo\u0161te\u0107enijih zgrada u naselju Saraj Polje"},"content":{"rendered":"\n<p>Povodom obilje\u017eavanja 1.\nmarta &#8211; Dana Mjesne zajednice Saraj Polje, delegacije Op\u0107ine Novi Grad\nSarajevo, Savjeta Mjesne zajednice i politi\u010dkih partija, polo\u017eili su danas\ncvije\u0107e na spomen &#8211; obilje\u017eje kod Osnovne \u0161kole \u201eAleksa \u0160anti\u0107\u201c, nakon \u010dega je\nu prostorijama \u0161kole odr\u017eana sve\u010danost na kojoj su uz prigodan kulturno \u2013\numjetni\u010dki program posve\u0107en Danu nezavisnosti BiH, zaslu\u017enim pojedincima i\nkolektivima uru\u010dena priznanja.<\/p>\n\n\n\n<p>Tim povodom uprili\u010den je i\nobilazak radova na sanaciji fasade najo\u0161te\u0107enijih stambenih zgrada u ovom\nnaselju, u ulici Senada Mandi\u0107a Dende, a radove je obi\u0161ao na\u010delnik Op\u0107ine Novi\nGrad Sarajevo Semir Efendi\u0107, sa saradnicima, \u010dlanovima Savjeta MZ&nbsp; i\npredstavnicima izvo\u0111a\u010da radova.<\/p>\n\n\n\n<p>&nbsp;\u201eU ovoj ulici su\nnajo\u0161te\u0107enije zgrade kada su u pitanju ratna dejstva na podruu\u010dju op\u0107ine Novi\nGrad. Ranije je Ministarstvo za stambene poslove KS-a saniralo ve\u0107inu takvih\nobjekata u Sarajevu, me\u0111utim ove zgrade nisu u\u0161le u njihov program. Vi\u0161e godina\ntra\u017eili smo od nadle\u017enog kantonalnog ministrstva da se to rije\u0161i onako kako je\nrije\u0161eno i u ostatku Sarajeva, me\u0111utim, kako se to nije desilo, u pro\u0161loj\ngodini smo planirali sredstva i kroz na\u0161 program hitnih intervencija obuhvatili\nsmo i zgrade u ulici Senada Mandi\u0107a Dende broj 2, 3 i 4. Zadovoljan sam da su\nradovi u toku i da vremenski uslovi dozvoljavaju da se radovi zavr\u0161e na\nnajbolji mogu\u0107i na\u010din\u201c, pojasnio je op\u0107inski na\u010delnik Semir Efendi\u0107.<\/p>\n\n\n\n<p>Dodao je da su o\u0161te\u0107enja\nbila takva da nije bilo mogu\u0107e da stanari putem upravitelja obezbijede dovoljno\nsredstava da bi se sanacija uradila na adekvatan na\u010din.<\/p>\n\n\n\n<p>Obzirom da su zgrade u\nnaselju Saraj Polje izgra\u0111ene neposredno prije agresije na na\u0161u zemlju, te da\nsu ra\u0111ene po standardima energetske efikasnosti, u sastavu fasade je i\ntermoizolacija, koja je tokom ratnih dejstava bila o\u0161te\u0107ena. Sanacijom fasada u\nisto vrijeme bit \u0107e zavr\u0161en i taj dio termoizolacije koji je bio o\u0161te\u0107en, tako\nda \u0107e stanarima od idu\u0107e zime biti mnogo lak\u0161e. Nermin Bali\u0107, \u010dlan Savjeta MZ\nSaraj Polje istakao je zadovoljstvo \u0161to \u0107e 23 godine nakon rata ova zgrada biti\nobnovljena.<\/p>\n\n\n\n<p>\u201eDoselio sam se u ovo\nnaselje odmah nakon njegove izgradnje, bilo je to prelijepo naselje koje je devastirano\nu toku rata, a ovo je najo\u0161te\u0107eniji dio naselja, jer su iz pravca Ned\u017eari\u0107a\ntokom rata pamovi, patovi, tzv. \u201esija\u010di smrti\u201c dejstvovali po ovom dijelu\nnaselja. Hvala Op\u0107ini koja je imala razumijevanja i pristupila sanaciji\no\u0161te\u0107enja, jer mi ovo ne bi mogli isfinansirati. Nakon ovih radova naselje \u0107e\nbiti jo\u0161 ljep\u0161e nego \u0161to je bilo prije rata\u201c, kazao je Bali\u0107.<\/p>\n\n\n\n<p>Radovi u ulici Senada\nMandi\u0107a Dende ko\u0161ta\u0107e oko 200.000 KM. &nbsp;U programu za ovu godinu planirana\nje i sanacija velikog o\u0161te\u0107enja u stambenoj zgradi u C fazi Alipa\u0161inog Polja, u\nGeteovoj ulici na broju 5, gdje su usljed eksplozije velike granate (tzv.\navio-bombe), na nekoliko spratova zgrade o\u0161te\u0107eni stanovi, kao i zgrada u ulici\nTrg djece Dobrinje broj 16 i 20 na Dobrinji.<\/p>\n\n\n\n<p>U pro\u0161loj godini zavr\u0161ena\nje obnova zgrade poznate kao \u201ePancirka\u201c koja je bila najo\u0161te\u0107enija na prostoru\nDobrinje, tako da se privodi kraju sanacija objekata sa ratnim o\u0161te\u0107enjima u\nNovom Gradu.<\/p>\n","protected":false},"excerpt":{"rendered":"<p>Povodom obilje\u017eavanja 1. marta &#8211; Dana Mjesne zajednice Saraj Polje, delegacije Op\u0107ine Novi Grad Sarajevo, Savjeta Mjesne zajednice i politi\u010dkih partija, polo\u017eili su danas cvije\u0107e na spomen &#8211; obilje\u017eje kod Osnovne \u0161kole \u201eAleksa \u0160anti\u0107\u201c, nakon \u010dega je u prostorijama \u0161kole odr\u017eana sve\u010danost na kojoj su uz prigodan kulturno \u2013 umjetni\u010dki program posve\u0107en Danu nezavisnosti BiH, [&hellip;]<\/p>\n","protected":false},"author":59,"featured_media":1289,"comment_status":"open","ping_status":"closed","sticky":false,"template":"","format":"standard","meta":{"inline_featured_image":false,"footnotes":""},"categories":[37,38],"tags":[],"class_list":{"0":"post-1288","1":"post","2":"type-post","3":"status-publish","4":"format-standard","5":"has-post-thumbnail","7":"category-vijesti","8":"category-vijesti-iz-bih"},"acf":[],"_links":{"self":[{"href":"https:\/\/tvsensor.com\/api\/wp\/v2\/posts\/1288","targetHints":{"allow":["GET"]}}],"collection":[{"href":"https:\/\/tvsensor.com\/api\/wp\/v2\/posts"}],"about":[{"href":"https:\/\/tvsensor.com\/api\/wp\/v2\/types\/post"}],"author":[{"embeddable":true,"href":"https:\/\/tvsensor.com\/api\/wp\/v2\/users\/59"}],"replies":[{"embeddable":true,"href":"https:\/\/tvsensor.com\/api\/wp\/v2\/comments?post=1288"}],"version-history":[{"count":1,"href":"https:\/\/tvsensor.com\/api\/wp\/v2\/posts\/1288\/revisions"}],"predecessor-version":[{"id":1290,"href":"https:\/\/tvsensor.com\/api\/wp\/v2\/posts\/1288\/revisions\/1290"}],"wp:featuredmedia":[{"embeddable":true,"href":"https:\/\/tvsensor.com\/api\/wp\/v2\/media\/1289"}],"wp:attachment":[{"href":"https:\/\/tvsensor.com\/api\/wp\/v2\/media?parent=1288"}],"wp:term":[{"taxonomy":"category","embeddable":true,"href":"https:\/\/tvsensor.com\/api\/wp\/v2\/categories?post=1288"},{"taxonomy":"post_tag","embeddable":true,"href":"https:\/\/tvsensor.com\/api\/wp\/v2\/tags?post=1288"}],"curies":[{"name":"wp","href":"https:\/\/api.w.org\/{rel}","templated":true}]}}