{"id":1285,"date":"2019-03-01T08:30:48","date_gmt":"2019-03-01T08:30:48","guid":{"rendered":"https:\/\/senzor.ba\/?p=1285"},"modified":"2024-01-15T21:49:49","modified_gmt":"2024-01-15T20:49:49","slug":"dzeko-cestitao-dan-nezavisnosti-ko-nije-bio-u-bih-ne-zna-koliko-se-ova-nasa-zemlja-moze-voljeti","status":"publish","type":"post","link":"https:\/\/tvsensor.com\/clanak\/dzeko-cestitao-dan-nezavisnosti-ko-nije-bio-u-bih-ne-zna-koliko-se-ova-nasa-zemlja-moze-voljeti\/","title":{"rendered":"D\u017eeko \u010destitao Dan nezavisnosti: Ko nije bio u BiH, ne zna koliko se ova na\u0161a zemlja mo\u017ee voljeti"},"content":{"rendered":"\n<p><strong>Bosna i Hercegovina slavi Dan nezavisnosti. Naime, prije 27 godina \nve\u0107ina gra\u0111ana i gra\u0111anki na\u0161e zemlje na refrendumu se odlu\u010dila za \nnezavisnu dr\u017eavu ravnopravnih gra\u0111ana.&nbsp;<\/strong><\/p>\n\n\n\n<p>Tim povodom je i kapiten na\u0161e reprezentacije i napada\u010d Rome Edin D\u017eeko putem dru\u0161tvenih mre\u017ea \u010destitao ovaj veliki praznik.<\/p>\n\n\n\n<p>D\u017eeko je tako na Facebooku napisao:<\/p>\n\n\n\n<p><em>&#8220;Ko  nije bio u Bosni i Hercegovini, ne zna koliko se ova na\u0161a zemlja mo\u017ee  voljeti.Ko nije na\u0161im ulicama hodao, sa na\u0161im ljudima pri\u010dao, sa njima  se sva\u0111ao, grlio i ljubio, slu\u0161ao na\u0161e \u0161ale, taj kao da nije ni \u017eivio.<\/em><\/p>\n\n\n\n<figure class=\"wp-block-image\"><img decoding=\"async\" src=\"https:\/\/backend.hayat.ba\/uploads\/articles\/zzrn1\/Edin-Dzeko.jpg\" alt=\"\" \/><\/figure>\n\n\n\n<p><em>Rasuti\n smo po cijelom svijetu i svima onima, koji nisu bili u BiH, mi \nsportisti, poku\u0161avamo prenijeti \u0161ta je to inat, \u0161ta je to tvrda glava \nbosanska, \u0161ta je to ponos, \u0161ta je to ljubav i za\u0161to na\u0161u zemlju toliko \nvolimo.&nbsp;Nije BiH savr\u0161ena, ali je meni najljep\u0161a i sretan sam \u0161to sam \nodgojen da volim sve ljude na ovom svijetu i sto imam(o) priliku svijetu\n pokazati koliko nama zna\u010di na\u0161a zemlja.<\/em><\/p>\n\n\n\n<p><em>Volim sto sam ro\u0111en ba\u0161 kao Bosanac i Hercegovac.<\/em><\/p>\n\n\n\n<p><em>Zato,\n sretan nam Dan nezavisnosti, jedne i jedine nam Bosne i Hercegovine..&#8221;,\n napisao je D\u017eeko na svom zvani\u010dnom Facebook profilu.<\/em><\/p>\n\n\n\n<p><br><\/p>\n","protected":false},"excerpt":{"rendered":"<p>Bosna i Hercegovina slavi Dan nezavisnosti. Naime, prije 27 godina ve\u0107ina gra\u0111ana i gra\u0111anki na\u0161e zemlje na refrendumu se odlu\u010dila za nezavisnu dr\u017eavu ravnopravnih gra\u0111ana.&nbsp; Tim povodom je i kapiten na\u0161e reprezentacije i napada\u010d Rome Edin D\u017eeko putem dru\u0161tvenih mre\u017ea \u010destitao ovaj veliki praznik. D\u017eeko je tako na Facebooku napisao: &#8220;Ko nije bio u Bosni [&hellip;]<\/p>\n","protected":false},"author":59,"featured_media":1286,"comment_status":"open","ping_status":"closed","sticky":false,"template":"","format":"standard","meta":{"inline_featured_image":false,"footnotes":""},"categories":[37,38],"tags":[],"class_list":{"0":"post-1285","1":"post","2":"type-post","3":"status-publish","4":"format-standard","5":"has-post-thumbnail","7":"category-vijesti","8":"category-vijesti-iz-bih"},"acf":[],"_links":{"self":[{"href":"https:\/\/tvsensor.com\/api\/wp\/v2\/posts\/1285","targetHints":{"allow":["GET"]}}],"collection":[{"href":"https:\/\/tvsensor.com\/api\/wp\/v2\/posts"}],"about":[{"href":"https:\/\/tvsensor.com\/api\/wp\/v2\/types\/post"}],"author":[{"embeddable":true,"href":"https:\/\/tvsensor.com\/api\/wp\/v2\/users\/59"}],"replies":[{"embeddable":true,"href":"https:\/\/tvsensor.com\/api\/wp\/v2\/comments?post=1285"}],"version-history":[{"count":1,"href":"https:\/\/tvsensor.com\/api\/wp\/v2\/posts\/1285\/revisions"}],"predecessor-version":[{"id":1287,"href":"https:\/\/tvsensor.com\/api\/wp\/v2\/posts\/1285\/revisions\/1287"}],"wp:featuredmedia":[{"embeddable":true,"href":"https:\/\/tvsensor.com\/api\/wp\/v2\/media\/1286"}],"wp:attachment":[{"href":"https:\/\/tvsensor.com\/api\/wp\/v2\/media?parent=1285"}],"wp:term":[{"taxonomy":"category","embeddable":true,"href":"https:\/\/tvsensor.com\/api\/wp\/v2\/categories?post=1285"},{"taxonomy":"post_tag","embeddable":true,"href":"https:\/\/tvsensor.com\/api\/wp\/v2\/tags?post=1285"}],"curies":[{"name":"wp","href":"https:\/\/api.w.org\/{rel}","templated":true}]}}