{"id":1281,"date":"2019-02-28T18:36:22","date_gmt":"2019-02-28T18:36:22","guid":{"rendered":"https:\/\/senzor.ba\/?p=1281"},"modified":"2024-01-15T21:49:49","modified_gmt":"2024-01-15T20:49:49","slug":"dan-nezavisnosti-bosne-i-hercegovine","status":"publish","type":"post","link":"https:\/\/tvsensor.com\/clanak\/dan-nezavisnosti-bosne-i-hercegovine\/","title":{"rendered":"Dan nezavisnosti Bosne i Hercegovine"},"content":{"rendered":"\n<p><strong>1. mart<\/strong>&nbsp;se obilje\u017eava kao&nbsp;<strong>Dan nezavisnosti Bosne i Herecgovine<\/strong>jo\u0161 od 1992. godine. Naime, 29. februara i 1. marta 1992. godine, u Bosni i Hercegovini, odr\u017ean je&nbsp;<strong>referendum o nezavisnosti Bosne i Hercegovine od SFRJ<\/strong>. Ve\u0107ina Bosanaca i Hercegovaca izjasnila se tada pozitivno &#8211; glasali su za&nbsp;<strong>demokratsku i nezavisnu<\/strong>&nbsp;Bosnu i Hercegovinu, dr\u017eavu ravnopravnih gra\u0111ana.&nbsp;<\/p>\n\n\n\n<p>Prema statisti\u010dkim podacima, na referendum je iza\u0161lo oko<strong>&nbsp;64,31%<\/strong>gra\u0111ana s pravom glasa, a za nezavisnost BiH glasalo je njih oko&nbsp;<strong>99,44%<\/strong>. Mnogi bosanskohercegova\u010dki Srbi su, prema instrukcijama njihovog politi\u010dkog vrha, bojkotovali referendum, misle\u0107i da \u0107e tako onemogu\u0107iti ispravnost i legalnost istog.<\/p>\n\n\n\n<p>BiH je dakle, proglasila svoju nezavisnost 1. marta 1992. godine, a kao odgovor na referendum, srpske paravojne formacije postavljaju&nbsp;<strong>barikade u Sarajevu<\/strong>&nbsp;i drugim bosanskohercegova\u010dkim gradovima u kojima po\u010dinje prava&nbsp;<strong>agresija<\/strong>&nbsp;na gra\u0111ane BiH.<\/p>\n\n\n\n<p>Zemlje \u010dlanice&nbsp;<strong>Evropske zajednice&nbsp;<\/strong>su 6. aprila 1992. godine, a dan kasnije i&nbsp;<strong>Sjedinjene Ameri\u010dke Dr\u017eave<\/strong>&nbsp;priznale Bosnu i Hercegovinu kao nezavisnu i suverenu dr\u017eavu.&nbsp;<strong>Republika Bosna i Hercegovina<\/strong>je 22. maja 1992. godine postala<strong>&nbsp;\u010dlanica Organizacije ujedinjenih naroda<\/strong>. Na\u017ealost, u isto vrijeme oru\u017eani sukobi u pojedinim dijelovima Bosne i Hercegovine prerasli su u pravu agresiju i ratni po\u017ear, koji je prouzrokovao ogromne ljudske \u017ertve i patnje, kao i materijalna razaranja.<\/p>\n\n\n\n<p>Uspje\u0161nim otporom gra\u0111ana Republike Bosne i Hercegovine agresiji i zalaganjem&nbsp;<strong>Vlade Republike Bosne i Hercegovine<\/strong>&nbsp;za multietni\u010dku i demokratsku dr\u017eavu ravnopravnih naroda, BiH je o\u010duvala svoj&nbsp;<strong>dr\u017eavnopravni i historijski kontinuitet<\/strong>. U ameri\u010dkom gradu&nbsp;<strong>Daytonu<\/strong>&nbsp;21. novembra 1995. potpisan je mirovni sporazum, \u010dime je neslu\u017ebeno zavr\u0161ena agresija na BiH. Kona\u010dni sporazum potpisan je u<strong>Parizu&nbsp;<\/strong>14. decembra 1995. godine, a Dejtonski sporazum potvrdio je Bosnu i Hercegovinu kao samostalnu i suverenu dr\u017eavu u evropskoj porodici dr\u017eava.<\/p>\n\n\n\n<p>Prema ugovoru Bosna i Hercegovina sastoji se iz dvije administrativne jedinice:&nbsp;<strong>Federacije Bosne i Hercegovine i Republike Srpske, te Br\u010dko distrikta<\/strong>, koji ima poseban status i ne pripada nijednom entitetu. Ustav je donesen na temeljima Dejtonskog mirovnog sporazuma. Po tom ustavu Bosna i Hercegovina je priznata kao nezavisna, suverena dr\u017eava sa punim pravnim subjektivitetom temeljena na vrijednostima mira i pomirenja spremna za euroatlantske integracije. Bosna i Hercegovina se nalazi pod svojevrsnim me\u0111unarodnim protektoratom, gdje vlast dr\u017ei kancelarija<strong>OHR-a<\/strong>&nbsp;(tzv. Ured Visokog predstavnika).<\/p>\n\n\n\n<p>28. februara 1995. godine Skup\u0161tina Republike Bosne i Hercegovine u Sarajevu donijela je odluku kojom je&nbsp;<strong>1. mart<\/strong>&nbsp;progla\u0161en&nbsp;<strong>Danom Nezavisnosti Bosne i Hercegovine<\/strong>.<\/p>\n\n\n\n<p><strong>Iskreno od srca, \u017eelimo Vam sretan DAN NEZAVISNOSTI BOSNE I HERCEGOVINE!&nbsp;<\/strong><br><\/p>\n","protected":false},"excerpt":{"rendered":"<p>1. mart&nbsp;se obilje\u017eava kao&nbsp;Dan nezavisnosti Bosne i Herecgovinejo\u0161 od 1992. godine. Naime, 29. februara i 1. marta 1992. godine, u Bosni i Hercegovini, odr\u017ean je&nbsp;referendum o nezavisnosti Bosne i Hercegovine od SFRJ. Ve\u0107ina Bosanaca i Hercegovaca izjasnila se tada pozitivno &#8211; glasali su za&nbsp;demokratsku i nezavisnu&nbsp;Bosnu i Hercegovinu, dr\u017eavu ravnopravnih gra\u0111ana.&nbsp; Prema statisti\u010dkim podacima, na [&hellip;]<\/p>\n","protected":false},"author":59,"featured_media":1282,"comment_status":"open","ping_status":"closed","sticky":false,"template":"","format":"standard","meta":{"inline_featured_image":false,"footnotes":""},"categories":[47,37],"tags":[],"class_list":{"0":"post-1281","1":"post","2":"type-post","3":"status-publish","4":"format-standard","5":"has-post-thumbnail","7":"category-historija","8":"category-vijesti"},"acf":[],"_links":{"self":[{"href":"https:\/\/tvsensor.com\/api\/wp\/v2\/posts\/1281","targetHints":{"allow":["GET"]}}],"collection":[{"href":"https:\/\/tvsensor.com\/api\/wp\/v2\/posts"}],"about":[{"href":"https:\/\/tvsensor.com\/api\/wp\/v2\/types\/post"}],"author":[{"embeddable":true,"href":"https:\/\/tvsensor.com\/api\/wp\/v2\/users\/59"}],"replies":[{"embeddable":true,"href":"https:\/\/tvsensor.com\/api\/wp\/v2\/comments?post=1281"}],"version-history":[{"count":1,"href":"https:\/\/tvsensor.com\/api\/wp\/v2\/posts\/1281\/revisions"}],"predecessor-version":[{"id":1283,"href":"https:\/\/tvsensor.com\/api\/wp\/v2\/posts\/1281\/revisions\/1283"}],"wp:featuredmedia":[{"embeddable":true,"href":"https:\/\/tvsensor.com\/api\/wp\/v2\/media\/1282"}],"wp:attachment":[{"href":"https:\/\/tvsensor.com\/api\/wp\/v2\/media?parent=1281"}],"wp:term":[{"taxonomy":"category","embeddable":true,"href":"https:\/\/tvsensor.com\/api\/wp\/v2\/categories?post=1281"},{"taxonomy":"post_tag","embeddable":true,"href":"https:\/\/tvsensor.com\/api\/wp\/v2\/tags?post=1281"}],"curies":[{"name":"wp","href":"https:\/\/api.w.org\/{rel}","templated":true}]}}