{"id":1278,"date":"2019-02-28T18:28:37","date_gmt":"2019-02-28T18:28:37","guid":{"rendered":"https:\/\/senzor.ba\/?p=1278"},"modified":"2024-01-15T21:49:49","modified_gmt":"2024-01-15T20:49:49","slug":"nepodnosljiva-tegoba-nepravde","status":"publish","type":"post","link":"https:\/\/tvsensor.com\/clanak\/nepodnosljiva-tegoba-nepravde\/","title":{"rendered":"Nepodno\u0161ljiva tegoba nepravde"},"content":{"rendered":"\n<p>Pi\u0161e: Edin Urjan Kukavica <\/p>\n\n\n\n<p>Petnaest miliona maraka predvi\u0111enih za pove\u0107anje plata i nadoknada izabranim predstavnicima naroda po osnovu pove\u0107anja osnovice po kojoj su im im se do sada obra\u010dunavala primanja i osamnaest miliona kojima se iz bud\u017eeta finansiraju njihove stranke vi\u0161e je nego dovoljno za lije\u010denje sve djece oboljele od te\u0161kih bolesti, sve njihove operacije u zemlji i inostranstvu pa i postoperativne tretmane, a siguran sam da bi ostalo i ne\u0161to kusura za subvencioniranje lijekova za nekoliko desetina oboljelih od rijetkih oboljenja i poreme\u0107aja metabolizma. Ako bi se gorenavedenom zbiru dodalo i nekoliko desetina ili stotina miliona koji kao parafiskalni nameti zavr\u0161avaju ko zna gdje, briga narodnih i nacionalnih bri\u017enika i za\u0161titnika za nacionalne interese kona\u010dno bi dobila neku vrstu konkretizacije, da ne ka\u017eem ljudskog lica. Tu vrstu akcije, saveza, zajednice, fronta&#8230; na\u017ealost, te\u0161ko da \u0107emo ikada do\u017eivjeti kao \u0161to nikada ne\u0107emo vidjeti bilo koju vrstu jedinstva, empatije ili simpatije u smislu odricanja jednog pau\u0161ala jednonarodnih predstavnika na ime recimo, stipendiranja posebno nadarene djece makar ta djeca bila sve sami Bo\u0161njaci, Srbi ili Hrvati.<\/p>\n\n\n\n<p>S druge strane, sumnjam da bi \u010dlanovi SDA prihvatili da imaju bo\u0161nja\u010dki tumor, da bi Srbi tradicionalnom srpskom dobrodo\u0161licom do\u010dekali srpski rak, da bi Hrvati makar u goste primili &#8220;hrvaticu&#8221; leukemiju svejednako kao \u0161to ne vjerujem da bi bilo koji ljevi\u010dar u Bosni i Hercegovini pristao da mu se odstrani desno plu\u0107no krilo.<\/p>\n\n\n\n<p>Umjesto jedne jedine plemenite inicijative iz dana u dan slu\u0161amo otimanja za funkcije i polo\u017eaje od kojih niko osim zauzimatelja i sjedilaca nikada nije niti \u0107e imati koristi, previ\u0161e obe\u0107anja koja \u2013 osim ru\u017enih \u2013 nikada nisu ostvarena i la\u017ei koje nikada nisu do\u017eivjele bilo koju i kakvu sankciju&#8230; Nagledali smo se previ\u0161e nelijepih, nesimpati\u010dnih i odurnih lica koja se na tv ekrane vra\u0107aju poput upornih ne\u017eeljenih herpesa sa kojima vi\u0161e ne znate \u0161ta \u0107ete&#8230; Nismo vidjeli nijedan dr\u017eavni plan, program ni projekt koji sadr\u017einom, obimom i obuhvatom prelazi entitetske, a kamoli dr\u017eavne granice, a da vlasni\u010dkim i imovinskim kartonom izlazi izvan okvira tri, \u010detiri prezimena&#8230; a najve\u0107i dr\u017eavni problem je ho\u0107e li \u017dK sa SDA ili ne\u0107e! &#8230;a u Bosni i Hercegovini redovno nedostaju osnovni citostatici i reagensi za bilo koju osim osnovne, krvnu pretragu&#8230;<\/p>\n\n\n\n<p>Stanje se mijenja primjerom, ne \u017eeljom i mi\u0161ljenjem. Prije ili kasnije, neko od bosanskih, hercegova\u010dkih, bo\u0161nja\u010dkih, srpskih, hrvatskih&#8230; politi\u010dara mora po\u010deti \u017eivjeti u stvarnosti. Stvarnost je ustavna, \u010dinjenicna, fakti\u010dka, dovoljno cini\u010dna napose: Bosna i Hercegovina, dva entiteta, najmanje tri naroda, tro\u010dlano Predsjedni\u0161tvo, Bo\u0161njaci (jo\u0161 uvijek) kao natpolovi\u010dno ve\u0107insko stanovni\u0161tvo, najzainteresiraniji i najodgovorniji za stanje u zemlji, Srbi kao \u010dinjenica koju treba uva\u017eavati, Hrvati \u2013 bez obzira koliko ih ima \u2013 kao faktor odlu\u010divanja bez kojega se ne mo\u017ee&#8230; Stvarnost je da ovdje niko ne\u0107e, niti mo\u017ee preimenovati, odcijepiti, uvesti bilo \u0161ta&#8230;<\/p>\n\n\n\n<p>\u010cuo sam za razne sudove: sud historije, sud nauke, sud struke, op\u0107inski, kantonalni, ustavni, \u0161erijatski sud(!)&#8230; Znam i za presude nekih od njih ali ni\u0161ta od toga nije bitno jer rije\u010d je uglavnom samo o pravu, a iznimno rijetko, na razini incidenta, i o pravdi&#8230; Tome u prilog govori i \u010dinjenica da se na nenabrojivom mno\u0161tvu univerziteta u ovoj zemlji \u0161koluje oko 20.000 pravnika. Daj Bo\u017ee da me\u0111u njima ima makar jedan pravednik.<\/p>\n\n\n\n<p>Ima li ve\u0107eg cinizma od onoga kada \u010dovjek od \u0161ezdeset i ne\u0161to ka\u017ee da narednu godinu treba posvetiti mladima? Odgovor bi bio: vjerovatno ima&#8230; mo\u017eda u imenovanju \u0161ezdesetogodi\u0161nje ministrice za mlade, a mo\u017eda u onoj paroli da budu\u0107nost pripada mladima (jer, kad ta budu\u0107nost do\u0111e, i ti \u201emladi\u201c \u0107e ve\u0107 biti stari). Na\u017ealost, niti je to najve\u0107i, a pogotovo ne posljednji cinizam kojim nas vlast koja ne slavi niti vjeruje ni Boga ni \u010dovjeka te zato slavi i veli\u010da ljudsku glupost i sujetu ve\u0107 \u010detvrt stolje\u0107a izvodi iz pameti i, kona\u010dno i iz zemlje, a one iz prvog pasusa ovog teksta i u zemlju.<\/p>\n\n\n\n<p>Koliko god da vam se \u010dini da je sve gorenavedeno ili makar, ne\u0161to od toga vrhunski cinizam ipak, nije. Najve\u0107i cinizam za koji sam ikada \u010duo bio bi da sve ove stranke, partije, zajednice, blokovi i frontovi imaju vlastiti sud \u010dasti da nije cini\u010dne \u010dinjenice da ti sudovi nikada nisu donijeli ni jednu jedinu presudu. Koliko god vam se to \u010dinilo cini\u010dnim i lo\u0161im u svemu tome ima i jedna dobra stvar: ako nema presuda \u201esuda \u010dasti\u201c to je najbolji pokazatelj da ni u njima ni me\u0111u njima nema nikakve \u010dasti. Drugim rije\u010dima, mo\u017eda tu i ima ljudi, ali zasigurno nema ljudskosti.&nbsp;<br>Stoga, ne bi bilo lo\u0161e da najavljena moralna obnova krene od odricanja od redovnije nabavke citostatika, sa\u010dinjavanja malo konkretnijih i pravednijih osnovnih listi lijekova, malo ozbiljnije socijalne i medicinske skrbi ili, makar od prestanka finansiranja stranaka iz bud\u017eeta&#8230; pa korak po korak&#8230;<\/p>\n","protected":false},"excerpt":{"rendered":"<p>Pi\u0161e: Edin Urjan Kukavica Petnaest miliona maraka predvi\u0111enih za pove\u0107anje plata i nadoknada izabranim predstavnicima naroda po osnovu pove\u0107anja osnovice po kojoj su im im se do sada obra\u010dunavala primanja i osamnaest miliona kojima se iz bud\u017eeta finansiraju njihove stranke vi\u0161e je nego dovoljno za lije\u010denje sve djece oboljele od te\u0161kih bolesti, sve njihove operacije [&hellip;]<\/p>\n","protected":false},"author":59,"featured_media":1279,"comment_status":"open","ping_status":"closed","sticky":false,"template":"","format":"standard","meta":{"inline_featured_image":false,"footnotes":""},"categories":[76],"tags":[],"class_list":{"0":"post-1278","1":"post","2":"type-post","3":"status-publish","4":"format-standard","5":"has-post-thumbnail","7":"category-kolumne"},"acf":[],"_links":{"self":[{"href":"https:\/\/tvsensor.com\/api\/wp\/v2\/posts\/1278","targetHints":{"allow":["GET"]}}],"collection":[{"href":"https:\/\/tvsensor.com\/api\/wp\/v2\/posts"}],"about":[{"href":"https:\/\/tvsensor.com\/api\/wp\/v2\/types\/post"}],"author":[{"embeddable":true,"href":"https:\/\/tvsensor.com\/api\/wp\/v2\/users\/59"}],"replies":[{"embeddable":true,"href":"https:\/\/tvsensor.com\/api\/wp\/v2\/comments?post=1278"}],"version-history":[{"count":1,"href":"https:\/\/tvsensor.com\/api\/wp\/v2\/posts\/1278\/revisions"}],"predecessor-version":[{"id":1280,"href":"https:\/\/tvsensor.com\/api\/wp\/v2\/posts\/1278\/revisions\/1280"}],"wp:featuredmedia":[{"embeddable":true,"href":"https:\/\/tvsensor.com\/api\/wp\/v2\/media\/1279"}],"wp:attachment":[{"href":"https:\/\/tvsensor.com\/api\/wp\/v2\/media?parent=1278"}],"wp:term":[{"taxonomy":"category","embeddable":true,"href":"https:\/\/tvsensor.com\/api\/wp\/v2\/categories?post=1278"},{"taxonomy":"post_tag","embeddable":true,"href":"https:\/\/tvsensor.com\/api\/wp\/v2\/tags?post=1278"}],"curies":[{"name":"wp","href":"https:\/\/api.w.org\/{rel}","templated":true}]}}