{"id":12690,"date":"2019-09-10T09:42:12","date_gmt":"2019-09-10T09:42:12","guid":{"rendered":"https:\/\/senzor.ba\/?p=12690"},"modified":"2024-01-15T21:45:47","modified_gmt":"2024-01-15T20:45:47","slug":"svi-smo-mi-na-istom-brodu-u-sarajevu-podijeljeno-vise-od-1-000-porcija-asure","status":"publish","type":"post","link":"https:\/\/tvsensor.com\/clanak\/svi-smo-mi-na-istom-brodu-u-sarajevu-podijeljeno-vise-od-1-000-porcija-asure\/","title":{"rendered":"Svi smo mi na istom brodu: U Sarajevu podijeljeno vi\u0161e od 1.000 porcija a\u0161ure"},"content":{"rendered":"<p>Pod sloganom &#8220;Svi smo mi na istom brodu&#8221;, ispred Narodne kuhinje &#8220;Stari Grad&#8221; u Sarajevu danas je podijeljeno vi\u0161e od 1.000 porcija a\u0161ure, a rije\u010d je aktivnosti koju je finansirao turski Crveni polumjesec (Kizilay) u Bosni i Hercegovini, javlja Anadolu Agency (AA).<\/p>\n<p>Predstavnik turskog Crvenog polumjeseca u BiH Suat Sokullu istakao je kako Crveni polumjesec ove godine prvi put, u saradnji s Narodnom kuhinjom &#8220;Stari grad&#8221;, organizuje podjelu a\u0161ure te je izrazio \u017eelju da ovo postane\u00a0tradicija.<\/p>\n<p>Kako je naglasio, Kizilay je obezbijedio a\u0161uru za vi\u0161e od hiljadu gra\u0111ana, a plan je da se naredne godine a\u0161ura podijeli mnogo ve\u0107em broju.<\/p>\n<p>Upraviteljica Narodne kuhinje Zilha \u0160eta, poznatija kao tetka Zilha, podsjetila je kako kuhinja ima veoma dobru saradnju s Crvenim polumjesecom, posebno tokom ramazana i Kurban-bajrama, a rije\u010d je, kako je kazala, o organizaciji koja brine o korisnicima kuhinje.<\/p>\n<p>-Danas smo pripremili 1.023 porcije a\u0161ure za korisnike kuhinje, ali svakako i za ostale gra\u0111ane Sarajeva koji danas pro\u0111u ispred kuhinje- kazala je \u0160eta, te dodala:<\/p>\n<p>-Ono \u0161to je veoma zna\u010dajno jeste na\u0161a parola a to je &#8220;Svi smo mi na istom brodu'&#8221; To je dan kad smo svi zajedno, nema veze ko si, \u0161ta si ili koje si vjere. Va\u017eno je da oni koji malo vi\u0161e imaju dijele s onima koji imaju malo manje. Danas je dan kada sve dijelimo i kada poma\u017eemo siroma\u0161ne, pojasnila je \u0160eta.<\/p>\n<p>Obzirom da se a\u0161ura pravi od razli\u010ditih vrsta vo\u0107a, ora\u0161astih plodova i \u017eitarica, a svako pravi prema vlastitom izboru, na pitanje koji su sastojci njene a\u0161ure, \u0160eta je kazala kako ona u a\u0161uri spoji istok i zapad.<\/p>\n<p>-Imam sve ora\u0161aste plodove, imam razli\u010dito vo\u0107e, od narand\u017ee, banane, smokve, zatim graha, ger\u0161la, dakle u a\u0161uri imam istok i zapad. Mogu i maline, kupine, narand\u017ee- poru\u010dila je \u0160eta, u \u010dijoj kuhinji se na dnevnoj bazi pravi vi\u0161e od hiljadu obroka za najugro\u017eenije gra\u0111ane.<\/p>\n<p>Podjeli a\u0161ure ispred kuhinje prisustvovali su i brojni predstavnici drugih bh. i turskih organizacija.<\/p>\n<p class=\"inner__figure--wrap\"><img loading=\"lazy\" decoding=\"async\" class=\"article__image--inner\" src=\"https:\/\/www.faktor.ba\/dataNews\/2e79043a344f353128c998b9dbd94980.jpg\" alt=\"\" width=\"1000\" height=\"633\" \/><\/p>\n<p>Deseti dan hid\u017eretskog mjeseca muharrema naziva se Danom A\u0161ure, a ovaj dan se spravlja i posebno jelo a\u0161ura (na arapskom deset). Simbolika a\u0161ure se vezuje za poslanika Nuha a.s. a rije\u010d je o specifi\u010dnom jelu koje se pripremilo kada je Nuhova la\u0111a pristala na kopno nakon velikog potopa.<\/p>\n<p>Zalihe hrane bile su na izmaku, a ljudi s la\u0111e su u tom te\u0161kom trenutku zajedno skuhali jelo do ostataka namirnica i sve to me\u0111usbno nesebi\u010dno podijelili.<\/p>\n<p>Jelo od vo\u0107a, ora\u0161astih plodova i \u017eitarica mo\u017ee sadr\u017eavati do 77 namirnica, a obi\u010daj je da se podijeli kom\u0161ijama i rodbini.<\/p>\n","protected":false},"excerpt":{"rendered":"<p>Pod sloganom &#8220;Svi smo mi na istom brodu&#8221;, ispred Narodne kuhinje &#8220;Stari Grad&#8221; u Sarajevu danas je podijeljeno vi\u0161e od 1.000 porcija a\u0161ure, a rije\u010d je aktivnosti koju je finansirao turski Crveni polumjesec (Kizilay) u Bosni i Hercegovini, javlja Anadolu Agency (AA). Predstavnik turskog Crvenog polumjeseca u BiH Suat Sokullu istakao je kako Crveni polumjesec [&hellip;]<\/p>\n","protected":false},"author":59,"featured_media":12695,"comment_status":"open","ping_status":"closed","sticky":false,"template":"","format":"standard","meta":{"inline_featured_image":false,"footnotes":""},"categories":[57],"tags":[],"class_list":{"0":"post-12690","1":"post","2":"type-post","3":"status-publish","4":"format-standard","5":"has-post-thumbnail","7":"category-religija"},"acf":[],"_links":{"self":[{"href":"https:\/\/tvsensor.com\/api\/wp\/v2\/posts\/12690","targetHints":{"allow":["GET"]}}],"collection":[{"href":"https:\/\/tvsensor.com\/api\/wp\/v2\/posts"}],"about":[{"href":"https:\/\/tvsensor.com\/api\/wp\/v2\/types\/post"}],"author":[{"embeddable":true,"href":"https:\/\/tvsensor.com\/api\/wp\/v2\/users\/59"}],"replies":[{"embeddable":true,"href":"https:\/\/tvsensor.com\/api\/wp\/v2\/comments?post=12690"}],"version-history":[{"count":1,"href":"https:\/\/tvsensor.com\/api\/wp\/v2\/posts\/12690\/revisions"}],"predecessor-version":[{"id":12696,"href":"https:\/\/tvsensor.com\/api\/wp\/v2\/posts\/12690\/revisions\/12696"}],"wp:featuredmedia":[{"embeddable":true,"href":"https:\/\/tvsensor.com\/api\/wp\/v2\/media\/12695"}],"wp:attachment":[{"href":"https:\/\/tvsensor.com\/api\/wp\/v2\/media?parent=12690"}],"wp:term":[{"taxonomy":"category","embeddable":true,"href":"https:\/\/tvsensor.com\/api\/wp\/v2\/categories?post=12690"},{"taxonomy":"post_tag","embeddable":true,"href":"https:\/\/tvsensor.com\/api\/wp\/v2\/tags?post=12690"}],"curies":[{"name":"wp","href":"https:\/\/api.w.org\/{rel}","templated":true}]}}