{"id":12689,"date":"2019-09-10T09:32:52","date_gmt":"2019-09-10T09:32:52","guid":{"rendered":"https:\/\/senzor.ba\/?p=12689"},"modified":"2024-01-15T21:45:47","modified_gmt":"2024-01-15T20:45:47","slug":"medzida-c-kulanic-vi-ste-nam-pokazali-da-sve-sto-trazite-za-sebe-istovremeno-zakidate-drugima","status":"publish","type":"post","link":"https:\/\/tvsensor.com\/clanak\/medzida-c-kulanic-vi-ste-nam-pokazali-da-sve-sto-trazite-za-sebe-istovremeno-zakidate-drugima\/","title":{"rendered":"Med\u017eida \u010c. Kulani\u0107: &#8220;Vi ste nam pokazali da sve \u0161to tra\u017eite za sebe, istovremeno zakidate drugima&#8221;"},"content":{"rendered":"<p>Sarkazam u ovom postu je sasvim slu\u010dajan i odraz trenutne inspiracije.. Ma samo se \u0161alim&#8230;<\/p>\n<p>Gospodo i gospo\u0111e svih \u0161est slova i duginih boja, &#8220;Malo druga\u010diji&#8221;, &#8220;Glasni i ponosni&#8221; stvarno je bilo nevjerovatno i inspirativno u Sarajevu, sada ve\u0107 ju\u010der.<\/p>\n<p>Pratila sam prenos Parade u\u017eivo na TVu, i sinhronizovano na internetu, i moram vam priznati, pokazali ste nam najvi\u0161i vid tolerancije i uva\u017eavanja drugog i druga\u010dijeg. Ovi koji ne odobravaju istu, molim bez osu\u0111ivanja jer kako da budem iole objektivna ako ne znam o \u010demu se radi. Dakle,\u00a0<a class=\"_58cn\" href=\"https:\/\/www.facebook.com\/hashtag\/strpljenspa%C5%A1en?source=feed_text&amp;epa=HASHTAG\" data-ft=\"{&quot;type&quot;:104,&quot;tn&quot;:&quot;*N&quot;}\"><span class=\"_5afx\"><span class=\"_58cl _5afz\" aria-label=\"hashtag\">#<\/span><span class=\"_58cm\">strpljenspa\u0161en<\/span><\/span><\/a><\/p>\n<p>Elem, po\u010det \u0107emo od transpanenata, ali i majice na kojoj mapirate osobu, i to \u017eenu (ma kakva ona i \u0161ta rekla, by the way, ne sla\u017eem se sa njenim narativom, ali ona ipak nije nikog mapirala imenom ili likom). Vi ste se pak malkice razmahali, ccc.. Ne valja to tako. Zato ako do\u0111e do tu\u017ebe za napad na lik i dostojanstvo, ili bilo koji drugi osnovan razlog, nemojte i\u0107i u ambasade i organizacije za ljudska prava i plakati kako vam se uskra\u0107uje pravo da nekog vrije\u0111ate i omalova\u017eavate. Nemojte se vaditi ni na to da to nisu poruke SOCa nego u\u010desnika Parade jer ste rekli da \u0107e poruke i transparenti na istoj biti isklju\u010divo one od organizatora. Tako stoji u saop\u0107enju. Stoga, hrabro i dostojanstveno, a mo\u017eete probati i sa izvinjenjem, to rade ina\u010de fini i pristojni ljudi.<br \/>\nIpak, &#8220;najodli\u010dnije&#8221; mi je bilo freneti\u010dno uzvikivanje Ulice su na\u0161e( Ni Aleksandar Veliki nije tako brzo osvajao kao vi. Hrabro i tolerantno, nema \u0161ta i u skladu sa onom\u00a0<a class=\"_58cn\" href=\"https:\/\/www.facebook.com\/hashtag\/napravojstraniljudskihprava?source=feed_text&amp;epa=HASHTAG\" data-ft=\"{&quot;type&quot;:104,&quot;tn&quot;:&quot;*N&quot;}\"><span class=\"_5afx\"><span class=\"_58cl _5afz\" aria-label=\"hashtag\">#<\/span><span class=\"_58cm\">napravojstraniljudskihprava<\/span><\/span><\/a>).<\/p>\n<p>Najavili ste pred Parlamentom i potrebitost borbe protiv fa\u0161ista, onih starih i ovih novih (to smo pretpostavljam svi mi koji nismo malo druga\u010diji prema va\u0161im standardima). Pri\u010dalo se i o nasilju i strahu u kojem \u017eivite, o tome da mirno i dostojanstveno tra\u017eite i zahtijevate da vas se po\u0161tuje i uva\u017eava.<br \/>\nGodpodo i gospo\u0111e svih \u0161est slova i duginih boja, po\u0161tovanje i uva\u017eavanje se ne zahtijevaju, oni se zaslu\u017euju i sti\u010du, svojim pona\u0161anjem, trudom i zalaganjem.<br \/>\nVi ste nam danas pokazali i da sve \u0161to tra\u017eite za sebe, istovremeno zakidate drugima. Kako o\u010dekujete da vas shvatimo ozbiljno, kad ste pali ispit prije nego je i po\u010deo? Govorite o nasilju, stigmi i govoru mr\u017enje koji je va\u0161a svakodnevnica, a vi ste danas i prethodnih dana mnoge nazvali homofobima, fa\u0161istima, i mnogim drugim imenima, samo jer su malo druga\u010diji od tog malo druga\u010dijeg koje je vama prihvatljivo.<\/p>\n<p>Sa dru\u0161tvenih mre\u017ea i medija bri\u0161u se svi napisi koji se vama ne svi\u0111aju. Po\u0161tujem uklanjanje vrije\u0111anja i psovanja, ali gle \u010duda to se ne bri\u0161e, toga je pun internet. To mi samo govori da vam to odgovara na neki uvrnut na\u010din, dok napisi koji pozivaju na argumentovano komentarisanje naru\u0161avaju slobodu govora.<\/p>\n<p>Opako i naopako, ne znam kako druga\u010dije da to shvatim. Protiv diskriminacije jo\u0161 ve\u0107om diskriminacijom. Aferim.<\/p>\n<p>Tako\u0111er, va\u0161i pripadnici i simpatizeri opetovano napadaju sve ove malo druga\u010dije od vas. Pa imamo uz gore navedene i hamasovce, d\u017eamijske mi\u0161eve, mo\u017eda i crkvene, to nisam upratila, i nastavi niz..<\/p>\n<p>Danas nam je poru\u010deno i to da smo mi margina margine i da vi kontolirate medije, nevladine i vladine institucije, stoga ne zamjerite ako sporo kontam, kako ste ugro\u017eeni od marginine margine? Kako, ako vas podr\u017eavaju, a vi njih kontrolirate, svi koji ne\u0161to zna\u010de u ovoj zemlji. I da ne zaboravimo njihove ekselencije, ambasadore da se ne uvrijede ne daj Bo\u017ee. Da se razumijemo, niste vi to nama ni morali re\u0107i, kazalo nam se samo ju\u010der i ovih dana, tako stvarno nepotrebno poentiranje.<\/p>\n<p>Ja sam sretna \u0161to je Gej parada bila ju\u010der i sretna sam \u0161to niko od mojih sugra\u0111ana nije prstom mrdnuo da je na bilo koji na\u010din provocira. Mnogo sam ponosna na nas. Sretna sam jer vidim sindrom \u017ertve i d\u017eelata(ako me razumijete). Sretna sam i \u0161to su se mediji obrukali za sva vremena, ignoriraju\u010di i gaze\u0107i osnovne principe novinarstva, objektivnost i nepristrasnost.<\/p>\n<p>Sretna sam \u0161to ste nam pokazali &#8220;ljubav&#8221; na sve gore navedene na\u010dine. Sretna sam i \u0161to je Sarajevo dan ranije pokazalo kako se dostojanstveno boriti za svoje vrijednosti, jer nije bilo uzvika, prozivanja fa\u0161ista i sl., nikoga se nije mapiralo ni imenom ni slikom, najkontraverzniji, kako reko\u0161e nepristrasni iz N1, su bili citati filozofa i sociologa o porodici i braku. I kakve su samo budale ti sociolozi i filozofi, ta ne znaju oni \u0161ta je porodica, a kamoli ljubav.. Oni su bre samo filozofirali, jel te? Bruka jedna.. Dobro, onaj od Mari\u0107a je stvarno bezveze i nije na &#8216;nivou&#8217;, osje\u0107am potrebu da se za to izvinem svima, i vama i nama.<\/p>\n<p>Da zaklju\u010dim ovaj &#8216;esej&#8217;, ne pripisuju\u0107i sebi nikakvu va\u017enost, jer sam uglavnom nebitna i na margini margine, uz nadu da ga vrli fb ne\u0107e ukinuti po kratkom postupku, a sve u slavu slobode izra\u017eavanja,<\/p>\n<p>Veliko hvala za Paradu, bilo je to nevjerovatno i nadahnjuju\u0107e iskustvo za sve nas koji smo imali zadovoljstvo do\u010dekati taj dan. I kako se ono ka\u017ee sve \u0107e ovo jednom biti ju\u010der, i evo ve\u0107 jeste.\u00a0<a class=\"_58cn\" href=\"https:\/\/www.facebook.com\/hashtag\/ito%C4%87epro%C4%87?source=feed_text&amp;epa=HASHTAG\" data-ft=\"{&quot;type&quot;:104,&quot;tn&quot;:&quot;*N&quot;}\"><span class=\"_5afx\"><span class=\"_58cl _5afz\" aria-label=\"hashtag\">#<\/span><span class=\"_58cm\">ito\u0107epro\u0107<\/span><\/span><\/a><\/p>\n<p>Zato, \u017divjela &#8220;ljubav&#8221; , ljudska prava i sva ostala magla&#8230;\u00a0<a class=\"_58cn\" href=\"https:\/\/www.facebook.com\/hashtag\/samoponosno?source=feed_text&amp;epa=HASHTAG\" data-ft=\"{&quot;type&quot;:104,&quot;tn&quot;:&quot;*N&quot;}\"><span class=\"_5afx\"><span class=\"_58cl _5afz\" aria-label=\"hashtag\">#<\/span><span class=\"_58cm\">samoponosno<\/span><\/span><\/a>\u00a0<a class=\"_58cn\" href=\"https:\/\/www.facebook.com\/hashtag\/samohrabro?source=feed_text&amp;epa=HASHTAG\" data-ft=\"{&quot;type&quot;:104,&quot;tn&quot;:&quot;*N&quot;}\"><span class=\"_5afx\"><span class=\"_58cl _5afz\" aria-label=\"hashtag\">#<\/span><span class=\"_58cm\">samohrabro<\/span><\/span><\/a>\u00a0i\u00a0<a class=\"_58cn\" href=\"https:\/\/www.facebook.com\/hashtag\/naravnoglasno?source=feed_text&amp;epa=HASHTAG\" data-ft=\"{&quot;type&quot;:104,&quot;tn&quot;:&quot;*N&quot;}\"><span class=\"_5afx\"><span class=\"_58cl _5afz\" aria-label=\"hashtag\">#<\/span><span class=\"_58cm\">naravnoglasno<\/span><\/span><\/a><\/p>\n<p>P. S. Fotke je li nema potrebe obja\u0161njavati, one govore vi\u0161e od hiljadu rije\u010di&#8230;<\/p>\n<p>P.S.S. Jo\u0161 samo ovo i ne\u0107u vi\u0161e. Mi\u0161ljenja sam, a vi se naravno ne trebate i ne morate slo\u017eiti, da je ova Parada bila kontraproduktivna. Naime, prije nje je morebit bilo onih me\u0111u nama, koji smo malo druga\u010diji od prihva\u0107enog malo druga\u010dijeg, koji su vam vjerovali da ozbiljno tra\u017eite osvnovna ljudska prava. Nakon Parade, i kako se izvje\u0161tava, demonstracije mo\u0107i nekoliko hiljada u\u010desnika(dodu\u0161e ve\u0107ine posu\u0111enih iz regiona i Evrope, i to sami navodite) i svih prate\u0107ih izjava, a sve to obezbje\u0111eno iz bud\u017eetske kase, kako da vjerujemo u i\u0161ta od onoga o \u010demu pri\u010date.<\/p>\n<p><a href=\"https:\/\/www.facebook.com\/medzida.kulanic\/posts\/10220207957571890\">https:\/\/www.facebook.com\/medzida.kulanic\/posts\/10220207957571890<\/a><\/p>\n","protected":false},"excerpt":{"rendered":"<p>Sarkazam u ovom postu je sasvim slu\u010dajan i odraz trenutne inspiracije.. Ma samo se \u0161alim&#8230; Gospodo i gospo\u0111e svih \u0161est slova i duginih boja, &#8220;Malo druga\u010diji&#8221;, &#8220;Glasni i ponosni&#8221; stvarno je bilo nevjerovatno i inspirativno u Sarajevu, sada ve\u0107 ju\u010der. Pratila sam prenos Parade u\u017eivo na TVu, i sinhronizovano na internetu, i moram vam priznati, [&hellip;]<\/p>\n","protected":false},"author":59,"featured_media":12691,"comment_status":"open","ping_status":"closed","sticky":false,"template":"","format":"standard","meta":{"inline_featured_image":false,"footnotes":""},"categories":[43],"tags":[],"class_list":{"0":"post-12689","1":"post","2":"type-post","3":"status-publish","4":"format-standard","5":"has-post-thumbnail","7":"category-bih"},"acf":[],"_links":{"self":[{"href":"https:\/\/tvsensor.com\/api\/wp\/v2\/posts\/12689","targetHints":{"allow":["GET"]}}],"collection":[{"href":"https:\/\/tvsensor.com\/api\/wp\/v2\/posts"}],"about":[{"href":"https:\/\/tvsensor.com\/api\/wp\/v2\/types\/post"}],"author":[{"embeddable":true,"href":"https:\/\/tvsensor.com\/api\/wp\/v2\/users\/59"}],"replies":[{"embeddable":true,"href":"https:\/\/tvsensor.com\/api\/wp\/v2\/comments?post=12689"}],"version-history":[{"count":2,"href":"https:\/\/tvsensor.com\/api\/wp\/v2\/posts\/12689\/revisions"}],"predecessor-version":[{"id":12693,"href":"https:\/\/tvsensor.com\/api\/wp\/v2\/posts\/12689\/revisions\/12693"}],"wp:featuredmedia":[{"embeddable":true,"href":"https:\/\/tvsensor.com\/api\/wp\/v2\/media\/12691"}],"wp:attachment":[{"href":"https:\/\/tvsensor.com\/api\/wp\/v2\/media?parent=12689"}],"wp:term":[{"taxonomy":"category","embeddable":true,"href":"https:\/\/tvsensor.com\/api\/wp\/v2\/categories?post=12689"},{"taxonomy":"post_tag","embeddable":true,"href":"https:\/\/tvsensor.com\/api\/wp\/v2\/tags?post=12689"}],"curies":[{"name":"wp","href":"https:\/\/api.w.org\/{rel}","templated":true}]}}