{"id":12686,"date":"2019-09-10T09:21:24","date_gmt":"2019-09-10T09:21:24","guid":{"rendered":"https:\/\/senzor.ba\/?p=12686"},"modified":"2024-01-15T21:45:47","modified_gmt":"2024-01-15T20:45:47","slug":"na-sablji-bana-jelacica-pise-oslonio-sam-se-na-allaha","status":"publish","type":"post","link":"https:\/\/tvsensor.com\/clanak\/na-sablji-bana-jelacica-pise-oslonio-sam-se-na-allaha\/","title":{"rendered":"Na sablji bana Jela\u010di\u0107a pi\u0161e: \u201cOslonio sam se na Allaha&#8221;!"},"content":{"rendered":"<p>\u010cesto se mo\u017ee \u010duti kako na\u0161i prostori imaju \u201cvi\u0161ak historije\u201d. No, na\u0161 \u010dovjek nerijetko premalo zna o svojoj daljoj, pa i bli\u017eoj pro\u0161losti, ili je i ono \u0161to zna udjenuto u razne politi\u010dke i ideolo\u0161ke obrasce, pa biva iskrivljeno i pre\u010desto lo\u0161e tuma\u010deno.<\/p>\n<p>Jedan od zanimljivih detalja, koji je \u0161iroj javnosti nedovoljno poznat jeste da je\u00a0<strong>Josip grof Jela\u010di\u0107<\/strong>, general i hrvatski ban<strong>,\u00a0<\/strong>zapravo \u010dlan plemi\u0107ke porodice koja vodi porijeklo iz Bosne.<\/p>\n<figure class=\"img-inline\"><img decoding=\"async\" title=\"\" src=\"https:\/\/storage.radiosarajevo.ba\/\/image\/484974\/1180x732\/sablja%20bana%20jelacica2.jpg\" alt=\"Sablja Josipa bana Jela\u010di\u0107a - undefined\" \/><\/figure>\n<p><strong>\u00a0Bosansko porijeklo<\/strong><\/p>\n<p>Ban Jela\u010di\u0107 je, kao \u0161to je poznato, jedan od najzna\u010dajnijih hrvatskih politi\u010dara, kako u 19. stolje\u0107u, tako i u cijeloj povijesti te zemlje.<\/p>\n<p>Ukinuo je kmetstvo i sazvao prve izbore za Hrvatski sabor. Kao vojskovo\u0111a je pobijedio u nizu bitaka protiv ustanika u Habsbur\u0161koj Monarhiji za vrijeme Revolucije u Ma\u0111arskoj.<\/p>\n<p><strong>Ban Jela\u010di\u0107 je istovremeno veoma\u00a0<\/strong><strong>cijenio\u00a0<\/strong><strong>bosanske\u00a0<\/strong><strong>korijene svoje porodice,<\/strong>\u00a0<strong>pa<\/strong>\u00a0<strong>se volio zvati Josip ban Jela\u010di\u0107 od Bu\u017eima<\/strong><strong>\u00a0ili Bu\u017eimski<\/strong><strong>.<\/strong><\/p>\n<p>I hrvatski akademik\u00a0<strong>Mirko Vidovi\u0107<\/strong>\u00a0je tvrdio da je ban Jela\u010di\u0107 Bosanac!<\/p>\n<p>Njegovi preci nekad davno \u017eivjeli na ovim prostorima, a to Bu\u017eimljane \u010dini iznimno ponosnim.<\/p>\n<p>U 16. stolje\u0107u poznate plemi\u0107ke porodice morale su napustiti bu\u017eimski stari grad zbog turske okupacije. Tada se u gradskoj tvr\u0111avi zatekla i porodica Jela\u010di\u0107.<\/p>\n<p>Jela\u010di\u0107i napu\u0161taju na\u0161 Bu\u017eim i odlaze u Turopolje pokraj Zagreba u kojem formiraju selo Buzin, dana\u0161nja lokacija izme\u0111u Zra\u010dne luke Zagreb.<\/p>\n<p>Herojstvo bu\u017eimskog kraja dobro je poznato. Taj grad je, naime, posljednji pao pod tursku vlast. Uvijek su hrabro stajali na braniku Bosne, a i tokom agresije na na\u0161u zemlju iz ovog kraja su dolazili neki od najve\u0107ih heroja generala Armije RBiH poput\u00a0<strong>Izeta Nani\u0107a.<\/strong><\/p>\n<p><strong>Sead Emri\u0107<\/strong>, histori\u010dar i referent za kulturu u Op\u0107inskoj upravi Bu\u017eima, ranije izjavio za\u00a0<em>Al Jazeeru Balkans<\/em>\u00a0potvrdio kako je Josip ban Jela\u010di\u0107 porijeklom s ovih prostora, te kako je kao Bu\u017eimljanin ponosan kad u Zagreba\u010dkoj katedrali, lijevo pokraj oltara, posmatra poprsje Josipa bana Jela\u010di\u0107a na kojem pi\u0161e\u00a0<strong>\u201eban Josip Jela\u010di\u0107 od Bu\u017eima\u201c.<\/strong><\/p>\n<p>&#8220;Pri tome se misli na na\u0161 grad u BiH. Grad je zbog turske opasnosti u vrijeme renesanse ponovno sazidan. Zidan je po renesansnim arhitektonskim principima. Jedan je to od najve\u0107ih starih gradova ovdje u Krajini, u Bosni i Hercegovini, i mo\u017eda, jedina renesansna gra\u0111evina u BIH koja je sad nacionalni spomenik. U vrijeme renesanse, u 15. stolje\u0107u, zidao ga je plemeniti Juraj Mikuli\u010di\u0107. Na zavr\u0161etku njegova zidanja ostao je jedan lijepi trag, golema kamena plo\u010da pisana staroslavenskom glagoljicom, koja govori o zidanju staroga grada Bu\u017eima&#8221;, rekao Emri\u0107.<\/p>\n<p><strong>Nema junaka do Alije<\/strong><\/p>\n<p>Zanimljiva je i historija sablje bana Jela\u010di\u0107a koja se \u010duva u Hrvatskom povijesnom muzeju.<\/p>\n<p>Manje je poznato da se na sje\u010divu s obje strane nalaze reljefni ukrasi arabeski i kartu\u0161a u pozlati s arapskim natpisima koji u prijevodu glase:<\/p>\n<p><strong>\u201cOslonio sam se na Alalha\u201d \/ \u201cNema junaka do Alije, ni sablje do Zulfikara\u201d<\/strong><strong>.<\/strong><\/p>\n<figure class=\"img-inline\"><img decoding=\"async\" src=\"https:\/\/storage.radiosarajevo.ba\/\/image\/484975\/1180x732\/sablja%20bana%20jelacica3.jpg\" alt=\"Sablja Josipa bana Jela\u010di\u0107a - undefined\" \/><\/figure>\n<p>Ime hazreti Alije, naravno, odnosi se na zeta poslanika Muhamda a.s., a Zulfikar je bilo ime Muhamedove \u010duvene i \u010desto spominjane sablje sa dva sje\u010diva, koja je poslije pripala Aliji r.a.<\/p>\n<p>Potvr\u0111uju to iz Hrvatskog povijesnog muzeja (http:\/\/museum.hismus.hr\/p0188002.htm) koji godinama prikupljao slike i predmete vezane uz bana Josipa Jela\u010di\u0107a i njegovu porodicu.<\/p>\n<p>Me\u0111u vrjednijim predmetima je i Jela\u010di\u0107eva sablja.<\/p>\n<p>U opisu na stranici Hrvatskog povijesnog muzeja navodi se da je u pitanju\u00a0<em>Instalacijska sablja bana Josipa Jela\u010di\u0107a<\/em>, a datira iz prve polovine 19. stolje\u0107a.<\/p>\n<p>\u201cTurska sablja. Dr\u017eak od sme\u0111e ro\u017eine s povijenom lukovi\u010dastom glavicom. Kri\u017enica od srebra s ravno pru\u017eenim, profiliranim zavr\u0161ecima i tankim dvokrakim jezikom po sredini. Sje\u010divo jednobrido, zakrivljeno s nagla\u0161enim jalmanom (dvobridnim vr\u0161kom)&#8230;Korice drvene, presvu\u010dene crvenkastim bar\u0161unom, a na ustima i na vr\u0161ku nalaze se du\u017ei srebrni okovi s ukrasima. Na rubovima okova dva koluta za pripasivanje. Uz sablju sa\u010duvan gajtan izra\u0111en od prepletenih crvenih, srebrnih i plavih niti\u201d, navode u Muzeju, uz potvrdu navoda o spomenutom napisu na sablji.<\/p>\n<p>radiosarajevo.ba<\/p>\n","protected":false},"excerpt":{"rendered":"<p>\u010cesto se mo\u017ee \u010duti kako na\u0161i prostori imaju \u201cvi\u0161ak historije\u201d. No, na\u0161 \u010dovjek nerijetko premalo zna o svojoj daljoj, pa i bli\u017eoj pro\u0161losti, ili je i ono \u0161to zna udjenuto u razne politi\u010dke i ideolo\u0161ke obrasce, pa biva iskrivljeno i pre\u010desto lo\u0161e tuma\u010deno. Jedan od zanimljivih detalja, koji je \u0161iroj javnosti nedovoljno poznat jeste da [&hellip;]<\/p>\n","protected":false},"author":59,"featured_media":12687,"comment_status":"open","ping_status":"closed","sticky":false,"template":"","format":"standard","meta":{"inline_featured_image":false,"footnotes":""},"categories":[56],"tags":[],"class_list":{"0":"post-12686","1":"post","2":"type-post","3":"status-publish","4":"format-standard","5":"has-post-thumbnail","7":"category-zanimljivosti"},"acf":[],"_links":{"self":[{"href":"https:\/\/tvsensor.com\/api\/wp\/v2\/posts\/12686","targetHints":{"allow":["GET"]}}],"collection":[{"href":"https:\/\/tvsensor.com\/api\/wp\/v2\/posts"}],"about":[{"href":"https:\/\/tvsensor.com\/api\/wp\/v2\/types\/post"}],"author":[{"embeddable":true,"href":"https:\/\/tvsensor.com\/api\/wp\/v2\/users\/59"}],"replies":[{"embeddable":true,"href":"https:\/\/tvsensor.com\/api\/wp\/v2\/comments?post=12686"}],"version-history":[{"count":1,"href":"https:\/\/tvsensor.com\/api\/wp\/v2\/posts\/12686\/revisions"}],"predecessor-version":[{"id":12688,"href":"https:\/\/tvsensor.com\/api\/wp\/v2\/posts\/12686\/revisions\/12688"}],"wp:featuredmedia":[{"embeddable":true,"href":"https:\/\/tvsensor.com\/api\/wp\/v2\/media\/12687"}],"wp:attachment":[{"href":"https:\/\/tvsensor.com\/api\/wp\/v2\/media?parent=12686"}],"wp:term":[{"taxonomy":"category","embeddable":true,"href":"https:\/\/tvsensor.com\/api\/wp\/v2\/categories?post=12686"},{"taxonomy":"post_tag","embeddable":true,"href":"https:\/\/tvsensor.com\/api\/wp\/v2\/tags?post=12686"}],"curies":[{"name":"wp","href":"https:\/\/api.w.org\/{rel}","templated":true}]}}