{"id":12672,"date":"2019-09-09T14:38:12","date_gmt":"2019-09-09T14:38:12","guid":{"rendered":"https:\/\/senzor.ba\/?p=12672"},"modified":"2024-01-15T21:45:48","modified_gmt":"2024-01-15T20:45:48","slug":"u-finskoj-sve-vise-mladih-osoba-koje-traze-pomoc-za-lijecenje-od-depresije","status":"publish","type":"post","link":"https:\/\/tvsensor.com\/clanak\/u-finskoj-sve-vise-mladih-osoba-koje-traze-pomoc-za-lijecenje-od-depresije\/","title":{"rendered":"U Finskoj sve vi\u0161e mladih osoba koje tra\u017ee pomo\u0107 za lije\u010denje od depresije"},"content":{"rendered":"<p>U Finskoj je sve vi\u0161e mladih osoba koje od nadle\u017enih zdravstvenih ustanova tra\u017ee pomo\u0107 u lije\u010denju od depresije.<\/p>\n<p>Prema istra\u017eivanju koje je na nacionalnom nivou proveo Istra\u017eiva\u010dki centar za dje\u010diju psihijatriju na Univerzitetu u Turku, sve je\u00a0vi\u0161e mladih Finaca koji se lije\u010de od depresije u\u00a0specijaliziranim zdravstvenim ustanovama.<\/p>\n<p>&#8220;Brz porast kod broja djece i adolescenata kojima je dijagnosticirana depresija predstavlja izazov za specijalizirane slu\u017ebe koje su nadle\u017ene za mentalno zdravlje gra\u0111ana Finske&#8221;, navodi se u istra\u017eivanju koje je objavljeno i u nau\u010dnom \u010dasopisu\u00a0&#8220;Nordic Journal of Psychiatry&#8221;.<\/p>\n<p>U studiji su upore\u0111ene dvije starosne\u00a0grupe &#8211;\u00a0mlade osobe\u00a0ro\u0111ene izme\u0111u 1994-2000 i one ro\u0111ene u periodu 1987-1993.<\/p>\n<p>Stopa dijagnoze depresije u starosnoj grupi\u00a0mladih do 15 godina porasla je\u00a0za \u010dak 65 posto me\u0111u djevoj\u010dicama i za 53 posto me\u0111u dje\u010dacima.<\/p>\n<p>Svetlana Filatova, glavna istra\u017eiva\u010dica koja je predvodila studiju, istakla je da je jedan od razloga pove\u0107anog broja i taj \u0161to se mlade osobe posljednjih godina sve vi\u0161e same obra\u0107aju za ljekarsku pomo\u0107.<\/p>\n<p>&#8220;Sve vi\u0161e depresivnih osoba u ranoj fazi dobija pomo\u0107, \u0161to je svakako\u00a0pozitivno&#8221;, rekla je\u00a0Filatova koja je anga\u017eovana kao postdoktorantica na\u00a0Istra\u017eiva\u010dkom centru za dje\u010diju psihijatriju na Univerzitetu u Turku.<\/p>\n<p>Prema nezvani\u010dnim podacima, kori\u0161tenje usluga za\u00a0za\u0161titu mentalnog zdravlja konstantno\u00a0se pove\u0107avalo u posljednje dvije decenije u Finskoj, ali i u mnogim drugim zemljama.<\/p>\n<p>David Gyllenberg, koautor istra\u017eivanja, kazao je novinarima da sve ve\u0107a\u00a0upotreba usluga za djecu i mlade predstavlja i dodatno optere\u0107enje za specijalizirani zdravstveni sistem u Finskoj.<\/p>\n<p>Naglasio je da se radi o vrlo opse\u017enoj studiji u kojoj je istra\u017eeno oko\u00a01.24 miliona djece ro\u0111ene u Finskoj izme\u0111u\u00a01987. i 2007. godine, od \u010dega je\u00a0vi\u0161e od 37.000 imalo barem jednu\u00a0posjetu zdravstvenoj ustanovi zbog depresije.<\/p>\n<p>Prema rezultatima istra\u017eivanja, u starosnoj grupi do\u00a025 godina, kod\u00a010 posto djevoj\u010dica i kod pet posto dje\u010daka dijagnosticirana je depresija.<\/p>\n","protected":false},"excerpt":{"rendered":"<p>U Finskoj je sve vi\u0161e mladih osoba koje od nadle\u017enih zdravstvenih ustanova tra\u017ee pomo\u0107 u lije\u010denju od depresije. Prema istra\u017eivanju koje je na nacionalnom nivou proveo Istra\u017eiva\u010dki centar za dje\u010diju psihijatriju na Univerzitetu u Turku, sve je\u00a0vi\u0161e mladih Finaca koji se lije\u010de od depresije u\u00a0specijaliziranim zdravstvenim ustanovama. &#8220;Brz porast kod broja djece i adolescenata kojima [&hellip;]<\/p>\n","protected":false},"author":59,"featured_media":12675,"comment_status":"open","ping_status":"closed","sticky":false,"template":"","format":"standard","meta":{"inline_featured_image":false,"footnotes":""},"categories":[41],"tags":[],"class_list":{"0":"post-12672","1":"post","2":"type-post","3":"status-publish","4":"format-standard","5":"has-post-thumbnail","7":"category-svijet"},"acf":[],"_links":{"self":[{"href":"https:\/\/tvsensor.com\/api\/wp\/v2\/posts\/12672","targetHints":{"allow":["GET"]}}],"collection":[{"href":"https:\/\/tvsensor.com\/api\/wp\/v2\/posts"}],"about":[{"href":"https:\/\/tvsensor.com\/api\/wp\/v2\/types\/post"}],"author":[{"embeddable":true,"href":"https:\/\/tvsensor.com\/api\/wp\/v2\/users\/59"}],"replies":[{"embeddable":true,"href":"https:\/\/tvsensor.com\/api\/wp\/v2\/comments?post=12672"}],"version-history":[{"count":1,"href":"https:\/\/tvsensor.com\/api\/wp\/v2\/posts\/12672\/revisions"}],"predecessor-version":[{"id":12677,"href":"https:\/\/tvsensor.com\/api\/wp\/v2\/posts\/12672\/revisions\/12677"}],"wp:featuredmedia":[{"embeddable":true,"href":"https:\/\/tvsensor.com\/api\/wp\/v2\/media\/12675"}],"wp:attachment":[{"href":"https:\/\/tvsensor.com\/api\/wp\/v2\/media?parent=12672"}],"wp:term":[{"taxonomy":"category","embeddable":true,"href":"https:\/\/tvsensor.com\/api\/wp\/v2\/categories?post=12672"},{"taxonomy":"post_tag","embeddable":true,"href":"https:\/\/tvsensor.com\/api\/wp\/v2\/tags?post=12672"}],"curies":[{"name":"wp","href":"https:\/\/api.w.org\/{rel}","templated":true}]}}