{"id":12668,"date":"2019-09-09T14:28:58","date_gmt":"2019-09-09T14:28:58","guid":{"rendered":"https:\/\/senzor.ba\/?p=12668"},"modified":"2024-01-15T21:45:48","modified_gmt":"2024-01-15T20:45:48","slug":"abdulah-sidran-i-haris-silajdzic-na-kafi-razgovarali-o-opstanku-bih-i-njenih-naroda","status":"publish","type":"post","link":"https:\/\/tvsensor.com\/clanak\/abdulah-sidran-i-haris-silajdzic-na-kafi-razgovarali-o-opstanku-bih-i-njenih-naroda\/","title":{"rendered":"Abdulah Sidran i Haris Silajd\u017ei\u0107 na kafi razgovarali o opstanku BiH i njenih naroda"},"content":{"rendered":"<p>Dvojica dobro poznatih likova u BiH, Abdulah Sidran i Haris Silajd\u017ei\u0107 ju\u010der su se sastali na kafi te razgovarali i tra\u017eili odgovor na samo jedno pitanje: Ho\u0107e li, mo\u017ee li, i ako mo\u017ee &#8211; kako mo\u017ee opstati na\u0161 narod i na\u0161a domovina.<\/p>\n<p>Njihov razgovor je trejao gotovo pet sati, a Abdulah je napisao kako su se dotakli mnogih bitnih historijskih tema i problema koji su i danas aktuelni. Naravno cilj i fokus pri\u010de je bio na BiH.<\/p>\n<p>&#8220;Haris ima analize i uvide kakvi su nama gotovo nedoku\u010divi, a radosno mi je kazati da je njegovo mi\u0161ljenje o tome &#8211; unato\u010d svim stra\u0161nim nevoljama koje smo pro\u0161li, koje traju i koje \u0107e jo\u0161 trajati &#8211; nepokolebivo pozitivno&#8221;, rekao je Abdulah Sidran.<\/p>\n<p>Mnogi gra\u0111ani su prilazili Sidranu i nekada\u0161njem \u010dlanu Predsjedni\u0161tva BiH kako bi napravili i zajedni\u010dku fotografiju.<\/p>\n","protected":false},"excerpt":{"rendered":"<p>Dvojica dobro poznatih likova u BiH, Abdulah Sidran i Haris Silajd\u017ei\u0107 ju\u010der su se sastali na kafi te razgovarali i tra\u017eili odgovor na samo jedno pitanje: Ho\u0107e li, mo\u017ee li, i ako mo\u017ee &#8211; kako mo\u017ee opstati na\u0161 narod i na\u0161a domovina. Njihov razgovor je trejao gotovo pet sati, a Abdulah je napisao kako su [&hellip;]<\/p>\n","protected":false},"author":59,"featured_media":12669,"comment_status":"open","ping_status":"closed","sticky":false,"template":"","format":"standard","meta":{"inline_featured_image":false,"footnotes":""},"categories":[234],"tags":[],"class_list":{"0":"post-12668","1":"post","2":"type-post","3":"status-publish","4":"format-standard","5":"has-post-thumbnail","7":"category-politika"},"acf":[],"_links":{"self":[{"href":"https:\/\/tvsensor.com\/api\/wp\/v2\/posts\/12668","targetHints":{"allow":["GET"]}}],"collection":[{"href":"https:\/\/tvsensor.com\/api\/wp\/v2\/posts"}],"about":[{"href":"https:\/\/tvsensor.com\/api\/wp\/v2\/types\/post"}],"author":[{"embeddable":true,"href":"https:\/\/tvsensor.com\/api\/wp\/v2\/users\/59"}],"replies":[{"embeddable":true,"href":"https:\/\/tvsensor.com\/api\/wp\/v2\/comments?post=12668"}],"version-history":[{"count":1,"href":"https:\/\/tvsensor.com\/api\/wp\/v2\/posts\/12668\/revisions"}],"predecessor-version":[{"id":12670,"href":"https:\/\/tvsensor.com\/api\/wp\/v2\/posts\/12668\/revisions\/12670"}],"wp:featuredmedia":[{"embeddable":true,"href":"https:\/\/tvsensor.com\/api\/wp\/v2\/media\/12669"}],"wp:attachment":[{"href":"https:\/\/tvsensor.com\/api\/wp\/v2\/media?parent=12668"}],"wp:term":[{"taxonomy":"category","embeddable":true,"href":"https:\/\/tvsensor.com\/api\/wp\/v2\/categories?post=12668"},{"taxonomy":"post_tag","embeddable":true,"href":"https:\/\/tvsensor.com\/api\/wp\/v2\/tags?post=12668"}],"curies":[{"name":"wp","href":"https:\/\/api.w.org\/{rel}","templated":true}]}}