{"id":12664,"date":"2019-09-09T08:14:00","date_gmt":"2019-09-09T08:14:00","guid":{"rendered":"https:\/\/senzor.ba\/?p=12664"},"modified":"2024-01-15T21:45:48","modified_gmt":"2024-01-15T20:45:48","slug":"radovi-na-pisti-aerodroma-bihac-zavrsen-prvi-sloj-i-postavljeni-mjerni-uredaji","status":"publish","type":"post","link":"https:\/\/tvsensor.com\/clanak\/radovi-na-pisti-aerodroma-bihac-zavrsen-prvi-sloj-i-postavljeni-mjerni-uredaji\/","title":{"rendered":"Radovi na pisti Aerodroma Biha\u0107: Zavr\u0161en prvi sloj i postavljeni mjerni ure\u0111aji"},"content":{"rendered":"<p>Biha\u0107ki gradona\u010delnik \u0160uhret Fazli\u0107 zajedno sa pomo\u0107nikom Federalnog ministra prometa i komunikacija za izgradnju, upravljanje i razvoj aerodroma, zra\u010dne infrastrukture Amadeom Mandi\u0107em, v.d. direktora Aerodroma Biha\u0107 Adnanom Bajri\u0107em, kao i predstavnicima projektanta i izvo\u0111a\u010da radova obi\u0161ao je radove na izgradnji testne piste na aerodromu Golubi\u0107.<\/p>\n<p>Radovi na testnoj poletnoj pisti budu\u0107eg aerodroma u Biha\u0107u du\u017eine 300 metara izvode se po planu i ve\u0107 je zavr\u0161en prvi sloj, postavljeni mjerni ure\u0111aji, a ukoliko vremenske prilike budu povoljne do kraja rujna zavr\u0161iti \u0107e se postavljanje tri sloja nasipa sa geomre\u017eom.<\/p>\n<p><img loading=\"lazy\" decoding=\"async\" src=\"https:\/\/backend.akta.ba\/Uploads\/Administration\/Images\/aerodromGolubic_pista2.jpg\" alt=\"\" width=\"700\" height=\"467\" \/><\/p>\n<p>Sredstva za izgradnju testne piste osigurala je Vlada FBiH putem transfera javnim poduze\u0107e za unapre\u0111enje avioprometa. Metoda izgradnje dijela piste u duljine do 300 metara se primjenjuje radi potrebnih ispitivanja i dokazivanja stabilnosti isprojektovane piste, a koja ostaje i koristi se prilikom dalje izgradnje staze i dati \u0107e nakon svih potrebnih mjerenja odgovor koliko bi ko\u0161tali premjeri radova za pistu.<\/p>\n<p>Od odobrenih 3,5 milijuna KM od strane Vlade FBiH, 1,5 miliona KM potro\u0161it \u0107e se na dalji postupak eksproprijacije prema planu koji je ranije dostavljen Ministarstvu prometa i komunikacija FBiH, \u0161to je neophodan preduvjet za budu\u0107e radove na aerodromskoj pisti koja \u0107e u kona\u010dnici, prema projektu, biti duga 2.200, a \u0161iroka 60 metara.<\/p>\n","protected":false},"excerpt":{"rendered":"<p>Biha\u0107ki gradona\u010delnik \u0160uhret Fazli\u0107 zajedno sa pomo\u0107nikom Federalnog ministra prometa i komunikacija za izgradnju, upravljanje i razvoj aerodroma, zra\u010dne infrastrukture Amadeom Mandi\u0107em, v.d. direktora Aerodroma Biha\u0107 Adnanom Bajri\u0107em, kao i predstavnicima projektanta i izvo\u0111a\u010da radova obi\u0161ao je radove na izgradnji testne piste na aerodromu Golubi\u0107. Radovi na testnoj poletnoj pisti budu\u0107eg aerodroma u Biha\u0107u du\u017eine [&hellip;]<\/p>\n","protected":false},"author":59,"featured_media":12665,"comment_status":"open","ping_status":"closed","sticky":false,"template":"","format":"standard","meta":{"inline_featured_image":false,"footnotes":""},"categories":[42],"tags":[],"class_list":{"0":"post-12664","1":"post","2":"type-post","3":"status-publish","4":"format-standard","5":"has-post-thumbnail","7":"category-ekonomija"},"acf":[],"_links":{"self":[{"href":"https:\/\/tvsensor.com\/api\/wp\/v2\/posts\/12664","targetHints":{"allow":["GET"]}}],"collection":[{"href":"https:\/\/tvsensor.com\/api\/wp\/v2\/posts"}],"about":[{"href":"https:\/\/tvsensor.com\/api\/wp\/v2\/types\/post"}],"author":[{"embeddable":true,"href":"https:\/\/tvsensor.com\/api\/wp\/v2\/users\/59"}],"replies":[{"embeddable":true,"href":"https:\/\/tvsensor.com\/api\/wp\/v2\/comments?post=12664"}],"version-history":[{"count":1,"href":"https:\/\/tvsensor.com\/api\/wp\/v2\/posts\/12664\/revisions"}],"predecessor-version":[{"id":12666,"href":"https:\/\/tvsensor.com\/api\/wp\/v2\/posts\/12664\/revisions\/12666"}],"wp:featuredmedia":[{"embeddable":true,"href":"https:\/\/tvsensor.com\/api\/wp\/v2\/media\/12665"}],"wp:attachment":[{"href":"https:\/\/tvsensor.com\/api\/wp\/v2\/media?parent=12664"}],"wp:term":[{"taxonomy":"category","embeddable":true,"href":"https:\/\/tvsensor.com\/api\/wp\/v2\/categories?post=12664"},{"taxonomy":"post_tag","embeddable":true,"href":"https:\/\/tvsensor.com\/api\/wp\/v2\/tags?post=12664"}],"curies":[{"name":"wp","href":"https:\/\/api.w.org\/{rel}","templated":true}]}}