{"id":1266,"date":"2019-02-28T18:06:42","date_gmt":"2019-02-28T18:06:42","guid":{"rendered":"https:\/\/senzor.ba\/?p=1266"},"modified":"2024-01-15T21:49:50","modified_gmt":"2024-01-15T20:49:50","slug":"okoncani-protesti-prijedlog-zakona-o-borcima-trebao-bi-biti-usaglasen-u-narednih-mjesec-dana","status":"publish","type":"post","link":"https:\/\/tvsensor.com\/clanak\/okoncani-protesti-prijedlog-zakona-o-borcima-trebao-bi-biti-usaglasen-u-narednih-mjesec-dana\/","title":{"rendered":"Okon\u010dani protesti: Prijedlog zakona o borcima trebao bi biti usagla\u0161en u narednih mjesec dana"},"content":{"rendered":"\n<p>Poslanici u Zastupni\u010dkom domu Parlamenta Federacije BiH zadu\u017eili su na dana\u0161njoj sjednici Vladu FBiH da u roku od 30 dana usaglasi Prijedlog teksta zakona o pravima demobilisanih boraca i \u010dlanovima njihovih porodica i uputi ga u parlamentarnu proceduru.<\/p>\n\n\n\n<p>Usvojeni zaklju\u010dak nala\u017ee da se Prijedlog zakona usaglasi zajedno sa predstavnicima Koordinacije boraca i kampa boraca, kao i sa Odborom za bora\u010dka pitanja Zastupni\u010dkog doma Parlamenta FBiH.&nbsp;<\/p>\n\n\n\n<p>Zastupnici su sa 76 glasova &#8220;za&#8221;, jednim &#8220;suzdr\u017eanim&#8221; i jednim glasom &#8220;protiv&#8221; podr\u017eali zaklju\u010dak.&nbsp;Ranije se nakon \u0161to je okon\u010dana rasprava o Nacrtu zakona o pravima demobilisanih boraca i \u010dlanova njihovih porodica, \u010diji je predlaga\u010d Klub DF-GS, Zastupni\u010dkom domu Fedealnog parlamenta obratio predstavnik boraca iz kampa ispred biv\u0161eg sjedi\u0161ta Vlade FBiH Hamza Krkali\u0107.<\/p>\n\n\n\n<p>On je na po\u010detku rekao da se ovdje radi o zakonu Vlade FBiH i resornog ministarstva u koji su uvr\u0161tena samo dva amandmana, a konstatacije da nije provodiv ocijenio je spinovima. Njegovo mi\u0161ljenje je da nije sporno finansiranje nego javna objava registra boraca.<\/p>\n\n\n\n<p>Nakon \u0161to su zastupnicu u Predstavni\u010dkom domu usvojili pomenuti zaklju\u010dak, borci koji su od jutrost protestvovali su se razi\u0161li. .<\/p>\n\n\n\n<p>Podsje\u0107amo, borci o\u010dekuju da zakon ispuni tri njihova i ranije isticana zahtjeva, odnosno da propi\u0161e redovni mjese\u010dni nov\u010dani dodatak za ovu bora\u010dku kategoriju, uspostavu jedinstvenog bora\u010dkog registra, kao i prestanak finansiranja bora\u010dkih udru\u017eenja kojih u ovom trenutku ima u izuzetno velikom broju u Federaciji BiH.<\/p>\n","protected":false},"excerpt":{"rendered":"<p>Poslanici u Zastupni\u010dkom domu Parlamenta Federacije BiH zadu\u017eili su na dana\u0161njoj sjednici Vladu FBiH da u roku od 30 dana usaglasi Prijedlog teksta zakona o pravima demobilisanih boraca i \u010dlanovima njihovih porodica i uputi ga u parlamentarnu proceduru. Usvojeni zaklju\u010dak nala\u017ee da se Prijedlog zakona usaglasi zajedno sa predstavnicima Koordinacije boraca i kampa boraca, kao [&hellip;]<\/p>\n","protected":false},"author":59,"featured_media":1267,"comment_status":"open","ping_status":"closed","sticky":false,"template":"","format":"standard","meta":{"inline_featured_image":false,"footnotes":""},"categories":[37,38],"tags":[],"class_list":{"0":"post-1266","1":"post","2":"type-post","3":"status-publish","4":"format-standard","5":"has-post-thumbnail","7":"category-vijesti","8":"category-vijesti-iz-bih"},"acf":[],"_links":{"self":[{"href":"https:\/\/tvsensor.com\/api\/wp\/v2\/posts\/1266","targetHints":{"allow":["GET"]}}],"collection":[{"href":"https:\/\/tvsensor.com\/api\/wp\/v2\/posts"}],"about":[{"href":"https:\/\/tvsensor.com\/api\/wp\/v2\/types\/post"}],"author":[{"embeddable":true,"href":"https:\/\/tvsensor.com\/api\/wp\/v2\/users\/59"}],"replies":[{"embeddable":true,"href":"https:\/\/tvsensor.com\/api\/wp\/v2\/comments?post=1266"}],"version-history":[{"count":1,"href":"https:\/\/tvsensor.com\/api\/wp\/v2\/posts\/1266\/revisions"}],"predecessor-version":[{"id":1268,"href":"https:\/\/tvsensor.com\/api\/wp\/v2\/posts\/1266\/revisions\/1268"}],"wp:featuredmedia":[{"embeddable":true,"href":"https:\/\/tvsensor.com\/api\/wp\/v2\/media\/1267"}],"wp:attachment":[{"href":"https:\/\/tvsensor.com\/api\/wp\/v2\/media?parent=1266"}],"wp:term":[{"taxonomy":"category","embeddable":true,"href":"https:\/\/tvsensor.com\/api\/wp\/v2\/categories?post=1266"},{"taxonomy":"post_tag","embeddable":true,"href":"https:\/\/tvsensor.com\/api\/wp\/v2\/tags?post=1266"}],"curies":[{"name":"wp","href":"https:\/\/api.w.org\/{rel}","templated":true}]}}