{"id":12658,"date":"2019-09-09T08:06:07","date_gmt":"2019-09-09T08:06:07","guid":{"rendered":"https:\/\/senzor.ba\/?p=12658"},"modified":"2024-01-15T21:45:48","modified_gmt":"2024-01-15T20:45:48","slug":"preokret-u-armeniji-ostaje-li-robert-prosinecki-selektor","status":"publish","type":"post","link":"https:\/\/tvsensor.com\/clanak\/preokret-u-armeniji-ostaje-li-robert-prosinecki-selektor\/","title":{"rendered":"Preokret u Armeniji: Ostaje li Robert Prosine\u010dki selektor?"},"content":{"rendered":"<p>Navija\u010di\u00a0<strong>Bosne i Hercegovine<\/strong>\u00a0imali su jo\u0161 jednu neprospavanu no\u0107. Uz poraz koji su Zmajevi do\u017eivjeli u Jerevanu (2:4), u Armeniji smo\u00a0 nakon debakla ostali i bez selektora\u00a0<strong>Roberta Prosine\u010dkog.<\/strong><\/p>\n<p>Popularni \u017duti je nakon neo\u010dekivanog poraza odmah nakon susreta na konfereniji za medije podnio ostavku.<\/p>\n<p>Najava odlaska Prosine\u010dkog iznenadila je sve u Nogometnom savezu Bosne i Hercegovine, posebno predsjednika\u00a0<strong>Elvedina Begi\u0107a<\/strong>, koji je odmah nakon \u0161to se sve smirilo u jerevanskom hotelu u kojem su smje\u0161teni bili Zmajevi odr\u017eao sastanak sa selektorom iza zatvorenih vrata.<\/p>\n<p>Nakon \u0161to je sastanak zavr\u0161en, niko se nije oglasio, ni Begi\u0107, a ni Prosine\u010dki. Tek je procurila informacija da bi Bosna i Hercegovina i dalje trebala imati selektora i da \u0107e to biti upravo Robi,<strong>\u00a0koji je Zmajeve odveo do bara\u017ea kroz Ligu nacija<\/strong>.<\/p>\n<p>Atmosferu je popravila i pobjeda Italije nad Finskom, tako da postoje kakve, takve nade da Zmajevi direktno odu na Euro.<\/p>\n<p>Begi\u0107 se, zajedno sa \u010delnicima NSBiH, nakon iznenadne ostavke Prosine\u010dkog na\u0161ao u &#8220;neobranom gro\u017e\u0111u&#8221;. Do me\u010deva sa\u00a0<strong>Finskom i Gr\u010dkom<\/strong>, samo je mjesec &#8211; kako u tako kratkom periodu na\u0107i selektora, zaista je nemogu\u0107a misija.<\/p>\n<pre>\"Lako se mo\u017ee desiti da Prosine\u010dki ostane na klupi ova dva susreta i poku\u0161a nemogu\u0107e\", kazao je za\u00a0<em><strong>Radiosarajevo.ba<\/strong><\/em>\u00a0izvor iz NSBiH.<\/pre>\n<p><strong>I sam Prosine\u010dki je ovakvu mogu\u0107nost ostavio kao realnu<\/strong>, jer je prisutnim novinarima u Jerevanu kratko kazao &#8220;pri\u010dat \u0107emo kada do\u0111em u Sarajevo&#8221;.<\/p>\n<p>Podvucimo i to da sjednica Izvr\u0161nog odbora NSBiH nije planira u narednih 30 dana, a upravo on mora aminovati Robijevu ostavku.<\/p>\n<p>Bit \u0107e zanimljivo narednih dana u bh &#8220;ku\u0107i nogometa&#8221;, iako su pojedinci ve\u0107 kao Robijevu alternativu vidjeli\u00a0<strong>Safeta Su\u0161i\u0107a,<\/strong>\u00a0koji je bez posla u Francuskoj, a koji je jedino od svih selektora uspio odvesti BiH na veliko takmi\u010denje.<\/p>\n<p>Prosine\u010dki \u0107e danas do\u010di u Sarajevo, a mogu\u0107e je i da \u0107e predsjednik Begi\u0107 po dolasku u glavni grad BiH, novinarima i sportskoj javnosti otkriti karte.<\/p>\n<p><strong>Ostaje da \u010dekamo&#8230;<\/strong><\/p>\n<p>radiosarajevo.ba<\/p>\n","protected":false},"excerpt":{"rendered":"<p>Navija\u010di\u00a0Bosne i Hercegovine\u00a0imali su jo\u0161 jednu neprospavanu no\u0107. Uz poraz koji su Zmajevi do\u017eivjeli u Jerevanu (2:4), u Armeniji smo\u00a0 nakon debakla ostali i bez selektora\u00a0Roberta Prosine\u010dkog. Popularni \u017duti je nakon neo\u010dekivanog poraza odmah nakon susreta na konfereniji za medije podnio ostavku. Najava odlaska Prosine\u010dkog iznenadila je sve u Nogometnom savezu Bosne i Hercegovine, posebno [&hellip;]<\/p>\n","protected":false},"author":59,"featured_media":12659,"comment_status":"open","ping_status":"closed","sticky":false,"template":"","format":"standard","meta":{"inline_featured_image":false,"footnotes":""},"categories":[62],"tags":[],"class_list":{"0":"post-12658","1":"post","2":"type-post","3":"status-publish","4":"format-standard","5":"has-post-thumbnail","7":"category-nogomet"},"acf":[],"_links":{"self":[{"href":"https:\/\/tvsensor.com\/api\/wp\/v2\/posts\/12658","targetHints":{"allow":["GET"]}}],"collection":[{"href":"https:\/\/tvsensor.com\/api\/wp\/v2\/posts"}],"about":[{"href":"https:\/\/tvsensor.com\/api\/wp\/v2\/types\/post"}],"author":[{"embeddable":true,"href":"https:\/\/tvsensor.com\/api\/wp\/v2\/users\/59"}],"replies":[{"embeddable":true,"href":"https:\/\/tvsensor.com\/api\/wp\/v2\/comments?post=12658"}],"version-history":[{"count":1,"href":"https:\/\/tvsensor.com\/api\/wp\/v2\/posts\/12658\/revisions"}],"predecessor-version":[{"id":12660,"href":"https:\/\/tvsensor.com\/api\/wp\/v2\/posts\/12658\/revisions\/12660"}],"wp:featuredmedia":[{"embeddable":true,"href":"https:\/\/tvsensor.com\/api\/wp\/v2\/media\/12659"}],"wp:attachment":[{"href":"https:\/\/tvsensor.com\/api\/wp\/v2\/media?parent=12658"}],"wp:term":[{"taxonomy":"category","embeddable":true,"href":"https:\/\/tvsensor.com\/api\/wp\/v2\/categories?post=12658"},{"taxonomy":"post_tag","embeddable":true,"href":"https:\/\/tvsensor.com\/api\/wp\/v2\/tags?post=12658"}],"curies":[{"name":"wp","href":"https:\/\/api.w.org\/{rel}","templated":true}]}}