{"id":12644,"date":"2019-09-08T09:51:53","date_gmt":"2019-09-08T09:51:53","guid":{"rendered":"https:\/\/senzor.ba\/?p=12644"},"modified":"2024-01-15T21:45:49","modified_gmt":"2024-01-15T20:45:49","slug":"uspon-i-suton-male-bosne-u-st-louisu","status":"publish","type":"post","link":"https:\/\/tvsensor.com\/clanak\/uspon-i-suton-male-bosne-u-st-louisu\/","title":{"rendered":"Uspon i suton Male Bosne u St. Louisu"},"content":{"rendered":"<p>Berizu\u00a0Nuki\u0107u\u00a0su trebale oko dvije godine, nakon \u0161to je\u00a0sletio\u00a0na novi kontinent kao ratni\u00a0izbjeglica, da pokrene vlastiti biznis. Gospodin\u00a0Nuki\u0107\u00a0je nau\u010dio engleski jezik u hodu, a po\u010deo je\u00a0sa jednostavnim konceptom &#8211; turskom\u00a0kafed\u017einicom\u00a0za Bosance koji tursku\u00a0kafu\u00a0piju kao vodu.\u00a0Uskoro je pro\u0161irio biznis sa\u00a0delikatesima, a zatim je otvorio restoran\u00a0Berix, rade\u0107i 18 sati dnevno\u00a0i nose\u0107i bosansko-engleski rje\u010dnik u svom d\u017eepu.<\/p>\n<p>Sve je to uradio u\u00a0Bevo\u00a0Millu, neko\u0107 ru\u0161evnom naselju u ju\u017enom dijelu St. Louisa, koje je uskoro\u00a0postalo materijal za ameri\u010dke snove. Tamo gdje su prozori zatvoreni daskama obrubili ulice, a\u00a0inicijative za razvoj grada nikad nisu pomaknute s mrtve ta\u010dke, 1990-ih stigle su hiljade\u00a0izbjeglica bje\u017ee\u0107i od brutalnog etni\u010dkog \u010di\u0161\u0107enja, pola svijeta dalekom, sa planovima za biznis i\u00a0obnovom domova.<\/p>\n<p>Nau\u010dili su engleski, otvorili kafi\u0107e i frizerske salone\u00a0i prije nego su donijeli\u00a0\u017eivot, boju i\u00a0mirs\u00a0svje\u017ee ispe\u010denog hljeba u podru\u010dje, koje \u0107e postati poznato kao Mala Bosna.<br \/>\nAmer Iri\u0161ki\u0107 (28) prisje\u0107a se dolaska u naselje kao sedmogodi\u0161njak 1998. godine, tri godine nakon krvavog gra\u0111anskog rata u Bosni i Hercegovini.<\/p>\n<p>&#8211; Ljudi su bili vani sve vrijeme i to je bila lijepa atmosfera, ka\u017ee on.<\/p>\n<p><strong>Depopulacija St, Louisa<\/strong><\/p>\n<p>On i njegovi prijatelji igrali su\u00a0ko\u0161arke u ulici iza ku\u0107e. Njegov otac i stric otvorili su mesnicu gdje su prodavali\u00a0janjentinu\u00a0i\u00a0teletinu koja je nedostajala njihovim kupcima Bosancima i drugim stanovnicima koji su je\u00a0zavoljeli.<br \/>\nZa St. Louis, grad koji je gubio stanovni\u0161tvo decenijama &#8211; imao je oko 400.000 stanovnika 1990-\u00a0ih, sa vi\u0161e od 800.000 1950-ih &#8211; priliv onoga \u0161to je procijenjeno kao najve\u0107a populacija\u00a0Bosanaca izvan Bosne \u010dinilo se da djeluje magi\u010dno. Prvi put za nekoliko generacija, urbana\u00a0pri\u010da o napu\u0161tenim ku\u0107ama,\u00a0stagniraju\u0107im\u00a0poslovima i nestaju\u0107im ljudima izgledalo je da se\u00a0mijenja.<\/p>\n<p>Ali to nije potrajalo.<\/p>\n<p>Smrtonosni napad u\u00a0Bevo\u00a0Millu u kojem je\u00a0Zemir\u00a0Begi\u0107, mladi Bosanac koji je bio vani sa\u00a0zaru\u010dnicom, ubijen od strane \u010detvero\u00a0tined\u017eera, potresao je zajednicu 2014. godine. Bosanci su\u00a0mar\u0161irali ulicama, tvrde\u0107i da policija nije u\u010dinila dovoljno da susjedstvo odr\u017ei sigurnim.\u00a0Semir\u00a0Nuki\u0107, \u010dlan porodice koja posjeduje\u00a0Berix, prisje\u0107a se grupe siled\u017eija koji napu\u0161taju\u00a0obli\u017enje barove, \u010desto uzrokuju\u0107i probleme i upadaju\u0107i u tu\u010de, a policija bi nazvala restoran da\u00a0tra\u017ei snimke sa sigurnosne kamere. Jedne no\u0107i, ispri\u010dao je on, \u010dovjek\u00a0upetaljan\u00a0u tu\u010du uba\u010den\u00a0je kroz prozor restorana.<\/p>\n<p>Rastu\u0107i kriminal tako\u0111er zabrinjava\u00a0Iri\u0161ki\u0107evu\u00a0porodicu.<\/p>\n<p>&#8211; U ku\u0107e na\u0161ih znanaca, prijatelja i porodice je provaljivano, sje\u0107a se on.<\/p>\n<p>Njegova porodica je\u00a0\u010dula da su \u0161kole bolje u predgra\u0111ima, i da \u0107e tamo\u00a0mo\u0107i\u00a0igrati u dobrom nogometnom timu.\u00a0Jedan od pionira egzodusa Bosanaca iz grada bio je\u00a0Beriz\u00a0Nuki\u0107, koji je preselio\u00a0Berix\u00a0iz\u00a0Bevo\u00a0Milla, gdje je postao lokalna znamenitost, na jug, u trgova\u010dki centar koji je razvio u\u00a0pregra\u0111ima\u00a0okruga St. Louisa 2010. &#8211; prije nego su se najgori problemi otkrili.\u00a0Iri\u0161ki\u0107i\u00a0su se tako\u0111er preselili na jug i otvorili mesnicu u\u00a0pregra\u0111u\u00a0tri godine kasnije.<\/p>\n<p><img decoding=\"async\" src=\"https:\/\/mbapi.oslobodjenje.ba\/storage\/images\/2adf\/b7e3\/3518\/00bosnians-03-jumbo.jpg\" \/><\/p>\n<p>Otada su mnoge perjanice biznisa u Maloj Bosni preselile ili zatvorene. Bosna Gold, ogromni restoran i mjesto za\u00a0organizovanje\u00a0doga\u0111aja, za \u010dije \u0107evape se pri\u010dalo da mogu parirati onima u\u00a0Sarajevu, zatvorio je vrata 2016. godine. Saloni, kroja\u010di, mesari i mno\u0161tvo drugih bosanskih\u00a0ustanova su ujedinjeno iselili iz grada, zajedno sa Bosancima koji su ih posje\u0107ivali.<br \/>\nSli\u010dne pri\u010de se odigravaju u ameri\u010dkim gradovima jo\u0161 od decenije &#8220;baby\u00a0booma&#8221; u 20. stolje\u0107u, te\u00a0se dokazalo da ih je te\u0161ko preokrenuti. Nakon masovnog bijega u predgra\u0111a, \u010dak i velike\u00a0investicije u gradske centre, sa novim ugla\u0111enim poslovnim distriktima i rapidnim promjenama\u00a0centara gradova, \u010desto su omanule u pomo\u0107i gradovima, posebno na Srednjem zapadu, da\u00a0zamjene stanovnike koje su izgubili.<\/p>\n<p>U St. Louisu proces je bio posebno te\u017eak jer su ljudi koji su ga napu\u0161tali bili upravo oni koji su\u00a0vi\u0111eni kao spasitelji.<\/p>\n<p>&#8211; Na\u017ealost, ovu ogromnu priliku koju smo imali sa velikom populacijom Bosanaca koji \u017eive u\u00a0gradu nismo maksimizirali, ka\u017ee Antonio\u00a0French, biv\u0161i gradski vije\u0107nik. &#8220;Tokom posljednjih 20\u00a0godina, izgubili smo ve\u0107inu njih.&#8221;<\/p>\n<p><strong>Zov periferije<\/strong><\/p>\n<p>Imigrantske zajednice svuda su se ra\u0161irile u\u00a0pregra\u0111a. Mnogi kineski imigranti su preselili u San\u00a0Gabriel\u00a0Valley\u00a0iz\u00a0Chinatowna\u00a0u Los Angelesu, i korejski imigranti iz New Yorka preselili su u\u00a0predgra\u0111a sjevernog New\u00a0Jerseya\u00a0i na\u00a0Long\u00a0Island. Ali urbana naselja koja su ostavili iza sebe\u00a0bila su relativno zdrava i\u00a0podmla\u0111ena. Iri\u0161ki\u0107i\u00a0su zadr\u017eali njihovu biv\u0161u ku\u0107u u St. Louisu i sada je izdaju. No, ka\u017eu da je susjedstvo\u00a0dodatno oronulo otkad su ga napustili.<\/p>\n<p>&#8211; Kada god odem da uberem kiriju, nikad nije isto, ka\u017ee\u00a0Iri\u0161ki\u0107.<\/p>\n<p>&#8220;Ne vidite djecu u \u0161etnji ili igri\u00a0vani, kako se igraju u stra\u017enjim ulicama. Postoje ko\u0161evi na koje nije\u00a0o\u0161utana\u00a0lopta godinama.&#8221;<\/p>\n<p>Na svom vrhuncu kasnih 1990-ih i ranih 2000-ih bosanska populacija, uklju\u010duju\u0107i Bosance\u00a0ro\u0111ene u Americi, dosegla je do broja od 70.000 u St. Louisu i okrugu, prema Me\u0111unarodnom\u00a0institutu u St. Louisu, dobrotvornoj agenciji koja poma\u017ee mnoge izbjeglice u\u00a0regionu. Sada, kada\u00a0su neki Bosanci potpuno napustili saveznu dr\u017eavu, agencija procjenjuje da je brojka manja od\u00a050.000.<\/p>\n<p>I dok je te\u0161ko\u00a0ta\u010dno\u00a0re\u0107i koliko ih je ostalo u jezgri grada, Anna\u00a0Crosslin, direktorica Instituta,\u00a0ka\u017ee:<\/p>\n<p>&#8211; Ne bih se iznenadila da se\u00a0broje\u00a0u stotinama, a ne hiljadama.<\/p>\n<p>Do nekog stepena, osipanje neko\u0107 \u010dvrsto vezane zajednice izbjeglica dio je normalnog procesa.\u00a0Mnogi Bosanci su uselili u\u00a0Bevo\u00a0Mill i druge dijelove Ju\u017enog grada da budu blizu Me\u0111unarodnog\u00a0instituta. Uzeli su \u010dasove engleskog jezika na Institutu, oslanjaju\u0107i se na javni\u00a0prevoz\u00a0za\u00a0kretanje, i u ranim danima \u010desto im je nedostajalo novca za kupovinu ku\u0107e sa dvori\u0161tem.\u00a0Ipak, vremenom su mnogi\u00a0postali mobilniji, a predgra\u0111a su im postala pristupa\u010dna.<\/p>\n<p>Arina Gali\u0107, kroja\u010dica koja se zanatu u\u010dila u Bosni i posjeduje Arina\u00a0Alterations, ka\u017ee da su je dnevne\u00a0neugodnosti ograni\u010denih parkinga i napu\u010denih ulica nagnale da preseli u\u00a0Mehlville, predgra\u0111e.\u00a0Njeni kupci cijene njenu novu lokaciju blizu malog marketa i dva velika autoputa, dok ona ka\u017ee:<\/p>\n<p>&#8211; Kada sam stigla ovdje, svi su bili tako sretni jer imate bolje parkinge, dobar prilaz.<\/p>\n<div class=\"Article-centralEmbed\">\n<div class=\"Article-imageEmbed\">\n<figure style=\"width: 1024px\" class=\"wp-caption alignnone\"><img loading=\"lazy\" decoding=\"async\" src=\"https:\/\/mbapi.oslobodjenje.ba\/storage\/images\/2adf\/b7e3\/3517\/00bosnians-02-jumbo.jpg\" alt=\"image\" width=\"1024\" height=\"683\" \/><figcaption class=\"wp-caption-text\">Nuki\u0107 biznis pomjerio u predgra\u0111e<\/figcaption><\/figure>\n<\/div>\n<\/div>\n<p>Mnogi iseljenici u predgra\u0111e ka\u017eu da Mala Bosna nije nestala, samo se pomjerila. Trgova\u010dki centar gdje je sada\u00a0Berix\u00a0tako\u0111er se nalazi u\u00a0Mehlvilleu. Gospodin\u00a0Nuki\u0107\u00a0iznajmljuje prostor u centru drugoj dvojici Bosanaca.<\/p>\n<p>&#8211; Dr\u017eimo zajednicu na okupu, ka\u017ee on.<\/p>\n<p>Ured bosanskog osiguravaju\u0107eg agenta je u istom centru. S druge strane ulice, banka je dostupna bosanskim mu\u0161terijama, a bosanska d\u017eamija je niz put.<br \/>\n&#8211; Kada \u017eelite iza\u0107i da uzmete zraka, vidite ljude koji sjede vani, piju\u00a0kafu\u00a0i tako to &#8211; to je stvarno cool, ka\u017ee gospodin\u00a0Iri\u0161iki\u0107.<br \/>\nSt. Louis sada tra\u017ei za nove na\u010dine da na\u010dini podru\u010dje Ju\u017enog grada privla\u010dnim za \u017eivot novim stanovnicima, odakle god oni dolazili.<\/p>\n<p>&#8211; Na mjestima poput Srednjeg zapada, za razliku od Sjeveroistoka ili Californije, morate\u00a0ubijediti\u00a0ljude da je to dobra ideja, ne samo da idu u unutra\u0161njost grada povremeno, nego da tu \u017eive, pa \u010dak i djecu podi\u017eu, ka\u017ee\u00a0philip\u00a0Kasinitz, direktor diplomskog studija na studiju me\u0111unarodnih migracija na Univerzitetu u New Yorku.<\/p>\n<p>&#8211; Za to \u0107e trebati obrat naspram pola stolje\u0107a ameri\u010dkog na\u010dina razmi\u0161ljanja, rekao je gospodin\u00a0Kasinitz.<\/p>\n<p><strong>\u00a0Nova nada<\/strong><\/p>\n<p>Gradski oci nisu izgubili nadu. Javni gradski \u0161kolski sistem je ponovo stekao\u00a0 povjerenje nakon izgubljene decenije. Novi plan za suzbijanje nasilja kori\u0161ten u drugim gradovima, Cure\u00a0Violence\u00a0(bos. Izlije\u010di nasilje), privla\u010di pa\u017enju.\u00a0U\u00a0Bevo\u00a0Millu, nedavno se otvorilo nekoliko restorana, a niz radionica zajednice odr\u017ean je ove godine, ciljaju\u0107i da preobrazi\u00a0Gravois\u00a0Avenue\u00a0u anga\u017eovaniji i \u017eivlji prolaz kroz susjedstvo.<\/p>\n<div class=\"Article-centralEmbed\">\n<div class=\"Article-imageEmbed\">\n<figure style=\"width: 1000px\" class=\"wp-caption alignnone\"><img loading=\"lazy\" decoding=\"async\" src=\"https:\/\/mbapi.oslobodjenje.ba\/storage\/images\/2adf\/b7e3\/3519\/IMG_0911.jpg\" alt=\"image\" width=\"1000\" height=\"667\" \/><figcaption class=\"wp-caption-text\">Sebilj u Bevo Millu<\/figcaption><\/figure>\n<\/div>\n<\/div>\n<p>Na istoku prema historijskoj \u010detvrti Chippewa Park, pro\u0161le godine je pokrenut projekat razvoja koji uklju\u010duje desetine stambenih zgrada i hiljade kvadrata komercijalnog prostora, vrijedan 12 miliona dolara. Dodatnih 19 miliona pretvorio je obli\u017enji YMCA u luksuznu stambenu zgradu.<br \/>\n&#8211;\u00a0\u017dao mi je \u0161to su se mnogi Bosanci preselili, kazala je Carol Howard, vije\u0107nica podru\u010dja koje uklju\u010duje Bevo Mill. Ali rekla je i da nije zabrinuta za budu\u0107nost \u010detvrti. Kazala je da je primjetila da se nova generacija mladih stanovnika St. Louisa useljava &#8211; oni ne dijele naklonost svojih roditelja ka predgra\u0111u. &#8220;Oni \u017eele mogu\u0107nost da \u0161etaju&#8221;, kazala je ona o novim rezidentima. &#8220;Ako \u017eele popiti pivo, mogu \u0161etati i gurati bebu u kolicima&#8221;.<\/p>\n<p>Mo\u017eda \u0107e tu i ostati.<\/p>\n<p><a href=\"https:\/\/www.nytimes.com\/2019\/08\/18\/us\/bosnian-refugees-st-louis-midwest.html?fbclid=IwAR1g4HSHge0W4o5MDOJMpoWhd6FxT4K9rnXXKu3vgT0Sep4frBhHm334rbY\" target=\"_blank\" rel=\"noopener noreferrer\">NY Times<\/a><\/p>\n","protected":false},"excerpt":{"rendered":"<p>Berizu\u00a0Nuki\u0107u\u00a0su trebale oko dvije godine, nakon \u0161to je\u00a0sletio\u00a0na novi kontinent kao ratni\u00a0izbjeglica, da pokrene vlastiti biznis. Gospodin\u00a0Nuki\u0107\u00a0je nau\u010dio engleski jezik u hodu, a po\u010deo je\u00a0sa jednostavnim konceptom &#8211; turskom\u00a0kafed\u017einicom\u00a0za Bosance koji tursku\u00a0kafu\u00a0piju kao vodu.\u00a0Uskoro je pro\u0161irio biznis sa\u00a0delikatesima, a zatim je otvorio restoran\u00a0Berix, rade\u0107i 18 sati dnevno\u00a0i nose\u0107i bosansko-engleski rje\u010dnik u svom d\u017eepu. Sve je [&hellip;]<\/p>\n","protected":false},"author":59,"featured_media":12647,"comment_status":"open","ping_status":"closed","sticky":false,"template":"","format":"standard","meta":{"inline_featured_image":false,"footnotes":""},"categories":[39],"tags":[],"class_list":{"0":"post-12644","1":"post","2":"type-post","3":"status-publish","4":"format-standard","5":"has-post-thumbnail","7":"category-dijaspora"},"acf":[],"_links":{"self":[{"href":"https:\/\/tvsensor.com\/api\/wp\/v2\/posts\/12644","targetHints":{"allow":["GET"]}}],"collection":[{"href":"https:\/\/tvsensor.com\/api\/wp\/v2\/posts"}],"about":[{"href":"https:\/\/tvsensor.com\/api\/wp\/v2\/types\/post"}],"author":[{"embeddable":true,"href":"https:\/\/tvsensor.com\/api\/wp\/v2\/users\/59"}],"replies":[{"embeddable":true,"href":"https:\/\/tvsensor.com\/api\/wp\/v2\/comments?post=12644"}],"version-history":[{"count":1,"href":"https:\/\/tvsensor.com\/api\/wp\/v2\/posts\/12644\/revisions"}],"predecessor-version":[{"id":12648,"href":"https:\/\/tvsensor.com\/api\/wp\/v2\/posts\/12644\/revisions\/12648"}],"wp:featuredmedia":[{"embeddable":true,"href":"https:\/\/tvsensor.com\/api\/wp\/v2\/media\/12647"}],"wp:attachment":[{"href":"https:\/\/tvsensor.com\/api\/wp\/v2\/media?parent=12644"}],"wp:term":[{"taxonomy":"category","embeddable":true,"href":"https:\/\/tvsensor.com\/api\/wp\/v2\/categories?post=12644"},{"taxonomy":"post_tag","embeddable":true,"href":"https:\/\/tvsensor.com\/api\/wp\/v2\/tags?post=12644"}],"curies":[{"name":"wp","href":"https:\/\/api.w.org\/{rel}","templated":true}]}}