{"id":12636,"date":"2019-09-08T09:32:34","date_gmt":"2019-09-08T09:32:34","guid":{"rendered":"https:\/\/senzor.ba\/?p=12636"},"modified":"2024-01-15T21:45:49","modified_gmt":"2024-01-15T20:45:49","slug":"luce-leon-bih-je-prodata-ekonomskim-grupacijama","status":"publish","type":"post","link":"https:\/\/tvsensor.com\/clanak\/luce-leon-bih-je-prodata-ekonomskim-grupacijama\/","title":{"rendered":"Luce Leon: BiH je prodata ekonomskim grupacijama"},"content":{"rendered":"<p>Luca Leone ro\u0111en je 1970. godine u mjestu Albano Laziale u Italiji. Ugledni je novinar, romanopisac i esejista. Diplomirao je na fakultetu politi\u010dkih nauka. Osniva\u010d je i glavni urednik izdava\u010dke ku\u0107e &#8221;Infinito edizioni&#8221;.<\/p>\n<p>Saradnik je i dopisnik mnogih novinskih agencija. Autor je vi\u0161e od dvadeset knjiga. Me\u0111u onima koje su publikovane za &#8221;Infinito edizioni&#8221;, s ponosom izdvaja naslove:\u00a0<em>Srebrenica \u2013 Dani srama<\/em>\u00a0(2005),\u00a0<em>Bosna Expre<\/em>s (2010),\u00a0<em>Pozdravi iz Sarajeva<\/em>\u00a0(2011),\u00a0<em>Gadovi Sarajeva<\/em>\u00a0(2014),\u00a0<em>Srebrenica \u2013 Negirana pravda<\/em>\u00a0(2015),\u00a0<em>Eden \u2013 Raj mo\u017ee ubiti<\/em>\u00a0(2016).<\/p>\n<ul>\n<li><strong>Gospodine Leone, \u017eivite i radite u Italiji. Iza Vas je bogata karijera romanopisca i publiciste, \u0161to potvr\u0111uje i impresivan broj objavljenih knjiga, njih vi\u0161e od dvadeset. Mnoge od njih posve\u0107ene su Bosni i Hercegovini, te s pravom mo\u017eemo re\u0107i da ste njen veliki prijatelj. Kada se i zbog \u010dega u Vama javila \u017eelja da se bavite Bosnom i Hercegovinom, njenom pro\u0161lo\u0161\u0107u i strahotama koje su je zadesile u periodu\u00a01992-1995?<\/strong><\/li>\n<\/ul>\n<p>Da, ja sam Italijan, a u kontakt sa Bosnom i Hercegovinom do\u0161ao sam tek nakon rata. U toku sukoba od 1992 do 1995. godine \u2013 kojeg vi s pravom nazivate agresijom \u2013 studirao sam u Rimu. Bio sam student bez novca i kao ve\u0107ina mojih zemljaka tada (danas jo\u0161 vi\u0161e) bio sam slabo informisan o svemu \u0161to se de\u0161avalo u Bosni i Hercegovini. Nakon zavr\u0161etka studija po\u010deo sam posje\u0107ivati mjesta gdje su se okupljali gra\u0111ani Bosne i Hercegovine razli\u010ditih nacionalnosti (uvijek sam govorio, a i antropolo\u0161ki je tako, da je, bar za italijansku javnost, pogre\u0161no i varljivo govoriti o etnijama). Ovako su mislili i na\u0161i prijatelji, Predrag Matvejevi\u0107 i Giacomo Scotti. Oni su mi otvorili o\u010di i ukazali na ono \u0161to se desilo i \u0161to se tada\u00a0de\u0161avalo u Bosni i Hercegovini.<\/p>\n<p>I tako, prije dvadeset godina, sa mnogo pitanja na koja sam tra\u017eio odgovore, o svom tro\u0161ku sam trajektom iz Ancone do\u0161ao u Split, pa onda preko Mostara do Sarajeva gdje me je \u010dekala moja prijateljica, Bosanka, koja mi je bila prevodilac. Jedan od prvih susreta bilo je slu\u010dajno vi\u0111enje sa Jovanom Divjakom, ba\u0161 u srcu Ba\u0161\u0107ar\u0161ije. Nekoliko godina kasnije, moja izdava\u010dka ku\u0107a na italijanskom jeziku objavila je njegovu knjigu\u00a0<em>Sarajevo, mon amour<\/em>. Mislim da sam u Bosnu i Hercegovinu svakoraznim prijevoznim sredstvima do\u0161ao najmanje 50 puta. Nikada nisam \u017eelio da nau\u010dim va\u0161 jezik jer sam sebi, iz razli\u010ditih razloga, svaki put kada sam dolazio govorio da je to posljedni put. A onda, ponovo sam se vra\u0107ao, ponovo sebi govorio isto i ponovo kr\u0161io svoje obe\u0107anje. Vi\u0161e nego \u0161to sam prijatelj Bosne i Hercegovine, ja sam iskreni prijatelj Bosanaca i Hercegovaca, prijatelj ljudi i neizmjerne ba\u0161tine koju u sebi nose. Prijatelj sam i mjesta koja su mjesta moje du\u0161e.<\/p>\n<p>Istovremeno mislim da me je ovo ljudski i profesionalno spasilo jer sam uvijek, i samo, pisao o zemlji i o \u017eivotnim iskustvima ljudi koji u njoj \u017eive, i koji, u nemalom broju slu\u010dajeva, jo\u0161 i danas trpe, gledaju\u0107i ih svojim o\u010dima i nastoje\u0107i da se oslobodim bilo kakve predrasude i bilo kakvog stereotipa. Silno sam se trudio da ovako bude od prvog momenta. Mislim da sam uspio.<\/p>\n<p>Jo\u0161 i danas se pitam da li \u0107e sljede\u0107i put, kada do\u0111em kod vas, biti posljednji. Ovo &#8220;posljednji put&#8221; osje\u0107am pomalo kao \u201coslobo\u0111anje\u201d, istovremeno pomalo i kao najgoru nesre\u0107u koja mi se mo\u017ee desiti. A onda, kada do\u0111em u Sarajevo i kada me moja prijateljica Ita Fo\u010dak do\u010deka rije\u010dima \u201cdobro do\u0161ao ku\u0107i\u201d, znam da trebam po\u017euriti da sa \u010desme ispred Husrev-begove d\u017eamije popijem gutljaj vode. Ve\u0107 tada sam siguran da \u0107u ponovo do\u0107i.<\/p>\n<ul>\n<li><strong>Va\u0161 rad koji se odnosi na Bosnu i Hercegovinu, gotovo u cjelini nastajao je u godinama nakon zavr\u0161etka rata. Sa kakvim ste se problemima suo\u010davali u traganju za istinom i da li su Vas ta iskustva i u jednom trenutku pokolebala u namjeri da, kao nepristrasan komentator povijesnih doga\u0111aja, obavijestite svjetsku javnost o onome \u0161to se u Bosni i Hercegovini uistinu dogodilo?<\/strong><\/li>\n<\/ul>\n<p>Imate pravo. Na stranu, mo\u017eda, samo tri knjige koje govore o sukobu, od kojih je jedna iz \u0161tampe iza\u0161la u martu 2019. godine, a koja je posve\u0107ena stra\u0161noj tragediji koja se 1992. desila u Prijedoru, ostali dio mog pisanja se odnosi na posljednjih 25 godina. Ja sam zavr\u0161io politi\u010dke nauke i odgajali su me da historiju u\u010dim na osnovu glavnih historijskih doga\u0111aja, velikih bitaka i datuma, sa gledi\u0161ta lidera, diplomata, mirovnih sporazuma, stavova i fusnota. A ljudska bi\u0107a?<\/p>\n<p>Kao unuk ljudi koji su bili zatvoreni u logoru, uvijek sam se pitao \u0161ta je s ljudskim bi\u0107ima, s djecom, sa \u017eenama i mu\u0161karcima? Kako su obi\u010dni ljudi, kao \u0161to sam ja, mogli pro\u017eivljavati i pretrpjeti nepravde i neda\u0107e rata, a ponekad i vi\u0161e od toga: u\u017easna razo\u010darenja poslije rata, la\u017ei politi\u010dara koje iza\u0111u na povr\u0161inu. Stotine hiljade \u017eivota uni\u0161teno je u toku rata i la\u017eima koje je, na \u017ealost, donio mir.<\/p>\n<p>Na po\u010detku,\u00a0problemi koje sam morao prevazi\u0107i bili su vezani za strah koji je vladao na cijeloj teritoriji: npr. 1999-2000 bilo je veoma te\u0161ko prona\u0107i taksistu koji bi vas odvezao u Srebrenicu, koji bi s vama ostao cijeli dan i korak po korak vas slijedio od jednog do drugog mjesta. Dakle, te\u0161ko\u0107e prilikom kretanja. A onda, naravno, nacionalizam u kojem ne postoje \u201cnijanse\u201d, postoje samo prijatelji i neprijatelji \u0161to je tipi\u010dno, osim za neznalice, za zatvorene i prestra\u0161ene ljude koji se boje i svoje vlastite sjene. Bilo mi je te\u0161ko da odem u neka mjesta, poput Omarske. Ali, uvijek sam najve\u0107e te\u0161ko\u0107e imao u Italiji. Negatori i antiimperijalisti, dakle, prosrpski ultranacionalisti, vrije\u0111ali su me preko interneta, ponekad i veoma agresivno. U par navrata su me neofa\u0161isti napali na ulici.\u00a0Mnogobrojni Bosanaci i Hercegovaci koji \u017eive u Italiji su prihvatili poraz i vi\u0161e se ne bore. To je ogromna gre\u0161ka zbog koje \u0107e jednoga dana ispa\u0161tati njihova djeca. Borba za pravdu, za memoriju i istinu, ne mo\u017ee imati \u201epredaha\u201c, jer borba koja dolazi iz drugog smjera, ona kojom se \u017eeli negirati i revidirati povijest, ne posustaje i na tom putu ne bira sredstva.<\/p>\n<ul>\n<li><strong>U svojim dosada\u0161njim istra\u017eivanjima posebnu pa\u017enju posvetili ste Srebrenici. Kako obja\u0161njavate akte otvorenog negiranja genocida po\u010dinjenog nad Bo\u0161njacima Srebrenice i drugih mjesta na tlu entiteta Republika Srpska?<\/strong><\/li>\n<\/ul>\n<p>O Srebrenici sam, zapravo, po\u010deo pisati onda kada u Italiji skoro niko o tome nije govorio. Bila je napisana tek jedna knjiga, o jednoj osobi koja je iz Srebrenice izbjegla u Italiju, a koju je napisao moj dobri kolega Luca Pastello.\u00a0Napisao sam knjigu\u00a0<em>Srebrenica &#8211; Dani srama<\/em>\u00a0o kojoj se govorilo i u italijanskom parlamentu. To je knjiga koja se jo\u0161 i danas \u010dita u italijanskim \u0161kolama, u svim ciklusima obrazovanja. Prodano je 15.000 primjeraka. Nisam zaboravljao Srebrenicu i uvijek sam osje\u0107ao bol u srcu zbog moje prijateljice Hatid\u017ee Mehmedovi\u0107, koja zbog svega \u0161to je uradila, i zbog svog bola kojeg je znala podnijeti sve do kraja svog bolnog \u017eivota,\u00a0zaslu\u017euje da bude \u010de\u0161\u0107e i na bolji na\u010din spominjana.<\/p>\n<p>Sa knjigama o Vi\u0161egradu i Prijedoru, gdje su po mom mi\u0161ljenju po\u010dinjena druga dva genocida koja nikada ne\u0107e biti priznata, do sada ide lo\u0161ije nego \u0161to je to s knjigom o Srebrenici. \u0160kole sa manje pa\u017enje prate ove teme, a politi\u010dare nije briga. Za moje kolege novinare ovo su previ\u0161e kompleksne teme i ne poku\u0161avaju. Preferiraju, premda neta\u010dno, dalje govoriti o \u201ebratoubila\u010dkom ratu\u201c i \u201egra\u0111anskom ratu\u201c.<\/p>\n<ul>\n<li><strong>Jedan od povoda za ovaj\u00a0razgovor je Va\u0161a knjiga pod naslovom\u00a0<em>Vi\u0161egrad: mr\u017enja, smrt, zaborav<\/em>, koja je ove godine prvi put prevedena na bosanski jezik. Najzaslu\u017eniji za to su koordinator projekta\u00a0Muradif Salihba\u0161i\u0107, izdava\u010dko-\u0161tamparska ku\u0107a Planjax Komerc d.o.o. Te\u0161anj i gospo\u0111a Fatima Neimarlija. Svoje premijerno predstavljanje bosansko izdanja ove knjige imalo je 12. jula 2019. godine u\u00a0prostorijama Bo\u0161nja\u010dkog instituta u Sarajevu. Knjiga obiluje potresnim i vrlo bolnim svjedo\u010denjima o\u00a0stravi\u010dnim zlo\u010dinima nad Bo\u0161njacima Vi\u0161egrada. Recite nam ne\u0161to vi\u0161e o ovom djelu?<\/strong><\/li>\n<\/ul>\n<p>Prije svega, najiskrenije hvala osobama koje ste gore imenovali, bez kojih ni\u0161ta od ovog ne bi bilo mogu\u0107e. Hvala Carlotti, izvrsnoj prodava\u010dici knjiga u knji\u017eari Lovrat u Trevisu, koja je bila posrednik izme\u0111u izdava\u010dke ku\u0107e Infinito Edizioni, koje sam direktor, suosniva\u010d i pisac, hvala gospodinu Salihba\u0161i\u0107u. Hvala Fatimi koja je, osim \u0161to je prevela knjigu i ovaj intervju, imala zna\u010dajnu i nezamjenjljivu ulogu u logistici. Tako\u0111er, hvala i Vama i gospodinu\u00a0Ze\u010devi\u0107u na predanosti s kojom prezentirate moju knjigu u Bosni i Hercegovini.<\/p>\n<p>U knjizi govore svi. U njoj je, mo\u017eda, vi\u0161e testimoniala bosanskih Srba nego Bo\u0161njaka.\u00a0Pretpostavljam da \u010ditanje ove knjige nekoga mo\u017ee i iznervirati, ali slobodno misle\u0107i \u010dovjek je onaj koji nelagodnost uspije pretvoriti u razmi\u0161ljanje. Mislim da je najva\u017enije pro\u010ditati knjigu do kraja, pro\u010ditati posljednje poglavlje i rijedak testimonial bosanskog Srbina, intelektualca koji je smogao hrabrost da govori.<\/p>\n<ul>\n<li><strong>Kako danas, dvadeset i pet godina nakon rata, posmatrate stanje u Bosni i Hercegovini? Da li se, prema Va\u0161em mi\u0161ljenju, me\u0111unarodna zajednica treba odlu\u010dnije posvetiti bh. pitanju?<\/strong><\/li>\n<\/ul>\n<p>Stanje u Bosni i Hercegovini je lo\u0161e. Vidim zemlju koja ostaje prazna, bez svog najva\u017enijeg resursa, bez mladih. U zemlji je ovladao aparthejd. Vidim zemlju koja je prodana ekonomskim grupacijama, zemlju koja je centar novog hladnog rata koji se vodi izme\u0111u SAD-a i Rusije, zemlju bez zajedni\u010dke memorije, bez zajedni\u010dke historije, \u010dak bez zajedni\u010dkog jezika. Ostalo je malo vremena da se u Bosni i Hercegovini to\u010dak okrene. Narod ne mo\u017ee, ili barem ne bi trebao, vi\u0161e tolerisati da se zarad interesa neko igra njegovom sudbinom.<\/p>\n<p>Ovakvo o\u010dajno stanje dodatno ote\u017eava i la\u017eni o\u010dinski stav Evropske zajednice, koja\u00a0 nema pravu i pravednu politiku prema Bosni i Hercegovini i koja ju je zanemarila, ovaj put jer je zaokupljena prilivom hiljada unesre\u0107enih migranata. Imate prelijepu zemlju i njenu budu\u0107nost morate uzeti u svoje ruke. Bojim se da \u0107e to biti mogu\u0107e samo onda kada civilno dru\u0161tvo kona\u010dno uspije obrazovati zdravu bosanskohercegova\u010dku nacionalnu politiku. Oni koji se odlu\u010de boriti za takvu Bosnu sigurno \u0107e biti izlo\u017eeni napadima i osporavanjima od strane vladaju\u0107ih elita, ali cilj iza kojeg stoje u povijest \u0107e ih upisati kao one koji su stajali na pravoj strani.<\/p>\n<p><em>Izvor: Al Jazeera<\/em><\/p>\n","protected":false},"excerpt":{"rendered":"<p>Luca Leone ro\u0111en je 1970. godine u mjestu Albano Laziale u Italiji. Ugledni je novinar, romanopisac i esejista. Diplomirao je na fakultetu politi\u010dkih nauka. Osniva\u010d je i glavni urednik izdava\u010dke ku\u0107e &#8221;Infinito edizioni&#8221;. Saradnik je i dopisnik mnogih novinskih agencija. Autor je vi\u0161e od dvadeset knjiga. Me\u0111u onima koje su publikovane za &#8221;Infinito edizioni&#8221;, s [&hellip;]<\/p>\n","protected":false},"author":59,"featured_media":12637,"comment_status":"open","ping_status":"closed","sticky":false,"template":"","format":"standard","meta":{"inline_featured_image":false,"footnotes":""},"categories":[75],"tags":[],"class_list":{"0":"post-12636","1":"post","2":"type-post","3":"status-publish","4":"format-standard","5":"has-post-thumbnail","7":"category-intervju"},"acf":[],"_links":{"self":[{"href":"https:\/\/tvsensor.com\/api\/wp\/v2\/posts\/12636","targetHints":{"allow":["GET"]}}],"collection":[{"href":"https:\/\/tvsensor.com\/api\/wp\/v2\/posts"}],"about":[{"href":"https:\/\/tvsensor.com\/api\/wp\/v2\/types\/post"}],"author":[{"embeddable":true,"href":"https:\/\/tvsensor.com\/api\/wp\/v2\/users\/59"}],"replies":[{"embeddable":true,"href":"https:\/\/tvsensor.com\/api\/wp\/v2\/comments?post=12636"}],"version-history":[{"count":1,"href":"https:\/\/tvsensor.com\/api\/wp\/v2\/posts\/12636\/revisions"}],"predecessor-version":[{"id":12638,"href":"https:\/\/tvsensor.com\/api\/wp\/v2\/posts\/12636\/revisions\/12638"}],"wp:featuredmedia":[{"embeddable":true,"href":"https:\/\/tvsensor.com\/api\/wp\/v2\/media\/12637"}],"wp:attachment":[{"href":"https:\/\/tvsensor.com\/api\/wp\/v2\/media?parent=12636"}],"wp:term":[{"taxonomy":"category","embeddable":true,"href":"https:\/\/tvsensor.com\/api\/wp\/v2\/categories?post=12636"},{"taxonomy":"post_tag","embeddable":true,"href":"https:\/\/tvsensor.com\/api\/wp\/v2\/tags?post=12636"}],"curies":[{"name":"wp","href":"https:\/\/api.w.org\/{rel}","templated":true}]}}