{"id":1263,"date":"2019-02-28T17:58:19","date_gmt":"2019-02-28T17:58:19","guid":{"rendered":"https:\/\/senzor.ba\/?p=1263"},"modified":"2024-01-15T21:49:50","modified_gmt":"2024-01-15T20:49:50","slug":"bogic-bogicevic-bih-ima-i-unutrasnje-i-vanjske-neprijatelje-bosnjaci-su-u-teskoj-situaciji-2","status":"publish","type":"post","link":"https:\/\/tvsensor.com\/clanak\/bogic-bogicevic-bih-ima-i-unutrasnje-i-vanjske-neprijatelje-bosnjaci-su-u-teskoj-situaciji-2\/","title":{"rendered":"Bogi\u0107 Bogi\u0107evi\u0107: BiH ima i unutra\u0161nje i vanjske neprijatelje, Bo\u0161njaci su u te\u0161koj situaciji"},"content":{"rendered":"\n<p>Bo\u0161njaci su napravili dobru stvar jer na Bo\u0161nja\u010dkom saboru 1993. godine nisu prihvatili bo\u0161nja\u010dku dr\u017eavu jer bi to zna\u010dilo samoubistvo za Bo\u0161njake u ovakvom okru\u017eenju. Bo\u0161njaci su, nesporno, u ovakvom okru\u017eenju u jednoj te\u0161koj situaciji i mogao bi se jo\u0161 uvijek tra\u017eiti kompromis i na unutra\u0161njem planu i kod onih koji garantuju cjelovitost BiH,&nbsp;kazao je za FTV Bogi\u0107 Bogi\u0107evi\u0107 nekada\u0161nji \u010dlan Predsjedni\u0161tva SFRJ.&nbsp;<\/p>\n\n\n\n<p>&#8211; Nemam ja dileme, ne\u0107e se ni\u0161ta dogoditi sa otcjepljenjem pojedinih dijelova BiH jer to ne mo\u017ee bez Savjeta bezbjednosti Ujedinjenih nacija. Puno su investirali bez obzira \u0161to ih sada nema jer BiH nije na listi prioriteta. Nikada niko ne mo\u017ee uni\u0161titi jedan narod i drugo narodu treba dr\u017eava. Treba raditi na tome da dr\u017eava funkcioni\u0161e. I Palestinci su narod, a vidimo kako im je bez dr\u017eave. Malo se radi na dr\u017eavi da funkcioni\u0161e, jer su se svi zatvorili u svoje nacionalne okvire i navodno brigu brinu samo o svome narodu, a malo o dr\u017eavi &#8211; smatra Bogi\u0107evi\u0107.&nbsp;<\/p>\n\n\n\n<p>Na pitanje kako komentari\u0161e odluku BH bloka (SDP, DF i Na\u0161a stranka) da ne u\u0111e u vlast kazao je kako svaka odluka ima posljedice ali da \u0107e vrijeme pokazati da li su bili upravu.&nbsp;&nbsp;<\/p>\n\n\n\n<p>&#8211;&nbsp;&nbsp;\u0160teta bi bila da se uni\u0161te multietni\u010dke partije u BiH koje postoje na ovom prostoru,&nbsp;na podru\u010dju RS-a i zapadne Hercegovine ih ni nema \u0161to je lo\u0161e.&nbsp;Ako bi se i ovdje ugasila ta iskra multietni\u010dke partije pa i SDP-a ne bi bilo dobro za budu\u0107nost BiH. Bila bi to lo\u0161a poruka. Mi ne znamo \u0161ta nas \u010deka u budu\u0107nosti, u svijetu su velika previranja u Evropi u maju dolazi desnica na vlast. Mi ne\u0107emo ove godine uop\u0161te biti predmet razgovora u Evropskoj uniji. Mi ne znamo kada se i mo\u017ee li se dogoditi neka nova Jalta, neki novi Berlinski kongres, neka nova Badenterova komisija jer je sve otvoreno &#8211; kazao je Bogi\u0107evi\u0107.&nbsp;<\/p>\n\n\n\n<p>Bogi\u0107evi\u0107 je komentirao i termine koji su u\u010destali u posljednje vrijeme na politi\u010dkoj sceni kao \u0161to &#8220;legitiman, autenti\u010dan, autenti\u010dni Srbi.&#8221;<\/p>\n\n\n\n<p>&#8211;&nbsp;Autenti\u010dni su, a to sam osjetio na svojoj ko\u017ei zadnjih 30 godina, oni koji su odani i poslu\u0161ni vo\u0111i. Prije svega vo\u0111i jer je on taj koji ocjenjuje koliko je ko veliki Srbin, Bo\u0161njak ili Hrvat. To je novi termin koji sam ovih dana \u010duo autenti\u010dni, izvorni, legitimni, pravi, sve su to gluposti koje \u0107e pro\u0107i. Moja sugestija je da poku\u0161aju svi misliti svojom glavom, ako ni\u0161ta za budu\u0107nost da sa\u010duvaju bar malo obraza i da ostave neki pozitivni trag za dobro svih ljudi i naroda.&nbsp;<\/p>\n\n\n\n<p>Bogi\u0107evi\u0107 je kazao da BiH ima i svoje unutra\u0161nje i vanjske neprijatelje i to one koji su otvoreno protiv BiH i ne kriju to.<\/p>\n\n\n\n<p>&#8211;&nbsp;&nbsp; &nbsp;Vlast u Banja Luci, ne svi naravno, Dodik to i ne krije i ka\u017ee da BiH ne mo\u017ee opstati, da smo tu nasilu, da se razmi\u0161lja o novoj dr\u017eavi. Izvana imamo i one koji, prvo na\u0161i susjedi koji nisu odustali od ideja stvaranja velike Hrvatske i velike Srbije. Naravno ne svi. Imamo tamo ljude koji misle za budu\u0107nost, misle o integracijama, misle o zajedni\u010dkom \u017eivotu, ne vra\u0107aju nas u feudalnu pro\u0161lost.<\/p>\n\n\n\n<p>Biv\u0161i \u010dlan&nbsp;Predsjedni\u0161tva SFRJ kazao je da je BiH danas nezavisna onoliko koliko je priznata u Ujedinjenim nacijama i \u010dlanica UN-a isti\u010du\u0107i da ona nije priznata od svih svojih gra\u0111ana, svojih vlasti i da se u tom smislu ne mo\u017ee govoriti o suverenitetu i nezavisnosti jedne dr\u017eave koja nastupa jedinstveno, ali ne unitarno, prema svijetu i tra\u017ee\u0107i prijatelje me\u0111u dr\u017eavama u Evropi i svijetu.<\/p>\n","protected":false},"excerpt":{"rendered":"<p>Bo\u0161njaci su napravili dobru stvar jer na Bo\u0161nja\u010dkom saboru 1993. godine nisu prihvatili bo\u0161nja\u010dku dr\u017eavu jer bi to zna\u010dilo samoubistvo za Bo\u0161njake u ovakvom okru\u017eenju. Bo\u0161njaci su, nesporno, u ovakvom okru\u017eenju u jednoj te\u0161koj situaciji i mogao bi se jo\u0161 uvijek tra\u017eiti kompromis i na unutra\u0161njem planu i kod onih koji garantuju cjelovitost BiH,&nbsp;kazao je [&hellip;]<\/p>\n","protected":false},"author":59,"featured_media":1264,"comment_status":"open","ping_status":"closed","sticky":false,"template":"","format":"standard","meta":{"inline_featured_image":false,"footnotes":""},"categories":[37,38],"tags":[],"class_list":{"0":"post-1263","1":"post","2":"type-post","3":"status-publish","4":"format-standard","5":"has-post-thumbnail","7":"category-vijesti","8":"category-vijesti-iz-bih"},"acf":[],"_links":{"self":[{"href":"https:\/\/tvsensor.com\/api\/wp\/v2\/posts\/1263","targetHints":{"allow":["GET"]}}],"collection":[{"href":"https:\/\/tvsensor.com\/api\/wp\/v2\/posts"}],"about":[{"href":"https:\/\/tvsensor.com\/api\/wp\/v2\/types\/post"}],"author":[{"embeddable":true,"href":"https:\/\/tvsensor.com\/api\/wp\/v2\/users\/59"}],"replies":[{"embeddable":true,"href":"https:\/\/tvsensor.com\/api\/wp\/v2\/comments?post=1263"}],"version-history":[{"count":1,"href":"https:\/\/tvsensor.com\/api\/wp\/v2\/posts\/1263\/revisions"}],"predecessor-version":[{"id":1265,"href":"https:\/\/tvsensor.com\/api\/wp\/v2\/posts\/1263\/revisions\/1265"}],"wp:featuredmedia":[{"embeddable":true,"href":"https:\/\/tvsensor.com\/api\/wp\/v2\/media\/1264"}],"wp:attachment":[{"href":"https:\/\/tvsensor.com\/api\/wp\/v2\/media?parent=1263"}],"wp:term":[{"taxonomy":"category","embeddable":true,"href":"https:\/\/tvsensor.com\/api\/wp\/v2\/categories?post=1263"},{"taxonomy":"post_tag","embeddable":true,"href":"https:\/\/tvsensor.com\/api\/wp\/v2\/tags?post=1263"}],"curies":[{"name":"wp","href":"https:\/\/api.w.org\/{rel}","templated":true}]}}