{"id":12622,"date":"2019-09-07T11:56:35","date_gmt":"2019-09-07T11:56:35","guid":{"rendered":"https:\/\/senzor.ba\/?p=12622"},"modified":"2024-01-15T21:45:50","modified_gmt":"2024-01-15T20:45:50","slug":"nedzad-husic-osvojio-bronzanu-medalju-na-evropskom-prvenstvu-za-mlade-seniore","status":"publish","type":"post","link":"https:\/\/tvsensor.com\/clanak\/nedzad-husic-osvojio-bronzanu-medalju-na-evropskom-prvenstvu-za-mlade-seniore\/","title":{"rendered":"Ned\u017ead Husi\u0107 osvojio bronzanu medalju na Evropskom prvenstvu za mla\u0111e seniore"},"content":{"rendered":"<div class=\"single-intro\">\u010clan taekwondo kluba Novi Grad Sarajevo 17.godi\u0161nji Ned\u017ead Husi\u0107, je na Evropskom prvenstvu za mla\u0111e seniore, u \u0161vedskom Helsinborgu, u kategoriji do 68 kg osvojio bronzanu medalju i time ostvario historijski taekwondo rezultat za Bosnu i Hercegovinu.<\/div>\n<div class=\"single-text\">\n<p>Evropsko prvenstvo se odr\u017eava od 4. do 8. septembra, a bh.selekciju predstavlja 13 takmi\u010dara koje vodi trener reprezentacije Haris Husi\u0107. Devet\u00a0 takmi\u010dara su \u010dlanovi taekwondo kluba Novi Grad Sarajevo. Na takmi\u010denju je i jedan od najboljih evropskih sudaca Belmir Berberovi\u0107.<\/p>\n<p>Uz Ned\u017eada, kvalitetan nastup imao je i Sadmir Habibovi\u0107, tako\u0111e \u010dlan Novog Grada, koji je u kategoriji do 63 kg, zaustavljen u borbi za medalju te se tako plasirao na 5. poziciju.<\/p>\n<p>Ostali takmi\u010dari, David Maru\u0161i\u0107, Ajna Maka\u0161, Ajla Reizbegovi\u0107, Kerim Omerbegovi\u0107, Katarina Krai\u0161nik (Novi Grad Sarajevo), Matej Orlovi\u0107 (Magone), Milica Karanovi\u0107 (Derventa) su savladani u prvom kolu borbi, a donastupe \u0107e imati jo\u0161 Ali Ra\u0161idagi\u0107, Edna Abaspahi\u0107 (Novi Grad Sarajevo), Dora Maru\u0161i\u0107 (Mladost) i \u017diko Simeunovi\u0107 (Sokol), saop\u0107eno je iz taekwondo kluba Novi Grad Sarajevo.<\/p>\n<p>Trener i otac Ned\u017eada Husi\u0107a, Haris Husi\u0107 smatra da se uz dosljedan rad, mogu postizati vrhunski rezultati, te isti\u010de da uz ostale trofeje- bronzanu medalju sa svjetskog juniorskog prvenstva, bronzanu medalju sa Evropskog prvenstva, te plasman me\u0111u osam najboljih seniora svijeta, Ned\u017ead je zasigurno jedan od najkvalitetnijih i najuspje\u0161nijih sporta\u0161a u dr\u017eavi.<\/p>\n<p>&#8211; Sve je to\u00a0 rezultat detaljno planiranog programa treninga i nastupa na takmi\u010denjima, te pomo\u0107i prije svega kluba i taekwondo Saveza,\u00a0 op\u0107inskih, kantonalnih, federalnih i dr\u017eavnih institucija, kao i medija\u00a0 koji redovito stoje iza na\u0161ih rezultata, te se ovom prilikom svima zahvaljujemo \u2013 izjavio je Haris Husi\u0107.<\/p>\n<\/div>\n","protected":false},"excerpt":{"rendered":"<p>\u010clan taekwondo kluba Novi Grad Sarajevo 17.godi\u0161nji Ned\u017ead Husi\u0107, je na Evropskom prvenstvu za mla\u0111e seniore, u \u0161vedskom Helsinborgu, u kategoriji do 68 kg osvojio bronzanu medalju i time ostvario historijski taekwondo rezultat za Bosnu i Hercegovinu. Evropsko prvenstvo se odr\u017eava od 4. do 8. septembra, a bh.selekciju predstavlja 13 takmi\u010dara koje vodi trener reprezentacije [&hellip;]<\/p>\n","protected":false},"author":59,"featured_media":12623,"comment_status":"open","ping_status":"closed","sticky":false,"template":"","format":"standard","meta":{"inline_featured_image":false,"footnotes":""},"categories":[64],"tags":[],"class_list":{"0":"post-12622","1":"post","2":"type-post","3":"status-publish","4":"format-standard","5":"has-post-thumbnail","7":"category-ostalo"},"acf":[],"_links":{"self":[{"href":"https:\/\/tvsensor.com\/api\/wp\/v2\/posts\/12622","targetHints":{"allow":["GET"]}}],"collection":[{"href":"https:\/\/tvsensor.com\/api\/wp\/v2\/posts"}],"about":[{"href":"https:\/\/tvsensor.com\/api\/wp\/v2\/types\/post"}],"author":[{"embeddable":true,"href":"https:\/\/tvsensor.com\/api\/wp\/v2\/users\/59"}],"replies":[{"embeddable":true,"href":"https:\/\/tvsensor.com\/api\/wp\/v2\/comments?post=12622"}],"version-history":[{"count":1,"href":"https:\/\/tvsensor.com\/api\/wp\/v2\/posts\/12622\/revisions"}],"predecessor-version":[{"id":12624,"href":"https:\/\/tvsensor.com\/api\/wp\/v2\/posts\/12622\/revisions\/12624"}],"wp:featuredmedia":[{"embeddable":true,"href":"https:\/\/tvsensor.com\/api\/wp\/v2\/media\/12623"}],"wp:attachment":[{"href":"https:\/\/tvsensor.com\/api\/wp\/v2\/media?parent=12622"}],"wp:term":[{"taxonomy":"category","embeddable":true,"href":"https:\/\/tvsensor.com\/api\/wp\/v2\/categories?post=12622"},{"taxonomy":"post_tag","embeddable":true,"href":"https:\/\/tvsensor.com\/api\/wp\/v2\/tags?post=12622"}],"curies":[{"name":"wp","href":"https:\/\/api.w.org\/{rel}","templated":true}]}}