{"id":12619,"date":"2019-09-07T11:51:52","date_gmt":"2019-09-07T11:51:52","guid":{"rendered":"https:\/\/senzor.ba\/?p=12619"},"modified":"2024-01-15T21:45:50","modified_gmt":"2024-01-15T20:45:50","slug":"ljepote-bih-konjic-trnovo-i-hadzici-park-prirode-na-24-000-hektara-mostarski-ba","status":"publish","type":"post","link":"https:\/\/tvsensor.com\/clanak\/ljepote-bih-konjic-trnovo-i-hadzici-park-prirode-na-24-000-hektara-mostarski-ba\/","title":{"rendered":"Ljepote BiH &#8211; Konjic, Trnovo i Had\u017ei\u0107i: Park prirode na 24.000 hektara &#8211; Mostarski.ba"},"content":{"rendered":"<p>Na ukupnom prostoru od 24.000 hektara uskoro bi trebao biti uspostavljen park prirode, odnosno za\u0161ti\u0107eno podru\u010dje Bjela\u0161nica \u2013 Treskavica \u2013 Viso\u010dica \u2013 Kanjon Rakitnice. Park prirode, koji \u0107e zasigurno biti mjesto odmora za du\u0161u ljubitelja prirodnih ljepota iz cijele Bosne i Hercegovine, regiona, pa i svijeta, nalazit \u0107e se na prostoru koji obuhvata teritorije tri op\u0107ine, i to Konjica, Trnova i Had\u017ei\u0107a.<\/p>\n<p>Uz pomo\u0107 Federalnog ministarstva okoli\u0161a i turizma, te podr\u0161ku Programa Ujedinjenih nacija za okoli\u0161 (UNEP), proteklih mjeseci odr\u017eano je niz konsultacija sa predstavnicima navedene tri op\u0107ine. Konsultacije su rezultirale dogovorom o kona\u010dnom obuhvatu budu\u0107eg za\u0161ti\u0107enog podru\u010dja Bjela\u0161nica \u2013 Viso\u010dica \u2013 Treskavica \u2013 Kanjon Rakitnice, koje bi nakon provo\u0111enja zakonske procedure progla\u0161enja za\u0161tite obuhvatalo blizu 10.000 hektara na podru\u010dju op\u0107ine Konjic, oko 9.200 hektara na podru\u010dju op\u0107ine Trnovo, te oko 4.600 hektara na podru\u010dju op\u0107ine Had\u017ei\u0107i.<\/p>\n<p>Preliminarno je utvr\u0111eno i da bi ovom prostoru trebala biti dodijeljena tre\u0107a kategorija za\u0161tite \u2013 park prirode. Prema Zakonu o za\u0161titi prirode FBiH (\u201cSl. novine FBiH\u201d, broj: 66\/13), park prirode je prostrano prirodno ili dijelom kultivirano podru\u010dje kopna i\/ili mora i s nagla\u0161enim pejza\u017enim, odgojno-obrazovnim, kulturno-historijskim i turisti\u010dko-rekreacijskim vrijednostima.<\/p>\n<p><img loading=\"lazy\" decoding=\"async\" class=\"alignnone size-medium\" src=\"https:\/\/mostarski.ba\/wp-content\/uploads\/2019\/09\/park-prirode3.jpg\" width=\"500\" height=\"375\" \/><\/p>\n<p>U parku prirode dopu\u0161tene su privredne i druge djelatnosti i radnje kojima se ne ugro\u017eavaju njegove bitne odlike i uloga. U lokanim zajednicama koje se nalaze na prostoru koje \u0107e obuhvatiti park prirode smatraju kako je iznimno va\u017eno da je kona\u010dno utvr\u0111ena granica za\u0161ti\u0107enog podru\u010dja, \u0161to je bio veliki kamen spoticanja u prethodnom periodu.<\/p>\n<p>Federalno ministarstvo okoli\u0161a i turizma, osim prostora obuhvata, zajedno sa lokalnim zajednicama je usuglasilo i sve elemente budu\u0107eg za\u0161ti\u0107enog prostora na podru\u010dju op\u0107ina Konjic, Trnovo i Had\u017ei\u0107i. Ministarstvo \u0107e, tako\u0111er, utvrditi stepen za\u0161tite na osnovu izrade studije o vrednovanju prostora, a na\u010din upravljanja i kori\u0161tenja prostora bit \u0107e reguliran posebnim zakonom.<\/p>\n<p>Park prirode povr\u0161inom najvi\u0161e obuhvata podru\u010dje teritorije Konjica, od \u010duvenog sela Lukomir, koji pripada toj op\u0107ini, preko najvi\u0161eg vrha Viso\u010dice (D\u017eamija, 1967 metara) i planinskih sela, pa sve gotovo do u\u0161\u0107a rijeke Raktinice u Neretetvu. \u0160to se ti\u010de op\u0107ine Had\u017ei\u0107i, kako je obja\u0161njeno, bit \u0107e za\u0161ti\u0107eno podru\u010dje od vrha Bjela\u0161nice preko Krvavca do Opan\u010daka, odnosno pribli\u017eno 45 kvadratnih kilometra teritorije, \u0161to je, smatraju u toj lokalnoj zajednici, u posebnom interesu za\u0161tite ovih podru\u010dja.<\/p>\n<p><img decoding=\"async\" src=\"https:\/\/mostarski.ba\/wp-content\/uploads\/2019\/09\/park-prirode1.jpg\" \/><\/p>\n<p>Zanimljivo je da \u0107e u slu\u010daju Trnova \u010dak jedna \u010detvrtina prostora ukupne povr\u0161ine op\u0107ine u\u0107i u obuhvat za\u0161ti\u0107enog podru\u010dja, \u0161to dosta govori o opredijeljenosti te lokalne zajednice da \u0161titi svoje prirodne ljepote. Kona\u010dno je ura\u0111eno razgrani\u010denje izme\u0111u za\u0161ti\u0107enih prostora i prostora koji \u0107e slu\u017eiti ostalim namjenama i potrebama razvoja tih prostora.<\/p>\n<p>Iako jedna \u010detvrtina povr\u0161ine op\u0107ine ulazi u prostor posebnog re\u017eima za\u0161tite, u Trnovu se nadaju da \u0107e i ovi prostori dati dodatni poticaj razvoju, saop\u0107io je Press Centar za promociju olimpijskih planina.<\/p>\n<p><img decoding=\"async\" src=\"https:\/\/mostarski.ba\/wp-content\/uploads\/2019\/09\/park-prirode-karta-zasticenog-podrucja.jpg\" \/><\/p>\n<p>(Mostarski.ba)<\/p>\n","protected":false},"excerpt":{"rendered":"<p>Na ukupnom prostoru od 24.000 hektara uskoro bi trebao biti uspostavljen park prirode, odnosno za\u0161ti\u0107eno podru\u010dje Bjela\u0161nica \u2013 Treskavica \u2013 Viso\u010dica \u2013 Kanjon Rakitnice. Park prirode, koji \u0107e zasigurno biti mjesto odmora za du\u0161u ljubitelja prirodnih ljepota iz cijele Bosne i Hercegovine, regiona, pa i svijeta, nalazit \u0107e se na prostoru koji obuhvata teritorije tri [&hellip;]<\/p>\n","protected":false},"author":59,"featured_media":12620,"comment_status":"open","ping_status":"closed","sticky":false,"template":"","format":"standard","meta":{"inline_featured_image":false,"footnotes":""},"categories":[68],"tags":[],"class_list":{"0":"post-12619","1":"post","2":"type-post","3":"status-publish","4":"format-standard","5":"has-post-thumbnail","7":"category-ljepote-bih"},"acf":[],"_links":{"self":[{"href":"https:\/\/tvsensor.com\/api\/wp\/v2\/posts\/12619","targetHints":{"allow":["GET"]}}],"collection":[{"href":"https:\/\/tvsensor.com\/api\/wp\/v2\/posts"}],"about":[{"href":"https:\/\/tvsensor.com\/api\/wp\/v2\/types\/post"}],"author":[{"embeddable":true,"href":"https:\/\/tvsensor.com\/api\/wp\/v2\/users\/59"}],"replies":[{"embeddable":true,"href":"https:\/\/tvsensor.com\/api\/wp\/v2\/comments?post=12619"}],"version-history":[{"count":1,"href":"https:\/\/tvsensor.com\/api\/wp\/v2\/posts\/12619\/revisions"}],"predecessor-version":[{"id":12621,"href":"https:\/\/tvsensor.com\/api\/wp\/v2\/posts\/12619\/revisions\/12621"}],"wp:featuredmedia":[{"embeddable":true,"href":"https:\/\/tvsensor.com\/api\/wp\/v2\/media\/12620"}],"wp:attachment":[{"href":"https:\/\/tvsensor.com\/api\/wp\/v2\/media?parent=12619"}],"wp:term":[{"taxonomy":"category","embeddable":true,"href":"https:\/\/tvsensor.com\/api\/wp\/v2\/categories?post=12619"},{"taxonomy":"post_tag","embeddable":true,"href":"https:\/\/tvsensor.com\/api\/wp\/v2\/tags?post=12619"}],"curies":[{"name":"wp","href":"https:\/\/api.w.org\/{rel}","templated":true}]}}