{"id":12608,"date":"2019-09-06T12:22:46","date_gmt":"2019-09-06T12:22:46","guid":{"rendered":"https:\/\/senzor.ba\/?p=12608"},"modified":"2024-01-15T21:45:50","modified_gmt":"2024-01-15T20:45:50","slug":"ovaj-it-strucnjak-i-youtuber-kroz-humor-ljudima-predstavlja-bih","status":"publish","type":"post","link":"https:\/\/tvsensor.com\/clanak\/ovaj-it-strucnjak-i-youtuber-kroz-humor-ljudima-predstavlja-bih\/","title":{"rendered":"Ovaj IT stru\u010dnjak i YouTuber kroz humor ljudima predstavlja BiH"},"content":{"rendered":"<p>Dino Karaji\u0107 je dvadesettrogodi\u0161nji poduzetnik i YouTuber koji se aktivno bavi razli\u010ditim projektima u Holandiji. Dino je iz Velike Kladu\u0161e i ve\u0107 \u0161est godina vlasnik je YouTube kanala <a href=\"https:\/\/www.youtube.com\/channel\/UC7pc8NmzzxUGtUPrWgPXFZg\" target=\"_blank\" rel=\"noopener noreferrer\"><strong>MRslavic<\/strong><\/a>. Pored toga, radi kao digitalni strateg u Western Balkans Business Groupu, projekt-menad\u017eer IT u jednoj kompaniji i ima svoju firmu, gdje radi kao IT savjetnik za razli\u010dite firme.<\/p>\n<p><strong>Ulaganja na Balkanu<\/strong><\/p>\n<p>Videoklipovi na njegovom YouTube kanalu pregledani su gotovo tri miliona puta, a za MojaBiH otkrio je i za\u0161to se po\u010deo baviti ovim hobijem.<\/p>\n<p>&#8211; Moja \u017eelja je pretvoriti negativnu sliku Evropljana o BiH u pozitivniju, koriste\u0107i se komedijom. Kroz humor poku\u0161avam objasniti situaciju u BiH ljudima koji ne poznaju na\u0161u zemlju, s obzirom na to da je dosta komplikovana. Reakcije ljudi su uglavnom pozitivne, pri\u010da nam.<\/p>\n<div class=\"Article-centralEmbed\">\n<div class=\"Article-imageEmbed\"><img decoding=\"async\" src=\"https:\/\/mbapi.oslobodjenje.ba\/storage\/images\/3ac8\/7505\/3505\/Photo_Dino__1_.jpg\" alt=\"image\" \/><\/div>\n<\/div>\n<p>Mladi koji razmi\u0161ljaju kao Dino i prepoznaju sebe u stvarima koje on govori uglavnom ga podr\u017eavaju.<\/p>\n<p>&#8211; Strancima se svi\u0111a kada nai\u0111u na stvari koje su nekad vidjeli ili \u010duli od svojih prijatelja iz Bosne ili kad nau\u010de ne\u0161to novo o na\u0161oj dr\u017eavi. Izazivanje pozitivnih reakcija i pokretanje razgovora o BiH na\u010dini su na koje poku\u0161avam pomo\u0107i svojoj zemlji, poja\u0161njava Dino.<\/p>\n<div class=\"article hasRelatedCard hasRelatedImg hasRelatedCardBody hasRelatedHeader\">\n<div class=\"card\">\n<div class=\"small-article-img\">Ostatak njegovih aktivnosti kao poduzetnika nastavak je onoga \u0161to poku\u0161ava u\u010diniti preko YouTubea &#8211; pomo\u0107i ljudima u BiH iz Holandije. Kao primjer toga navodi rad za WBBG.<\/div>\n<\/div>\n<\/div>\n<p>&#8211; U WBBG aktivno dovodimo poslovanje iz drugih dijelova svijeta na zapadni Balkan, a samim tim i u BiH. Na strukturalni, skalabilan i odr\u017eiv na\u010din i obrnuto. To radimo u me\u0111unarodnom timu ljudi iz Holandije koji imaju iskustva sa projektima na podru\u010dju Balkana, a pored toga imaju porijeklo iz biv\u0161e SFRJ. Moja uloga je da dalje razvijam WBBG kao digitalnu platformu i unaprijedim internetsku strategiju. Naprimjer, WBBG ve\u0107 ima sna\u017eno prisustvo na mre\u017ei, ali uvijek tra\u017eimo nove metode da to pobolj\u0161amo. Trenutno radim na razvoju nove platforme za trgovanje preko online platforme za preduze\u0107a sa zapadnog Balkana koja mogu svoje usluge i robu ponuditi Evropi putem te platforme, a ona \u0107e uskoro putem WBBG-a biti na mre\u017ei, isti\u010de Karaji\u0107.<\/p>\n<div class=\"Article-centralEmbed\">\n<div class=\"Article-imageEmbed\"><img decoding=\"async\" src=\"https:\/\/mbapi.oslobodjenje.ba\/storage\/images\/3ac8\/7505\/3506\/WhatsApp_Image_2019-05-28_at_18.06.42__1_.jpg\" alt=\"image\" \/><\/div>\n<div class=\"Article-imageSource\"><\/div>\n<\/div>\n<p>Motivaciju u ja\u010danju veze izme\u0111u BiH i dijaspore pronalazi u neiskori\u0161tenim mogu\u0107nostima na\u0161e zemlje.<\/p>\n<p>&#8211; Gledam kako mladi odlaze iz na\u0161e dr\u017eave i to me jako boli. Mnogo vremena sam proveo u BiH i do\u017eivio na\u0161u dr\u017eavu na razli\u010dite na\u010dine &#8211; sa parama i bez njih, u Velikoj Kladu\u0161i pa i u Sarajevu, govori Dino i dodaje da mladima u BiH nedostaje uvid u mogu\u0107nosti koje postoje u digitalnom polju.<\/p>\n<p>Potrebno je da mladi u BiH dobiju priliku razviti ono \u0161to im internet nudi, \u201cdok nisu svi upali u mentalni tunel negative gdje ni\u0161ta nije mogu\u0107e\u201d. U dijaspori je mnogo onih koji se bore za svoju domovinu, a Dino ima savjet za one koji to ne rade.<\/p>\n<div class=\"article hasRelatedCard hasRelatedImg hasRelatedCardBody hasRelatedHeader\">\n<div class=\"card\"><\/div>\n<\/div>\n<p>&#8211; Ukoliko postoji na\u010din da znanje koje ste stekli u inostranstvu iskoristite za pobolj\u0161anje prilika BiH i prenesete ga ljudima u BiH, u\u010dinite to! Na ovaj na\u010din mla\u0111a generacija mo\u017ee nau\u010diti nove stvari i to je ne\u0161to \u0161to ja kao poduzetnik \u017eelim posti\u0107i, nagla\u0161ava Dino.<\/p>\n<p><strong>Pozitivna slika<\/strong><\/p>\n<p>Holan\u0111ani su, pri\u010da Dino, neinformisani, ne znaju puno o nama osim da je ovdje ne tako davno bio rat. Njega, recimo, ljudi jo\u0161 pitaju da li je sigurno oti\u0107i na odmor u BiH. To je motivacija za snimanje YouTube klipova, da poka\u017ee kako na\u0161a dr\u017eava ima prelijepu prirodu i kulturu.<\/p>\n<div class=\"article hasRelatedCard hasRelatedImg hasRelatedCardBody hasRelatedHeader\">\n<div class=\"card\"><\/div>\n<\/div>\n<p>Vjeruje da \u0107e mla\u0111e generacije mijenjati budu\u0107nost i da \u0107e, samim tim, slika o BiH biti pozitivnija.<br \/>\nNada se da \u0107e u budu\u0107nosti pokrenuti kompaniju u BiH, pomo\u0107i mladim ljudima da rade po evropskom standardu i dobiju priznanje koje zaslu\u017euju.<\/p>\n<p>MojaBiH<\/p>\n","protected":false},"excerpt":{"rendered":"<p>Dino Karaji\u0107 je dvadesettrogodi\u0161nji poduzetnik i YouTuber koji se aktivno bavi razli\u010ditim projektima u Holandiji. Dino je iz Velike Kladu\u0161e i ve\u0107 \u0161est godina vlasnik je YouTube kanala MRslavic. Pored toga, radi kao digitalni strateg u Western Balkans Business Groupu, projekt-menad\u017eer IT u jednoj kompaniji i ima svoju firmu, gdje radi kao IT savjetnik za [&hellip;]<\/p>\n","protected":false},"author":59,"featured_media":12609,"comment_status":"open","ping_status":"closed","sticky":false,"template":"","format":"standard","meta":{"inline_featured_image":false,"footnotes":""},"categories":[39],"tags":[],"class_list":{"0":"post-12608","1":"post","2":"type-post","3":"status-publish","4":"format-standard","5":"has-post-thumbnail","7":"category-dijaspora"},"acf":[],"_links":{"self":[{"href":"https:\/\/tvsensor.com\/api\/wp\/v2\/posts\/12608","targetHints":{"allow":["GET"]}}],"collection":[{"href":"https:\/\/tvsensor.com\/api\/wp\/v2\/posts"}],"about":[{"href":"https:\/\/tvsensor.com\/api\/wp\/v2\/types\/post"}],"author":[{"embeddable":true,"href":"https:\/\/tvsensor.com\/api\/wp\/v2\/users\/59"}],"replies":[{"embeddable":true,"href":"https:\/\/tvsensor.com\/api\/wp\/v2\/comments?post=12608"}],"version-history":[{"count":3,"href":"https:\/\/tvsensor.com\/api\/wp\/v2\/posts\/12608\/revisions"}],"predecessor-version":[{"id":12612,"href":"https:\/\/tvsensor.com\/api\/wp\/v2\/posts\/12608\/revisions\/12612"}],"wp:featuredmedia":[{"embeddable":true,"href":"https:\/\/tvsensor.com\/api\/wp\/v2\/media\/12609"}],"wp:attachment":[{"href":"https:\/\/tvsensor.com\/api\/wp\/v2\/media?parent=12608"}],"wp:term":[{"taxonomy":"category","embeddable":true,"href":"https:\/\/tvsensor.com\/api\/wp\/v2\/categories?post=12608"},{"taxonomy":"post_tag","embeddable":true,"href":"https:\/\/tvsensor.com\/api\/wp\/v2\/tags?post=12608"}],"curies":[{"name":"wp","href":"https:\/\/api.w.org\/{rel}","templated":true}]}}