{"id":12602,"date":"2019-09-06T12:13:12","date_gmt":"2019-09-06T12:13:12","guid":{"rendered":"https:\/\/senzor.ba\/?p=12602"},"modified":"2024-01-15T21:45:50","modified_gmt":"2024-01-15T20:45:50","slug":"u-sarajevu-osvanule-fotografije-protiv-bh-povorke-ponosa-sa-slikom-erica-nelsona","status":"publish","type":"post","link":"https:\/\/tvsensor.com\/clanak\/u-sarajevu-osvanule-fotografije-protiv-bh-povorke-ponosa-sa-slikom-erica-nelsona\/","title":{"rendered":"U Sarajevu osvanule fotografije protiv Bh. povorke ponosa sa slikom Erica Nelsona"},"content":{"rendered":"<p>Ameri\u010dki ambasador u BiH Eric Nelson izjavio je nedavno da podr\u017eava Bh. povorku ponosa koja je najavljena u Sarajevu za nedjelju, 8. septembra, te pozvao gra\u0111ane da podr\u017ee u\u010desnike tog skupa<\/p>\n<p>Na nekoliko lokacija u Sarajevu osvanule su fotografije protiv predstoje\u0107e Povorke na kojima je na\u0161minkan ameri\u010dki ambasador u BiH Eric Nelson, uz natpis \u201cGay is not ok\u201d i zastavu duginih boja, prenosi\u00a0<a href=\"https:\/\/www.atvbl.com\/vijesti\/bih\/fotografije-protiv-gej-parade-sa-slikom-erika-nelsona-6-9-2019?fbclid=IwAR3ieyqh8JSXxcqPGTdsi6LU82wJjydHtUUDx078aoAbvl5SNjGrgwDQJ4c\" target=\"_blank\" rel=\"noopener noreferrer\">ATV<\/a>.<\/p>\n<div class=\"Article-centralEmbed\">\n<div class=\"Article-imageEmbed\"><img loading=\"lazy\" decoding=\"async\" class=\"lazyloaded\" src=\"https:\/\/cdn.oslobodjenje.ba\/images\/slike\/2019\/09\/06\/3889637.jpg\" alt=\"image\" width=\"620\" height=\"350\" data-lazy-src=\"https:\/\/cdn.oslobodjenje.ba\/images\/slike\/2019\/09\/06\/3889637.jpg\" data-was-processed=\"true\" \/><\/div>\n<\/div>\n<p>Fotografije su sino\u0107 postavljene preko puta Ambasade SAD u BiH kod \u201cImportane centra\u201d, zatim na Dobrinji, gdje je planirana izgradnja trga bosansko-ameri\u010dkog prijateljstva, ispred Ameri\u010dkog univerziteta, po ulicama.<\/p>\n<div class=\"Article-centralEmbed\">\n<div class=\"Article-imageEmbed\"><img loading=\"lazy\" decoding=\"async\" class=\"lazyloaded\" src=\"https:\/\/cdn.oslobodjenje.ba\/images\/slike\/2019\/09\/06\/3889638.jpg\" alt=\"image\" width=\"620\" height=\"350\" data-lazy-src=\"https:\/\/cdn.oslobodjenje.ba\/images\/slike\/2019\/09\/06\/3889638.jpg\" data-was-processed=\"true\" \/><\/div>\n<\/div>\n<p>Mediji su pred dolazak Nelsona na poziciju ambasadora u BiH pisali da se on deklari\u0161e kao gej, da dolazi sa partnerom i da je osniva\u010d GLIFAA, svojevrsne organizacije za za\u0161titu prava LGBT ameri\u010dkih dr\u017eavnih slu\u017ebenika.<\/p>\n","protected":false},"excerpt":{"rendered":"<p>Ameri\u010dki ambasador u BiH Eric Nelson izjavio je nedavno da podr\u017eava Bh. povorku ponosa koja je najavljena u Sarajevu za nedjelju, 8. septembra, te pozvao gra\u0111ane da podr\u017ee u\u010desnike tog skupa Na nekoliko lokacija u Sarajevu osvanule su fotografije protiv predstoje\u0107e Povorke na kojima je na\u0161minkan ameri\u010dki ambasador u BiH Eric Nelson, uz natpis \u201cGay [&hellip;]<\/p>\n","protected":false},"author":59,"featured_media":12603,"comment_status":"open","ping_status":"closed","sticky":false,"template":"","format":"standard","meta":{"inline_featured_image":false,"footnotes":""},"categories":[38],"tags":[],"class_list":{"0":"post-12602","1":"post","2":"type-post","3":"status-publish","4":"format-standard","5":"has-post-thumbnail","7":"category-vijesti-iz-bih"},"acf":[],"_links":{"self":[{"href":"https:\/\/tvsensor.com\/api\/wp\/v2\/posts\/12602","targetHints":{"allow":["GET"]}}],"collection":[{"href":"https:\/\/tvsensor.com\/api\/wp\/v2\/posts"}],"about":[{"href":"https:\/\/tvsensor.com\/api\/wp\/v2\/types\/post"}],"author":[{"embeddable":true,"href":"https:\/\/tvsensor.com\/api\/wp\/v2\/users\/59"}],"replies":[{"embeddable":true,"href":"https:\/\/tvsensor.com\/api\/wp\/v2\/comments?post=12602"}],"version-history":[{"count":1,"href":"https:\/\/tvsensor.com\/api\/wp\/v2\/posts\/12602\/revisions"}],"predecessor-version":[{"id":12604,"href":"https:\/\/tvsensor.com\/api\/wp\/v2\/posts\/12602\/revisions\/12604"}],"wp:featuredmedia":[{"embeddable":true,"href":"https:\/\/tvsensor.com\/api\/wp\/v2\/media\/12603"}],"wp:attachment":[{"href":"https:\/\/tvsensor.com\/api\/wp\/v2\/media?parent=12602"}],"wp:term":[{"taxonomy":"category","embeddable":true,"href":"https:\/\/tvsensor.com\/api\/wp\/v2\/categories?post=12602"},{"taxonomy":"post_tag","embeddable":true,"href":"https:\/\/tvsensor.com\/api\/wp\/v2\/tags?post=12602"}],"curies":[{"name":"wp","href":"https:\/\/api.w.org\/{rel}","templated":true}]}}