{"id":12584,"date":"2019-09-05T12:51:27","date_gmt":"2019-09-05T12:51:27","guid":{"rendered":"https:\/\/senzor.ba\/?p=12584"},"modified":"2024-01-15T21:45:51","modified_gmt":"2024-01-15T20:45:51","slug":"svjetski-izlagaci-prezentacije-umrezavanje-i-digitalizacija-sajma","status":"publish","type":"post","link":"https:\/\/tvsensor.com\/clanak\/svjetski-izlagaci-prezentacije-umrezavanje-i-digitalizacija-sajma\/","title":{"rendered":"Svjetski izlaga\u010di, prezentacije, umre\u017eavanje i digitalizacija sajma"},"content":{"rendered":"<p>Organizatori prvog Me\u0111unarodnog sajma ekologije EKOBIS u Biha\u0107u 2002 godine, Rukovodstvo Privredne komore USK nije moglo naslutiti da \u0107e taj doga\u0111aj 17. godina kasnije postati jedan od najzna\u010dajnijih sajmova te tematike na podru\u010dju jugoisto\u010dne Evrope.<\/p>\n<p>Ove godine, EKOBIS sedamnaesti put je centar promocije odr\u017eivog razvoja i zdravog na\u010dina \u017eivljenja kori\u0161tenjem ekolo\u0161ki prihvatljivih proizvoda, \u0161to rezultira kreiranjem pozitivnog poslovnog ambijenta, kroz visoke usluge poslovnog umre\u017eavanja izlaga\u010da i posjetitelja.<\/p>\n<p>U proteklim godinama na EKOBIS-u se prezentiralo 3100 izlaga\u010da iz 18 zemalja, a sajam posjetilo preko 215.000 posjetilaca. Pored ponude izlaga\u010da, organizatori sa svojim partnerima su se pobrinuli da i ove godine ponude kvalitetan prate\u0107i sadr\u017eaj kao \u0161to je prezentacija usluga Europske Preduzetni\u010dke Mre\u017ee (EEN), Me\u0111unarodna konferencija o regionalnoj suradnji \u201eCirkularna ekonomija\u201c , prezentaciju projekta Think Nature!, prezentaciju projektnih aktivnosti SAVA TIES Interreg DTP &#8220;O\u010duvanje stani\u0161ta, utjecaj i upravljanje invazivnim vrstama&#8221; kao i drugi razni poslovno \u2013 edukativni sadr\u017eaji.<\/p>\n<p><strong>Regija partner <\/strong>ovogodi\u0161njeg izdanja EKOBIS-a je turska regija <strong>Kocaeli<\/strong>. Brojni privrednici \u0107e svoje proizvode i usluge prezentirati na posebno ure\u0111enom izlo\u017ebenom prostoru, a organizirat \u0107e se i poslovni razgovori sa doma\u0107im privrednicima.<\/p>\n<p><a href=\"https:\/\/test.bizbook.ba\/?fbclid=IwAR0PU_MlSO5RX0ccvbKmibw9nygnfkbxDho8o67r3DOeT3eb6gff1iRFMT8\"><img loading=\"lazy\" decoding=\"async\" class=\"alignnone wp-image-12587\" src=\"https:\/\/tvsensor.com\/wp-content\/uploads\/2019\/09\/69688021_505920213557137_6709490793326837760_n-300x300.jpg\" alt=\"\" width=\"345\" height=\"345\" srcset=\"https:\/\/tvsensor.com\/wp-content\/uploads\/2019\/09\/69688021_505920213557137_6709490793326837760_n-300x300.jpg 300w, https:\/\/tvsensor.com\/wp-content\/uploads\/2019\/09\/69688021_505920213557137_6709490793326837760_n-150x150.jpg 150w, https:\/\/tvsensor.com\/wp-content\/uploads\/2019\/09\/69688021_505920213557137_6709490793326837760_n-768x768.jpg 768w, https:\/\/tvsensor.com\/wp-content\/uploads\/2019\/09\/69688021_505920213557137_6709490793326837760_n-75x75.jpg 75w, https:\/\/tvsensor.com\/wp-content\/uploads\/2019\/09\/69688021_505920213557137_6709490793326837760_n-750x750.jpg 750w, https:\/\/tvsensor.com\/wp-content\/uploads\/2019\/09\/69688021_505920213557137_6709490793326837760_n.jpg 960w\" sizes=\"auto, (max-width: 345px) 100vw, 345px\" \/><\/a><a href=\"https:\/\/test.bizbook.ba\/?fbclid=IwAR0PU_MlSO5RX0ccvbKmibw9nygnfkbxDho8o67r3DOeT3eb6gff1iRFMT8\"><img loading=\"lazy\" decoding=\"async\" class=\"alignnone wp-image-12585\" src=\"https:\/\/tvsensor.com\/wp-content\/uploads\/2019\/09\/69473336_1891987504237401_8289562897353277440_n-300x300.jpg\" alt=\"\" width=\"347\" height=\"347\" srcset=\"https:\/\/tvsensor.com\/wp-content\/uploads\/2019\/09\/69473336_1891987504237401_8289562897353277440_n-300x300.jpg 300w, https:\/\/tvsensor.com\/wp-content\/uploads\/2019\/09\/69473336_1891987504237401_8289562897353277440_n-150x150.jpg 150w, https:\/\/tvsensor.com\/wp-content\/uploads\/2019\/09\/69473336_1891987504237401_8289562897353277440_n-768x768.jpg 768w, https:\/\/tvsensor.com\/wp-content\/uploads\/2019\/09\/69473336_1891987504237401_8289562897353277440_n-75x75.jpg 75w, https:\/\/tvsensor.com\/wp-content\/uploads\/2019\/09\/69473336_1891987504237401_8289562897353277440_n-750x750.jpg 750w, https:\/\/tvsensor.com\/wp-content\/uploads\/2019\/09\/69473336_1891987504237401_8289562897353277440_n.jpg 960w\" sizes=\"auto, (max-width: 347px) 100vw, 347px\" \/><\/a><\/p>\n<p><strong>Grad partner <\/strong>sajma je <strong>Bjelovar <\/strong>koji \u0107e na sajmu predstaviti aktivnosti, projekte i privredu bjelovarskog podru\u010dja.<\/p>\n<p>U skladu sa razvojem novih sadr\u017eaja, organizatori sajma Privredna komora USK zajedno sa Razvojnom Agencijom USK, \u0107e prvi put omogu\u0107iti digitalizaciju EKOBIS-a u saradnji sa bosanskohercegova\u010dkom kompanijom Bizbook.ba, koja \u0107e svim izlaga\u010dima sajma omogu\u0107iti plasiranje svojih proizvoda likvidnim kompanijama na novou cijele zemlje. Bizbook.ba je doma\u0107i digitalni servis za privatni sektor, koji pru\u017ea realan prikaz tr\u017ei\u0161ta u vidu proizvoda i usluga koji se trenutno nalaze na tr\u017ei\u0161tu i koji su odmah dostupni, te pretragu i komunikaciju sa likvidnim kompanijama koje objavljuju svoje potra\u017enje i ponude, otvaraju\u0107i prostor za poslovnu saradnju. Ova kompanija sara\u0111uje i sa EEN (Enteprise Europe Network) \u010dije \u010dlanice objavljuju ponude i potra\u017enje za saradnjom kompanija iz cijelog svijeta.<\/p>\n<p>\u201cObzirom da smo do sada uradili digitalizaciju dva sajma privrede u BiH, sretni smo \u0161to nas asocijacije poput Privredne Komore USK i Razvojne Agencije USK, prepoznaju kao pouzdanog partnera. Mi smo mladi tim ljudi koji zajedno sa partnerima zastupa interese poslovne zajednice i olak\u0161ava im pristup pouzdanim poslovnim partnerima, ali i omogu\u0107ava svakodnevni pregled tr\u017ei\u0161ta.<\/p>\n<p>Na\u0161i korisnici izuzetno cijene prilike kao \u0161to je digitalni pristup sajmu na Bizbook.ba, jer ve\u0107ina njih zbog poslovnih obaveza nije u mogu\u0107nosti fizi\u010dki prisustvovati sajmu, ostvariti sajamske popuste i konekcije. Zadovoljstvo nam je biti digitalni partner 17. Me\u0111unarodnog sajma ekologije EKOBIS u Biha\u0107u i vjerujemo da \u0107emo pobolj\u0161ati poslovne rezultate sajma.\u201d izjavila je Erna \u0160o\u0161evi\u0107, osniva\u010dica i generalna direktorica Bizbook.ba<\/p>\n<p>Tema Me\u0111unarodne konferencije o regionalnoj saradnji bit \u0107e cirkularna ekonomija, s posebnim akcentom na poveznicu za\u0161tite okoli\u0161a i ekonomske dobiti. &#8220;Nastojat \u0107emo pribli\u017eiti ekonomiju i ekologiju, odnosno na\u0161e proizvo\u0111a\u010de upoznati i usmjeriti na kori\u0161tenje otpadnih materijala kao resursa. Naravno, to podrazumijeva i ekonomsku dobit, ali i za\u0161titu okoli\u0161a. Tome \u0107emo se zaista posvetiti na ovogodi\u0161njoj Me\u0111unarodnoj konferenciji&#8221;, naglasio je Ru\u017eni\u0107. EKOBIS je ve\u0107 17 godina istaknut kao brend Biha\u0107a i Unsko-sanskog kantona, koji ima bezrezervnu podr\u0161ku Kantonalne vlade i Gradske uprave.<\/p>\n<div id=\"lp-pom-text-12\" class=\"lp-element lp-pom-text nlh\">\n<p>POSTANITE DIO JEDINSTVENE MRE\u017dE FIRMI KOJE ZAJEDNI\u010cKI OSVAJAJU TR\u017dI\u0160TE<a href=\"https:\/\/test.bizbook.ba\/?fbclid=IwAR0PU_MlSO5RX0ccvbKmibw9nygnfkbxDho8o67r3DOeT3eb6gff1iRFMT8\"> OVDJE.<\/a><\/p>\n<\/div>\n","protected":false},"excerpt":{"rendered":"<p>Organizatori prvog Me\u0111unarodnog sajma ekologije EKOBIS u Biha\u0107u 2002 godine, Rukovodstvo Privredne komore USK nije moglo naslutiti da \u0107e taj doga\u0111aj 17. godina kasnije postati jedan od najzna\u010dajnijih sajmova te tematike na podru\u010dju jugoisto\u010dne Evrope. Ove godine, EKOBIS sedamnaesti put je centar promocije odr\u017eivog razvoja i zdravog na\u010dina \u017eivljenja kori\u0161tenjem ekolo\u0161ki prihvatljivih proizvoda, \u0161to rezultira [&hellip;]<\/p>\n","protected":false},"author":59,"featured_media":12586,"comment_status":"open","ping_status":"closed","sticky":false,"template":"","format":"standard","meta":{"inline_featured_image":false,"footnotes":""},"categories":[43,42],"tags":[],"class_list":{"0":"post-12584","1":"post","2":"type-post","3":"status-publish","4":"format-standard","5":"has-post-thumbnail","7":"category-bih","8":"category-ekonomija"},"acf":[],"_links":{"self":[{"href":"https:\/\/tvsensor.com\/api\/wp\/v2\/posts\/12584","targetHints":{"allow":["GET"]}}],"collection":[{"href":"https:\/\/tvsensor.com\/api\/wp\/v2\/posts"}],"about":[{"href":"https:\/\/tvsensor.com\/api\/wp\/v2\/types\/post"}],"author":[{"embeddable":true,"href":"https:\/\/tvsensor.com\/api\/wp\/v2\/users\/59"}],"replies":[{"embeddable":true,"href":"https:\/\/tvsensor.com\/api\/wp\/v2\/comments?post=12584"}],"version-history":[{"count":2,"href":"https:\/\/tvsensor.com\/api\/wp\/v2\/posts\/12584\/revisions"}],"predecessor-version":[{"id":12589,"href":"https:\/\/tvsensor.com\/api\/wp\/v2\/posts\/12584\/revisions\/12589"}],"wp:featuredmedia":[{"embeddable":true,"href":"https:\/\/tvsensor.com\/api\/wp\/v2\/media\/12586"}],"wp:attachment":[{"href":"https:\/\/tvsensor.com\/api\/wp\/v2\/media?parent=12584"}],"wp:term":[{"taxonomy":"category","embeddable":true,"href":"https:\/\/tvsensor.com\/api\/wp\/v2\/categories?post=12584"},{"taxonomy":"post_tag","embeddable":true,"href":"https:\/\/tvsensor.com\/api\/wp\/v2\/tags?post=12584"}],"curies":[{"name":"wp","href":"https:\/\/api.w.org\/{rel}","templated":true}]}}