{"id":12572,"date":"2019-09-05T09:05:58","date_gmt":"2019-09-05T09:05:58","guid":{"rendered":"https:\/\/senzor.ba\/?p=12572"},"modified":"2024-01-15T21:45:51","modified_gmt":"2024-01-15T20:45:51","slug":"izetbegovic-dodik-se-mora-nauciti-ponasanju-vec-imamo-drugog-partnera","status":"publish","type":"post","link":"https:\/\/tvsensor.com\/clanak\/izetbegovic-dodik-se-mora-nauciti-ponasanju-vec-imamo-drugog-partnera\/","title":{"rendered":"Izetbegovi\u0107: Dodik se mora nau\u010diti pona\u0161anju, ve\u0107 imamo drugog partnera"},"content":{"rendered":"<div class=\"single-intro\">\n<p>Jednomjese\u010dni rok za formiranje novog saziva Vije\u0107a ministara BiH, na koji su se lideri SDA, HDZ-a i SNSD-a Bakir Izetbegovi\u0107, Dragan \u010covi\u0107 i Milorad Dodik obavezali potpisanim sporazumom, istje\u010de danas.<\/p>\n<\/div>\n<div class=\"single-text\">\n<p>No, zbog trzavica u vezi s Godi\u0161njim nacionalnim programom (ANP), \u010dlanovi Predsjedni\u0161tva BiH nisu u predvi\u0111enom roku imenovali mandatara Zorana Tegeltiju.<\/p>\n<p>Bakir Izetbegovi\u0107, lider SDA, rekao je za \u201eDnevni avaz&#8221; da, \u0161to se ti\u010de SDA, ne vide alternativu nastavku pregovora i tra\u017eenju kompromisa.<\/p>\n<p>&#8211; Ali, ne znam \u0161ta planiraju Dodik i SNSD. Bilo je s njihove strane ultimatuma, blokada, prijetnji daljnjim zao\u0161travanjem, produbljivanjem krize, \u010dak i vra\u0107anjem nadle\u017enosti. Nadam se da \u0107e se urazumiti i odustati od takvih scenarija. Ali, nije nemogu\u0107e, \u010dak je i vjerovatno, da \u0107e prije ili kasnije isprobati dio plana kojim nam se prijeti. Trebamo biti spremni na sve &#8211; ka\u017ee Izetbegovi\u0107 i dodaje da se zemlje garanti Dejtonskog sporazuma moraju kona\u010dno razbuditi i osmisliti reakciju na eventualni napad na Mirovni sporazum i stabilnost BiH i regiona.<\/p>\n<p>Na pitanje ho\u0107e li u narednim danima biti nastavljeni razgovori lidera kako bi se ova situacija razrije\u0161ila, on je odgovorio da, \u0161to se njega ti\u010de, oni \u201emogu biti nastavljeni i danas.&#8221;<\/p>\n<p>&#8211; Neki veoma utjecajni predstavnici me\u0111unarodne zajednice ovih dana intenzivno rade na tome &#8211; tvrdi Izetbegovi\u0107.<\/p>\n<p>On je odgovorio i na pitanje \u0161ta \u0107e se desiti ako Dodik nastavi s opstrukcijama i ho\u0107e li SDA tra\u017eiti drugog partnera.<\/p>\n<p>&#8211; Ve\u0107 ga imamo. U Vije\u0107u ministara dosta dobro funkcioni\u0161emo sa\u00a0SDS-om i PDP-om. I tako \u0107emo nastaviti dok ne do\u0111e do sazrijevanja u SNSD-u. Dodik je navikao da dominira, da se pred njim drugi povla\u010de. S nama ne\u0107e mo\u0107i tako, mi smo korektni i dobronamjerni partneri, ali se nikada i ni pred kim nismo povukli. Nije nam to u politi\u010dkom genu, ne umijemo to. Morat \u0107e se Dodik nau\u010diti pona\u0161anju. Prije svega po\u0161tovanju, po\u0161tovanju Ustava, zakona, partnera, kom\u0161ija &#8211; kazao je Izetbegovi\u0107 za &#8220;Avaz&#8221;.<\/p>\n<\/div>\n","protected":false},"excerpt":{"rendered":"<p>Jednomjese\u010dni rok za formiranje novog saziva Vije\u0107a ministara BiH, na koji su se lideri SDA, HDZ-a i SNSD-a Bakir Izetbegovi\u0107, Dragan \u010covi\u0107 i Milorad Dodik obavezali potpisanim sporazumom, istje\u010de danas. No, zbog trzavica u vezi s Godi\u0161njim nacionalnim programom (ANP), \u010dlanovi Predsjedni\u0161tva BiH nisu u predvi\u0111enom roku imenovali mandatara Zorana Tegeltiju. Bakir Izetbegovi\u0107, lider SDA, [&hellip;]<\/p>\n","protected":false},"author":59,"featured_media":12577,"comment_status":"open","ping_status":"closed","sticky":false,"template":"","format":"standard","meta":{"inline_featured_image":false,"footnotes":""},"categories":[234],"tags":[],"class_list":{"0":"post-12572","1":"post","2":"type-post","3":"status-publish","4":"format-standard","5":"has-post-thumbnail","7":"category-politika"},"acf":[],"_links":{"self":[{"href":"https:\/\/tvsensor.com\/api\/wp\/v2\/posts\/12572","targetHints":{"allow":["GET"]}}],"collection":[{"href":"https:\/\/tvsensor.com\/api\/wp\/v2\/posts"}],"about":[{"href":"https:\/\/tvsensor.com\/api\/wp\/v2\/types\/post"}],"author":[{"embeddable":true,"href":"https:\/\/tvsensor.com\/api\/wp\/v2\/users\/59"}],"replies":[{"embeddable":true,"href":"https:\/\/tvsensor.com\/api\/wp\/v2\/comments?post=12572"}],"version-history":[{"count":1,"href":"https:\/\/tvsensor.com\/api\/wp\/v2\/posts\/12572\/revisions"}],"predecessor-version":[{"id":12574,"href":"https:\/\/tvsensor.com\/api\/wp\/v2\/posts\/12572\/revisions\/12574"}],"wp:featuredmedia":[{"embeddable":true,"href":"https:\/\/tvsensor.com\/api\/wp\/v2\/media\/12577"}],"wp:attachment":[{"href":"https:\/\/tvsensor.com\/api\/wp\/v2\/media?parent=12572"}],"wp:term":[{"taxonomy":"category","embeddable":true,"href":"https:\/\/tvsensor.com\/api\/wp\/v2\/categories?post=12572"},{"taxonomy":"post_tag","embeddable":true,"href":"https:\/\/tvsensor.com\/api\/wp\/v2\/tags?post=12572"}],"curies":[{"name":"wp","href":"https:\/\/api.w.org\/{rel}","templated":true}]}}