{"id":12563,"date":"2019-09-05T08:56:34","date_gmt":"2019-09-05T08:56:34","guid":{"rendered":"https:\/\/senzor.ba\/?p=12563"},"modified":"2024-01-15T21:45:52","modified_gmt":"2024-01-15T20:45:52","slug":"u-bih-najvise-prvacica-upisano-u-skole-na-podrucju-sarajevske-opcine-novi-grad","status":"publish","type":"post","link":"https:\/\/tvsensor.com\/clanak\/u-bih-najvise-prvacica-upisano-u-skole-na-podrucju-sarajevske-opcine-novi-grad\/","title":{"rendered":"U BiH najvi\u0161e prva\u010di\u0107a upisano u \u0161kole na podru\u010dju sarajevske op\u0107ine Novi Grad"},"content":{"rendered":"<p class=\"story-lead\">Op\u0107ina Novi Grad Sarajevo priredila je zabavu uz poklone za vi\u0161e od 1.300 mali\u0161ana upisanih u prvi razred petnaest novogradskih osnovnih \u0161kola. Kulturno &#8211; zabavna manifestacija pod nazivom \u201ePrva\u010di\u0107i, sretno!\u201c odr\u017eana je na stadionu u Centru \u201eSafet Zajko\u201c, gdje su veseli mali\u0161ani, njihovi roditelji, dede, nane i nastavnici prisustvovali zabavno &#8211; edukativnom programu koji je prire\u0111en povodom polaska u \u0161kolu.<\/p>\n<p>Uz muzi\u010dke interpretacije Mravko &#8211; Travko, djeca su se veselila i plesala zajedno s omiljenim likovima iz crti\u0107a, a ovo nesvakida\u0161nje dru\u017eenje sa vr\u0161njacima djeci \u0107e ostati u lijepom sje\u0107anju. Tom prilikom darovani su im i anatomski ruksaci sa \u0161kolskim priborom, a sretan i uspje\u0161an po\u010detak \u0161kolovanja po\u017eelio im je na\u010delnik Op\u0107ine Novi Grad Sarajevo Semir Efendi\u0107.<\/p>\n<section id=\"PhotoGallery_1bef8020-f29f-4324-a08d-3dc2f5c580cf\" class=\"gallery royalSlider rsDefault js_gallery js-prevent-page-scroll rsHor rsWithThumbs rsWithThumbsHor\">\n<div class=\"rsOverflow grab-cursor\">\n<div class=\"rsContainer\">\n<div class=\"rsSlide \"><img decoding=\"async\" src=\"https:\/\/ba.n1info.com\/Picture\/265465\/jpeg\/D61_3278.jpg\" \/><\/div>\n<div>\n<p>Ponosan na \u010dinjenicu \u0161to je broj djece upisane u prvi razred osnovnih \u0161kola na podru\u010dju Novog Grada najve\u0107i u Bosni i Hercegovini, na\u010delnik \u00a0Efendi\u0107 je ovom prilikom kazao da odavno nije prisustvovao ljep\u0161oj manifestaciji i ugodnijem ambijentu, gdje je uprili\u010den prijem za vi\u0161e od 1.300 mali\u0161ana.<\/p>\n<p><strong>&#8220;Mislim da u Bosni i Hercegovini ni u jednom mjestu nije upisano toliko djece kao u op\u0107ini Novi Grad, \u0161to me zaista \u010dini radosnim. Darovali smo ih skromnim poklonima, ali tu smo da ih pratimo kroz njihov \u017eivot, kroz realizaciju brojnih projekata. Trudimo se da popravljamo obdani\u0161ta, gradimo igrali\u0161ta, a u saradnji sa na\u0161ih 15 osnovnih \u0161kola u kojima gradimo sportske dvorane, obnavljamo u\u010dionice, organiziramo i \u0161kolska takmi\u010denja. Mi \u017eivimo zajedno sa svojih 15 osnovnih \u0161kola&#8221;,<\/strong>\u00a0kazao je na\u010delnik u obra\u0107anju prisutnima, isti\u010du\u0107i da je najljep\u0161i dio \u017eivota upravo onaj koji je vezan za na\u0161e najmla\u0111e i da ovog momenta vi\u0161e od 11.000 u\u010denika poha\u0111a osnovne \u0161kole u Novom Gradu.<\/p>\n<p><strong>&#8220;Volio bih da ova lijepa slika bude motiv onima koji ponekad ka\u017eu da ovdje nema budu\u0107nosti. Tamo gdje imamo 1.300 prva\u010di\u0107a sigurno ima i budu\u0107nosti&#8221;,<\/strong>\u00a0poru\u010dio je op\u0107inski na\u010delnik Semir Efendi\u0107, saop\u0107ila je Press slu\u017eba Novog Grada.<\/p>\n<\/div>\n<\/div>\n<\/div>\n<\/section>\n","protected":false},"excerpt":{"rendered":"<p>Op\u0107ina Novi Grad Sarajevo priredila je zabavu uz poklone za vi\u0161e od 1.300 mali\u0161ana upisanih u prvi razred petnaest novogradskih osnovnih \u0161kola. Kulturno &#8211; zabavna manifestacija pod nazivom \u201ePrva\u010di\u0107i, sretno!\u201c odr\u017eana je na stadionu u Centru \u201eSafet Zajko\u201c, gdje su veseli mali\u0161ani, njihovi roditelji, dede, nane i nastavnici prisustvovali zabavno &#8211; edukativnom programu koji je [&hellip;]<\/p>\n","protected":false},"author":59,"featured_media":12564,"comment_status":"open","ping_status":"closed","sticky":false,"template":"","format":"standard","meta":{"inline_featured_image":false,"footnotes":""},"categories":[52],"tags":[],"class_list":{"0":"post-12563","1":"post","2":"type-post","3":"status-publish","4":"format-standard","5":"has-post-thumbnail","7":"category-obrazovanje"},"acf":[],"_links":{"self":[{"href":"https:\/\/tvsensor.com\/api\/wp\/v2\/posts\/12563","targetHints":{"allow":["GET"]}}],"collection":[{"href":"https:\/\/tvsensor.com\/api\/wp\/v2\/posts"}],"about":[{"href":"https:\/\/tvsensor.com\/api\/wp\/v2\/types\/post"}],"author":[{"embeddable":true,"href":"https:\/\/tvsensor.com\/api\/wp\/v2\/users\/59"}],"replies":[{"embeddable":true,"href":"https:\/\/tvsensor.com\/api\/wp\/v2\/comments?post=12563"}],"version-history":[{"count":1,"href":"https:\/\/tvsensor.com\/api\/wp\/v2\/posts\/12563\/revisions"}],"predecessor-version":[{"id":12565,"href":"https:\/\/tvsensor.com\/api\/wp\/v2\/posts\/12563\/revisions\/12565"}],"wp:featuredmedia":[{"embeddable":true,"href":"https:\/\/tvsensor.com\/api\/wp\/v2\/media\/12564"}],"wp:attachment":[{"href":"https:\/\/tvsensor.com\/api\/wp\/v2\/media?parent=12563"}],"wp:term":[{"taxonomy":"category","embeddable":true,"href":"https:\/\/tvsensor.com\/api\/wp\/v2\/categories?post=12563"},{"taxonomy":"post_tag","embeddable":true,"href":"https:\/\/tvsensor.com\/api\/wp\/v2\/tags?post=12563"}],"curies":[{"name":"wp","href":"https:\/\/api.w.org\/{rel}","templated":true}]}}