{"id":12560,"date":"2019-09-05T08:45:49","date_gmt":"2019-09-05T08:45:49","guid":{"rendered":"https:\/\/senzor.ba\/?p=12560"},"modified":"2024-01-15T21:45:52","modified_gmt":"2024-01-15T20:45:52","slug":"djecaku-od-rodenja-ruka-paralizovana-pomozimo-6-godisnjem-adilu-da-ode-na-operaciju","status":"publish","type":"post","link":"https:\/\/tvsensor.com\/clanak\/djecaku-od-rodenja-ruka-paralizovana-pomozimo-6-godisnjem-adilu-da-ode-na-operaciju\/","title":{"rendered":"Dje\u010daku od ro\u0111enja ruka paralizovana: Pomozimo 6-godi\u0161njem Adilu da ode na operaciju"},"content":{"rendered":"<p>\u0160estogodi\u0161njem dje\u010daku Adilu Tarak\u010diji iz sela Maline kod Travnika potrebna je na\u0161a pomo\u0107 kako bi se kona\u010dno sa svojim sestrama i vr\u0161njacima mogao normalno igrati.<\/p>\n<p>Njegova majka je imala te\u017eak porod, prilikom kojeg su Adilu o\u0161te\u0107eni \u017eivci zbog \u010dega mu je desna ruka od ro\u0111enja paralizovana. Uprkos mjesecima provedenim u bolnicama i na fizioterapijama, dje\u010daku je i danas ruka potpuno nepokretna.<\/p>\n<p>Problem paralize bi jedino mogla rije\u0161iti operacija ruke od 8.000 KM koju njegovi roditelji nikada nisu mogli platiti. Adil je tre\u0107e dijete porodice Tarak\u010dija, a majka i otac su nezaposleni, te su bili prinu\u0111eni prodati gotovo svu stoku od koje su \u017eivjeli.<\/p>\n<p>Otac radi povremene sezonske poslove, te sa najminimalnijim primanjima porodica Tarak\u010dija sama ne mo\u017ee priu\u0161titi da dje\u010dak ode na operaciju u Fo\u010du, kako bi kona\u010dno mogao po\u010deti koristiti svoju desnu ruku. Za porodicu Tarak\u010dija 8.000 KM je ogromna svota novca, ali ako budemo djelovali zajedno i svi donirali barem koju marku, vrlo lako \u0107emo skupiti potrebni iznos!<\/p>\n<p>Adila bi najvi\u0161e usre\u0107ilo kada bi sam, bez pomo\u0107i roditelja, mogao obavljati svakodnevne aktivnosti i igrati se sa drugom djecom, zato pozivamo sve ljude dobre volje da zajedno pomognemo u ispunjenju njegove \u017eelje.<\/p>\n<p>Pozivom na broj 17012 za Adila mo\u017eete donirati 2 KM, ili izvr\u0161iti uplatu putem na\u0161ih ra\u010duna:<\/p>\n<p style=\"text-align: center;\"><strong>\u017diro ra\u010dun: INTESA SANPAOLO BANKA dd Sarajevo: 154-180-200-8533048 <\/strong><\/p>\n<p style=\"text-align: center;\"><strong>PayPal: paypal1@pomozi.ba <\/strong><\/p>\n<p style=\"text-align: center;\"><strong>Za nov\u010dane uplate iz BiH: <\/strong><\/p>\n<p style=\"text-align: center;\"><strong>Intesa Sanpaolo Bank BiH <\/strong><\/p>\n<p style=\"text-align: center;\"><strong>154-180-20085330-48 <\/strong><\/p>\n<p style=\"text-align: center;\"><strong>Za nov\u010dane uplate iz inostranstva: <\/strong><\/p>\n<p style=\"text-align: center;\"><strong>Banks name: Intesa Sanpaolo Banka BiH <\/strong><\/p>\n<p style=\"text-align: center;\"><strong>SWIFT CODE: UPBKBA22 <\/strong><\/p>\n<p style=\"text-align: center;\"><strong>IBAN: BA39 1541802008533048 <\/strong><\/p>\n<p style=\"text-align: center;\"><strong>Primalac: Udru\u017eenje \u201cPomozi.ba\u201d, dr. Fetaha Be\u0107irbegovi\u0107a br. 8, 71000 Sarajevo <\/strong><\/p>\n<p style=\"text-align: center;\"><strong>Svrha: Adil Tarak\u010dija <\/strong><\/p>\n<p style=\"text-align: center;\"><strong>Za nov\u010dane uplate na ra\u010dun na\u0161e organizacije u Austriji: <\/strong><\/p>\n<p style=\"text-align: center;\"><strong>Name: hilfhelfen-pomozi.ba <\/strong><\/p>\n<p style=\"text-align: center;\"><strong>Verwendungszweck: Adil Tarak\u010dija <\/strong><\/p>\n<p style=\"text-align: center;\"><strong>ERSTE BANK <\/strong><\/p>\n<p style=\"text-align: center;\"><strong>IBAN: AT64 2011182266475400 <\/strong><\/p>\n<p style=\"text-align: center;\"><strong>BIC: GIBAATWWXXX <\/strong><\/p>\n<p style=\"text-align: center;\"><strong>Wien, Oestereich<\/strong><\/p>\n","protected":false},"excerpt":{"rendered":"<p>\u0160estogodi\u0161njem dje\u010daku Adilu Tarak\u010diji iz sela Maline kod Travnika potrebna je na\u0161a pomo\u0107 kako bi se kona\u010dno sa svojim sestrama i vr\u0161njacima mogao normalno igrati. Njegova majka je imala te\u017eak porod, prilikom kojeg su Adilu o\u0161te\u0107eni \u017eivci zbog \u010dega mu je desna ruka od ro\u0111enja paralizovana. Uprkos mjesecima provedenim u bolnicama i na fizioterapijama, dje\u010daku [&hellip;]<\/p>\n","protected":false},"author":59,"featured_media":12561,"comment_status":"open","ping_status":"closed","sticky":false,"template":"","format":"standard","meta":{"inline_featured_image":false,"footnotes":""},"categories":[38],"tags":[],"class_list":{"0":"post-12560","1":"post","2":"type-post","3":"status-publish","4":"format-standard","5":"has-post-thumbnail","7":"category-vijesti-iz-bih"},"acf":[],"_links":{"self":[{"href":"https:\/\/tvsensor.com\/api\/wp\/v2\/posts\/12560","targetHints":{"allow":["GET"]}}],"collection":[{"href":"https:\/\/tvsensor.com\/api\/wp\/v2\/posts"}],"about":[{"href":"https:\/\/tvsensor.com\/api\/wp\/v2\/types\/post"}],"author":[{"embeddable":true,"href":"https:\/\/tvsensor.com\/api\/wp\/v2\/users\/59"}],"replies":[{"embeddable":true,"href":"https:\/\/tvsensor.com\/api\/wp\/v2\/comments?post=12560"}],"version-history":[{"count":1,"href":"https:\/\/tvsensor.com\/api\/wp\/v2\/posts\/12560\/revisions"}],"predecessor-version":[{"id":12562,"href":"https:\/\/tvsensor.com\/api\/wp\/v2\/posts\/12560\/revisions\/12562"}],"wp:featuredmedia":[{"embeddable":true,"href":"https:\/\/tvsensor.com\/api\/wp\/v2\/media\/12561"}],"wp:attachment":[{"href":"https:\/\/tvsensor.com\/api\/wp\/v2\/media?parent=12560"}],"wp:term":[{"taxonomy":"category","embeddable":true,"href":"https:\/\/tvsensor.com\/api\/wp\/v2\/categories?post=12560"},{"taxonomy":"post_tag","embeddable":true,"href":"https:\/\/tvsensor.com\/api\/wp\/v2\/tags?post=12560"}],"curies":[{"name":"wp","href":"https:\/\/api.w.org\/{rel}","templated":true}]}}