{"id":12555,"date":"2019-09-04T08:45:53","date_gmt":"2019-09-04T08:45:53","guid":{"rendered":"https:\/\/senzor.ba\/?p=12555"},"modified":"2024-01-15T21:45:52","modified_gmt":"2024-01-15T20:45:52","slug":"ivana-maric-dodika-ne-treba-shvatati-ozbiljno-on-ublazava-svoj-poraz","status":"publish","type":"post","link":"https:\/\/tvsensor.com\/clanak\/ivana-maric-dodika-ne-treba-shvatati-ozbiljno-on-ublazava-svoj-poraz\/","title":{"rendered":"Ivana Mari\u0107: Dodika ne treba shvatati ozbiljno, on ubla\u017eava svoj poraz"},"content":{"rendered":"<p>&#8220;Vi\u0161e nego je o\u010dito da Dodik mijenja svoju politiku nakon potpisanog sporazuma o formiranju vlasti. Tih dana tvrdio je da \u0107e povu\u0107i radikalne poteze, me\u0111utim kako se pribli\u017eava rok\u00a0 5.septembra vidimo da se povla\u010di i odustaje od svojih namjera&#8221; &#8211; govori <strong>Mari\u0107.\u00a0<\/strong><\/p>\n<p>Podsjetimo,\u00a0 Dodik je\u00a0 za &#8220;Ruski reporter&#8221; rekao da je daleko od realnosti mogu\u0107nost da BiH uvede sankcije Rusiji, te da bi on odbio \u010dlanstvo u EU ako bi to bio uvjet ulaska u Uniju.\u00a0On je dodao da je ruska pozicija prema BiH principijelna, da Moskva po\u0161tuje me\u0111unarodno pravo, \u0161to RS daje odre\u0111enu sigurnost, po\u0161to Zapad stalno kr\u0161i me\u0111unarodno pravo.<\/p>\n<p>&#8220;Posebno nakon razgovora sa ruskim ambasadorom vidimo potpuno povla\u010denje i da \u0107e to umjesto povla\u010denja nadle\u017enosti BiH od strane RS-a biti prije svega\u00a0 neki politi\u010dki stav. Da bi ubla\u017eio to svoje povla\u010denje, to jeste svoj poraz Dodik je povukao pri\u010du da bi zbog Rusije odustao od EU iako to Rusija od njega i ne tra\u017ei, ali jednostavno da bi ubla\u017eio svoj poraz morao je ne\u0161to drugo radikalno da izjavi&#8221; &#8211; nastavlja Ivana.<\/p>\n<p>Osim toga istakla je i to\u00a0kako njegovu izjavu ne treba shvatati ozbiljno.<\/p>\n<p>face.ba<\/p>\n","protected":false},"excerpt":{"rendered":"<p>&#8220;Vi\u0161e nego je o\u010dito da Dodik mijenja svoju politiku nakon potpisanog sporazuma o formiranju vlasti. Tih dana tvrdio je da \u0107e povu\u0107i radikalne poteze, me\u0111utim kako se pribli\u017eava rok\u00a0 5.septembra vidimo da se povla\u010di i odustaje od svojih namjera&#8221; &#8211; govori Mari\u0107.\u00a0 Podsjetimo,\u00a0 Dodik je\u00a0 za &#8220;Ruski reporter&#8221; rekao da je daleko od realnosti mogu\u0107nost [&hellip;]<\/p>\n","protected":false},"author":59,"featured_media":12557,"comment_status":"open","ping_status":"closed","sticky":false,"template":"","format":"standard","meta":{"inline_featured_image":false,"footnotes":""},"categories":[234],"tags":[],"class_list":{"0":"post-12555","1":"post","2":"type-post","3":"status-publish","4":"format-standard","5":"has-post-thumbnail","7":"category-politika"},"acf":[],"_links":{"self":[{"href":"https:\/\/tvsensor.com\/api\/wp\/v2\/posts\/12555","targetHints":{"allow":["GET"]}}],"collection":[{"href":"https:\/\/tvsensor.com\/api\/wp\/v2\/posts"}],"about":[{"href":"https:\/\/tvsensor.com\/api\/wp\/v2\/types\/post"}],"author":[{"embeddable":true,"href":"https:\/\/tvsensor.com\/api\/wp\/v2\/users\/59"}],"replies":[{"embeddable":true,"href":"https:\/\/tvsensor.com\/api\/wp\/v2\/comments?post=12555"}],"version-history":[{"count":2,"href":"https:\/\/tvsensor.com\/api\/wp\/v2\/posts\/12555\/revisions"}],"predecessor-version":[{"id":12559,"href":"https:\/\/tvsensor.com\/api\/wp\/v2\/posts\/12555\/revisions\/12559"}],"wp:featuredmedia":[{"embeddable":true,"href":"https:\/\/tvsensor.com\/api\/wp\/v2\/media\/12557"}],"wp:attachment":[{"href":"https:\/\/tvsensor.com\/api\/wp\/v2\/media?parent=12555"}],"wp:term":[{"taxonomy":"category","embeddable":true,"href":"https:\/\/tvsensor.com\/api\/wp\/v2\/categories?post=12555"},{"taxonomy":"post_tag","embeddable":true,"href":"https:\/\/tvsensor.com\/api\/wp\/v2\/tags?post=12555"}],"curies":[{"name":"wp","href":"https:\/\/api.w.org\/{rel}","templated":true}]}}