{"id":12552,"date":"2019-09-04T08:41:29","date_gmt":"2019-09-04T08:41:29","guid":{"rendered":"https:\/\/senzor.ba\/?p=12552"},"modified":"2024-01-15T21:45:52","modified_gmt":"2024-01-15T20:45:52","slug":"benzinom-zalili-skolarca-i-zapalili-ga-majka-u-soku-oni-su-cudovista","status":"publish","type":"post","link":"https:\/\/tvsensor.com\/clanak\/benzinom-zalili-skolarca-i-zapalili-ga-majka-u-soku-oni-su-cudovista\/","title":{"rendered":"Benzinom zalili \u0161kolarca i zapalili ga, majka u \u0161oku: Oni su \u010dudovi\u0161ta"},"content":{"rendered":"<p>Dje\u010dak je zadobio stravi\u010dne opekotine na 35 posto svog tijela nakon \u0161okantnog incidenta koji se dogodio u Dnjepru, \u010detvrtom najve\u0107em gradu u Ukrajini, pi\u0161e Daily Mail, prenosi Net.hr.<\/p>\n<p>Dje\u010dak se navodno igrao u dvori\u0161tu u blizini svog stambenog bloka kada su ga napali lokalni nasilnici koji su nekoliko godina stariji od njega. Huligani su pri\u0161li Kyrylu i natopili njegovu majicu benzinom te ga potom uz pomo\u0107 upalja\u010da zapalili. Dje\u010dakova odje\u0107a odmah se zapalila i pretvorila ga u ljudsku baktinju.<\/p>\n<p><strong>Smijali su se dok je gorio<\/strong><\/p>\n<p>Prestravljeno dijete palo je na zemlju vi\u010du\u0107i od bola dok su se napada\u010di smijali i pobjegli s mjesta doga\u0111aja, rekli su svjedoci. Neki su se prolaznici po\u017eurili pomo\u0107i dje\u010daku, uspjeli su skinuti njegovu goru\u0107u majicu i ugasiti vatru prije nego \u0161to su pozvali hitnu pomo\u0107.<\/p>\n<p>Potom je u kriti\u010dnom stanju hitno prevezen na intenzivnu njegu i te je odmah podvrgnut operacijama. Tokom operacija lije\u010dnici su uklonili mrlje o\u0161te\u0107ene ko\u017ee s glave, ruku, torza i bokova. Posljednjih deset dana lije\u010dnici su se borili za Kyryloov \u017eivot koji je jo\u0161 uvijek u opasnosti, pi\u0161e Daily Mail.<\/p>\n<ul>\n<li><em>Radimo sve \u0161to je u na\u0161oj mo\u0107i na pre\u017eivi. Pri svijesti je i mo\u017ee govoriti, ali njegove su povrede zaista te\u0161ke i \u017eivot mu je jo\u0161 uvijek ugro\u017een \u2013 rekao je za lokalne medije lije\u010dnik Artem Posunko.<\/em><\/li>\n<\/ul>\n<p>\u2018Oni nisu djeca, oni su \u010dudovi\u0161ta\u2019<\/p>\n<p>Kyrylova majka Eugenia Yatsun stalno je u bolnici uz svoga sina.<\/p>\n<ul>\n<li><em>Rekao mi je da su mu to napravili namjerno bez ikakvog razloga. Oni nisu djeca, oni su \u010dudovi\u0161ta.<\/em><\/li>\n<\/ul>\n<p>Policija je pokrenula krivi\u010dni postupak zbog nano\u0161enja te\u0161kih tjelesnih povreda. Napada\u010di su identificirani i detektivi s njima obavljaju razgovore. Glasnogovornica policije Anna Starchevskaya rekla je: \u201cOsumnji\u010deni ka\u017eu da nisu namjeravali zapaliti \u017ertvu i da je to bila nesre\u0107a. Istraga je u toku.\u201d<\/p>\n<p>Ako budu progla\u0161eni krivima, napada\u010di \u0107e biti smje\u0161teni u zatvoru za maloljetnike. Kyrylo \u0107e s druge strane provesti sljede\u0107a dva mjeseca u bolnici te ga \u010dekaju brojne operacije i dugi period rehabilitacije.<\/p>\n","protected":false},"excerpt":{"rendered":"<p>Dje\u010dak je zadobio stravi\u010dne opekotine na 35 posto svog tijela nakon \u0161okantnog incidenta koji se dogodio u Dnjepru, \u010detvrtom najve\u0107em gradu u Ukrajini, pi\u0161e Daily Mail, prenosi Net.hr. Dje\u010dak se navodno igrao u dvori\u0161tu u blizini svog stambenog bloka kada su ga napali lokalni nasilnici koji su nekoliko godina stariji od njega. Huligani su pri\u0161li [&hellip;]<\/p>\n","protected":false},"author":59,"featured_media":12553,"comment_status":"open","ping_status":"closed","sticky":false,"template":"","format":"standard","meta":{"inline_featured_image":false,"footnotes":""},"categories":[41],"tags":[],"class_list":{"0":"post-12552","1":"post","2":"type-post","3":"status-publish","4":"format-standard","5":"has-post-thumbnail","7":"category-svijet"},"acf":[],"_links":{"self":[{"href":"https:\/\/tvsensor.com\/api\/wp\/v2\/posts\/12552","targetHints":{"allow":["GET"]}}],"collection":[{"href":"https:\/\/tvsensor.com\/api\/wp\/v2\/posts"}],"about":[{"href":"https:\/\/tvsensor.com\/api\/wp\/v2\/types\/post"}],"author":[{"embeddable":true,"href":"https:\/\/tvsensor.com\/api\/wp\/v2\/users\/59"}],"replies":[{"embeddable":true,"href":"https:\/\/tvsensor.com\/api\/wp\/v2\/comments?post=12552"}],"version-history":[{"count":1,"href":"https:\/\/tvsensor.com\/api\/wp\/v2\/posts\/12552\/revisions"}],"predecessor-version":[{"id":12554,"href":"https:\/\/tvsensor.com\/api\/wp\/v2\/posts\/12552\/revisions\/12554"}],"wp:featuredmedia":[{"embeddable":true,"href":"https:\/\/tvsensor.com\/api\/wp\/v2\/media\/12553"}],"wp:attachment":[{"href":"https:\/\/tvsensor.com\/api\/wp\/v2\/media?parent=12552"}],"wp:term":[{"taxonomy":"category","embeddable":true,"href":"https:\/\/tvsensor.com\/api\/wp\/v2\/categories?post=12552"},{"taxonomy":"post_tag","embeddable":true,"href":"https:\/\/tvsensor.com\/api\/wp\/v2\/tags?post=12552"}],"curies":[{"name":"wp","href":"https:\/\/api.w.org\/{rel}","templated":true}]}}